{"id":505888,"date":"2025-11-02T02:59:12","date_gmt":"2025-11-02T02:59:12","guid":{"rendered":"https:\/\/www.europesays.com\/fr\/505888\/"},"modified":"2025-11-02T02:59:12","modified_gmt":"2025-11-02T02:59:12","slug":"du-sang-partout-une-attaque-au-couteau-fait-10-blesses-dans-un-train","status":"publish","type":"post","link":"https:\/\/www.europesays.com\/fr\/505888\/","title":{"rendered":"\u00ab\u00a0Du sang partout\u00a0\u00bb\u2026 Une attaque au couteau fait 10 bless\u00e9s dans un train"},"content":{"rendered":"<p>La violence a frapp\u00e9 samedi dans un train en direction de <a href=\"https:\/\/www.20minutes.fr\/monde\/royaume-uni\/4182187-20251029-royaume-uni-acte-violence-insense-attaque-couteau-fait-mort-deux-blesses-ouest-londres\" target=\"_blank\" class=\"c-link c-link--is-underlined\" rel=\"noopener\">Londres<\/a> dans l\u2019est de l\u2019Angleterre. Dix personnes ont \u00e9t\u00e9 hospitalis\u00e9es, dont neuf \u00ab\u00a0pourraient \u00eatre en danger de mort\u00a0\u00bb, apr\u00e8s une attaque \u00e0 l\u2019arme blanche, selon la police qui a arr\u00eat\u00e9 deux personnes.<\/p>\n<p>Les forces de l\u2019ordre ont \u00e9t\u00e9 alert\u00e9es d\u2019un incident \u00e0 bord d\u2019un train vers 19h40, suite au d\u00e9clenchement du syst\u00e8me d\u2019alarme, et sont intervenues en gare d\u2019Huntingdon, situ\u00e9e dans la r\u00e9gion de la ville universitaire de Cambridge, \u00e0 environ 120 kilom\u00e8tres au nord de la capitale.<\/p>\n<p>Une attaque \u00ab\u00a0extr\u00eamement pr\u00e9occupante\u00a0\u00bb, selon Keir Starmer<\/p>\n<p>\u00ab\u00a0L\u2019attaque a \u00e9t\u00e9 d\u00e9clar\u00e9e incident majeur et la police <a href=\"https:\/\/www.20minutes.fr\/monde\/syrie\/4180863-20251022-syrie-affrontements-encerclement-passe-abords-camp-djihadistes-francais-idleb\" target=\"_blank\" class=\"c-link c-link--is-underlined\" rel=\"noopener\">antiterroriste<\/a> aide \u00e0 l\u2019enqu\u00eate pendant que nous travaillons \u00e0 \u00e9tablir toutes les circonstances de l\u2019incident\u00a0\u00bb, a ajout\u00e9 la police des transports. Aucune pr\u00e9cision n\u2019a \u00e9t\u00e9 donn\u00e9e dans l\u2019imm\u00e9diat sur l\u2019identit\u00e9 des victimes ni sur celle des suspects.<\/p>\n<\/p>\n<p>La police avait pr\u00e9c\u00e9demment indiqu\u00e9 que \u00ab\u00a0plusieurs personnes avaient \u00e9t\u00e9 poignard\u00e9es\u00a0\u00bb et \u00ab\u00a0deux personnes arr\u00eat\u00e9es\u00a0\u00bb pour cette attaque qualifi\u00e9e \u00ab\u00a0d\u2019extr\u00eamement pr\u00e9occupante\u00a0\u00bb par <a href=\"https:\/\/www.20minutes.fr\/monde\/royaume-uni\/4176570-20251002-royaume-uni-presse-extreme-droite-keir-starmer-va-mettre-fin-regroupement-familial\" target=\"_blank\" class=\"c-link c-link--is-underlined\" rel=\"noopener\">le Premier ministre Keir Starmer<\/a>.<\/p>\n<p>Des passagers r\u00e9fugi\u00e9s dans les toilettes<\/p>\n<p>Des t\u00e9moins interrog\u00e9s par le journal The Times ont indiqu\u00e9 avoir vu un homme arm\u00e9 d\u2019un grand couteau et des passagers se cacher dans les toilettes du train pour se prot\u00e9ger. Un t\u00e9moin cit\u00e9 par plusieurs m\u00e9dias a indiqu\u00e9 avoir vu un homme courir dans le wagon, le bras ensanglant\u00e9, en criant\u00a0: \u00ab\u00a0Ils ont un couteau\u00a0!\u00a0\u00bb. Un autre a rapport\u00e9 avoir vu \u00ab\u00a0du sang partout\u00a0\u00bb.<\/p>\n<p><a href=\"https:\/\/www.20minutes.fr\/monde\/royaume-uni\/\" target=\"_blank\" class=\"c-link c-btn c-btn--primary\" rel=\"noopener\">Notre dossier sur le Royaume-Uni<\/a><\/p>\n<p>Le train o\u00f9 s\u2019est produit l\u2019attaque \u00e9tait parti \u00e0 18h25 de la ville de Doncaster (nord de l\u2019Angleterre), avec pour destination la gare londonienne de King\u2019s Cross, a pr\u00e9cis\u00e9 la British Transport Police. La compagnie ferroviaire London North Eastern Railway (LNER), qui exploite des liaisons ferroviaires dans l\u2019est de l\u2019Angleterre et en \u00c9cosse, a appel\u00e9 les voyageurs \u00e0 \u00e9viter tout d\u00e9placement, pr\u00e9voyant des \u00ab\u00a0perturbations majeures\u00a0\u00bb.<\/p>\n<p>Dans un pays o\u00f9 la l\u00e9gislation sur les armes \u00e0 feu est tr\u00e8s stricte, les violences \u00e0 l\u2019arme blanche ont fortement augment\u00e9 ces quinze derni\u00e8res ann\u00e9es en Angleterre et au Pays de Galles, selon des chiffres officiels. Le Premier ministre a qualifi\u00e9 par le pass\u00e9 la situation de \u00ab\u00a0crise nationale\u00a0\u00bb. Son gouvernement a pris plusieurs mesures pour durcir l\u2019acc\u00e8s aux armes blanches depuis son arriv\u00e9e au pouvoir en juillet\u00a02024. Pr\u00e8s de 60.000 d\u2019entre elles ont \u00e9t\u00e9 saisies ou r\u00e9cup\u00e9r\u00e9es par la police en dix ans, avait d\u2019ailleurs indiqu\u00e9 mercredi la ministre de l\u2019Int\u00e9rieur Shabana Mahmood. La ministre s\u2019est dite samedi soir \u00ab\u00a0profond\u00e9ment attrist\u00e9e\u00a0\u00bb sur X par l\u2019attaque dans le Cambridgeshire, confirmant l\u2019arrestation de deux suspects.<\/p>\n","protected":false},"excerpt":{"rendered":"La violence a frapp\u00e9 samedi dans un train en direction de Londres dans l\u2019est de l\u2019Angleterre. Dix personnes&hellip;\n","protected":false},"author":2,"featured_media":505889,"comment_status":"","ping_status":"","sticky":false,"template":"","format":"standard","meta":{"footnotes":""},"categories":[1588],"tags":[47,11,4708,7623,1777,674,4534,74,12,473,1853,1254,1851,1850,1852,133],"class_list":{"0":"post-505888","1":"post","2":"type-post","3":"status-publish","4":"format-standard","5":"has-post-thumbnail","7":"category-royaume-uni","8":"tag-actualite","9":"tag-actualites","10":"tag-angleterre","11":"tag-coup-de-couteau","12":"tag-eu","13":"tag-europe","14":"tag-londres","15":"tag-monde","16":"tag-news","17":"tag-royaume-uni","18":"tag-royaume-uni-de-grande-bretagne-et-dirlande-du-nord","19":"tag-terrorisme","20":"tag-uk","21":"tag-united-kingdom","22":"tag-united-kingdom-of-great-britain-and-northern-ireland","23":"tag-video"},"share_on_mastodon":{"url":"https:\/\/pubeurope.com\/@fr\/115477870304469946","error":""},"_links":{"self":[{"href":"https:\/\/www.europesays.com\/fr\/wp-json\/wp\/v2\/posts\/505888","targetHints":{"allow":["GET"]}}],"collection":[{"href":"https:\/\/www.europesays.com\/fr\/wp-json\/wp\/v2\/posts"}],"about":[{"href":"https:\/\/www.europesays.com\/fr\/wp-json\/wp\/v2\/types\/post"}],"author":[{"embeddable":true,"href":"https:\/\/www.europesays.com\/fr\/wp-json\/wp\/v2\/users\/2"}],"replies":[{"embeddable":true,"href":"https:\/\/www.europesays.com\/fr\/wp-json\/wp\/v2\/comments?post=505888"}],"version-history":[{"count":0,"href":"https:\/\/www.europesays.com\/fr\/wp-json\/wp\/v2\/posts\/505888\/revisions"}],"wp:featuredmedia":[{"embeddable":true,"href":"https:\/\/www.europesays.com\/fr\/wp-json\/wp\/v2\/media\/505889"}],"wp:attachment":[{"href":"https:\/\/www.europesays.com\/fr\/wp-json\/wp\/v2\/media?parent=505888"}],"wp:term":[{"taxonomy":"category","embeddable":true,"href":"https:\/\/www.europesays.com\/fr\/wp-json\/wp\/v2\/categories?post=505888"},{"taxonomy":"post_tag","embeddable":true,"href":"https:\/\/www.europesays.com\/fr\/wp-json\/wp\/v2\/tags?post=505888"}],"curies":[{"name":"wp","href":"https:\/\/api.w.org\/{rel}","templated":true}]}}