{"id":505892,"date":"2025-11-02T03:01:22","date_gmt":"2025-11-02T03:01:22","guid":{"rendered":"https:\/\/www.europesays.com\/fr\/505892\/"},"modified":"2025-11-02T03:01:22","modified_gmt":"2025-11-02T03:01:22","slug":"la-vienne-a-brille-aux-championnats-deurope-masters-dathletisme","status":"publish","type":"post","link":"https:\/\/www.europesays.com\/fr\/505892\/","title":{"rendered":"La Vienne a brill\u00e9 aux championnats d\u2019Europe masters d\u2019athl\u00e9tisme"},"content":{"rendered":"<p>Plusieurs athl\u00e8tes de la Vienne ont particip\u00e9 aux championnats d\u2019Europe Masters qui se sont d\u00e9roul\u00e9s du 9 au 19\u00a0octobre 2025 \u00e0 Mad\u00e8re, au Portugal. Ils \u00e9taient notamment quatre de l\u2019Entente Athl\u00e9tique du Pays Ch\u00e2telleraudais, dont Karine Morin-Blottin qui est all\u00e9e glaner le titre europ\u00e9en en F50 \u00e0 la longueur, au 4e\u00a0essai, avec un saut \u00e0 5\u00a0m.\u00a0Auparavant, elle s\u2019\u00e9tait align\u00e9e sur le &#8230; <\/p>\n<p>    Cet article a \u00e9t\u00e9 tronqu\u00e9. Abonnez-vous pour lire l&rsquo;article complet sur notre site.<\/p>\n<p style=\"margin: 0 !important; padding: 0 !important; font-size: 12px !important;\">Cet article a \u00e9t\u00e9 tronqu\u00e9. Abonnez-vous pour lire l&rsquo;article complet.<\/p>\n<p>    <a href=\"https:\/\/www.lanouvellerepublique.fr\/abonnements\" style=\"display: inline-block; margin-top: 5px !important; padding: 6px 12px !important; background: #cb1c27; color: white; text-decoration: none; border-radius: 4px; font-size: 12px !important;\" target=\"_blank\" rel=\"noopener\"><br \/>\n      S&rsquo;abonner<br \/>\n    <\/a><\/p>\n","protected":false},"excerpt":{"rendered":"Plusieurs athl\u00e8tes de la Vienne ont particip\u00e9 aux championnats d\u2019Europe Masters qui se sont d\u00e9roul\u00e9s du 9 au&hellip;\n","protected":false},"author":2,"featured_media":505893,"comment_status":"","ping_status":"","sticky":false,"template":"","format":"standard","meta":{"footnotes":""},"categories":[1586],"tags":[11,4132,19489,1777,674,1011,27,12,25,60,1584],"class_list":{"0":"post-505892","1":"post","2":"type-post","3":"status-publish","4":"format-standard","5":"has-post-thumbnail","7":"category-europe","8":"tag-actualites","9":"tag-athletisme","10":"tag-chatellerault","11":"tag-eu","12":"tag-europe","13":"tag-fr","14":"tag-france","15":"tag-news","16":"tag-republique-francaise","17":"tag-sports","18":"tag-vienne"},"share_on_mastodon":{"url":"https:\/\/pubeurope.com\/@fr\/115477878133310069","error":""},"_links":{"self":[{"href":"https:\/\/www.europesays.com\/fr\/wp-json\/wp\/v2\/posts\/505892","targetHints":{"allow":["GET"]}}],"collection":[{"href":"https:\/\/www.europesays.com\/fr\/wp-json\/wp\/v2\/posts"}],"about":[{"href":"https:\/\/www.europesays.com\/fr\/wp-json\/wp\/v2\/types\/post"}],"author":[{"embeddable":true,"href":"https:\/\/www.europesays.com\/fr\/wp-json\/wp\/v2\/users\/2"}],"replies":[{"embeddable":true,"href":"https:\/\/www.europesays.com\/fr\/wp-json\/wp\/v2\/comments?post=505892"}],"version-history":[{"count":0,"href":"https:\/\/www.europesays.com\/fr\/wp-json\/wp\/v2\/posts\/505892\/revisions"}],"wp:featuredmedia":[{"embeddable":true,"href":"https:\/\/www.europesays.com\/fr\/wp-json\/wp\/v2\/media\/505893"}],"wp:attachment":[{"href":"https:\/\/www.europesays.com\/fr\/wp-json\/wp\/v2\/media?parent=505892"}],"wp:term":[{"taxonomy":"category","embeddable":true,"href":"https:\/\/www.europesays.com\/fr\/wp-json\/wp\/v2\/categories?post=505892"},{"taxonomy":"post_tag","embeddable":true,"href":"https:\/\/www.europesays.com\/fr\/wp-json\/wp\/v2\/tags?post=505892"}],"curies":[{"name":"wp","href":"https:\/\/api.w.org\/{rel}","templated":true}]}}