{"id":505905,"date":"2025-11-02T03:14:14","date_gmt":"2025-11-02T03:14:14","guid":{"rendered":"https:\/\/www.europesays.com\/fr\/505905\/"},"modified":"2025-11-02T03:14:14","modified_gmt":"2025-11-02T03:14:14","slug":"girondins-abou-ba-apres-chauray-il-faut-garder-un-maximum-dhumilite","status":"publish","type":"post","link":"https:\/\/www.europesays.com\/fr\/505905\/","title":{"rendered":"Girondins. Abou Ba apr\u00e8s Chauray : \u201cIl faut garder un maximum d\u2019humilit\u00e9\u201d"},"content":{"rendered":"<p><img decoding=\"async\" src=\"https:\/\/www.europesays.com\/fr\/wp-content\/uploads\/2025\/11\/671_afa86492d48bca2863c2193f8a6a2cf7.jpg\" alt=\"Girondins. Abou Ba apr\u00e8s Chauray : \u201cIl faut garder un maximum d\u2019humilit\u00e9\u201d\" class=\"img-responsive mt-3\"\/><\/p>\n<p class=\"text-center mb-3\" style=\"font-size: 14px\">\u00a9 Iconsport<\/p>\n<p>      <strong>Abou Ba : \u201cLa confiance est l\u00e0, mais il faut rester humble\u201d<\/strong><\/p>\n<p style=\"text-align: justify;\">Pour Abou Ba, la progression physique et collective se poursuit de match en match. Les Marine et Blanc grimpent sur le podium de National 2 et confirment leur bonne dynamique. Le milieu bordelais reste prudent malgr\u00e9 la s\u00e9rie de victoires des Girondins en National 2.<\/p>\n<p style=\"text-align: justify;\">Abou Ba : \u00ab\u00a0C&rsquo;\u00e9tait un match difficile, on a r\u00e9ussi \u00e0 marquer t\u00f4t, apr\u00e8s on a peut-\u00eatre voulu peut-\u00eatre trop g\u00e9rer le match, m\u00eame si on a essay\u00e9 de presser. En deuxi\u00e8me mi-temps c&rsquo;\u00e9tait un peu compliqu\u00e9. Je ne sais pas si c&rsquo;est le fait d&rsquo;avoir marqu\u00e9 t\u00f4t nous a fait g\u00e9rer. Mais nous avons mis de grosses phases de pressing, et, en face, il y a de bons joueurs, ils ont r\u00e9ussi \u00e0 tenir le ballon. Il n&rsquo;y a pas eu de gros dangers sur notre but.<\/p>\n<p style=\"text-align: justify;\">Il y a eu beaucoup de duels, et on n&rsquo;a pas r\u00e9ussi \u00e0 marquer le deuxi\u00e8me but, \u00e7a nous met en danger sur la fin. Il y a une occasion qui peut terminer le fond pour Chauray. Il y a eu beaucoup de duels. La pelouse \u00e9tait plus que correcte. Pendant l&rsquo;hiver on peut s&rsquo;attendre \u00e0 ce genre de matchs.\u00a0\u00bb<\/p>\n<p><strong>Bordeaux en forme physique<\/strong><\/p>\n<p style=\"text-align: justify;\">\u00ab\u00a0On est sur une s\u00e9rie de victoires qui nous donne beaucoup de confiance, il ne faut l&rsquo;orgueil, il faut garder un maximum d&rsquo;humilit\u00e9. Cela se met en place au fur et \u00e0 mesure. Physiquement, on est bien. Je pense qu&rsquo;\u00e0 la 60e, l&rsquo;adversaire baisse le pied \u00e0 chaque fois. Nous, on est toujours \u00e0 fond. Certes, il y a eu une pr\u00e9paration, mais elle a \u00e9t\u00e9 un peu tronqu\u00e9e. C&rsquo;est normal que, physiquement les joueurs se mettent \u00e0 niveau petit \u00e0 petit.<\/p>\n<p style=\"text-align: justify;\">Oui, j&rsquo;avais une petite alerte musculaire, rien de grave. On a pr\u00e9f\u00e9r\u00e9 me pr\u00e9server en Coupe de France (face \u00e0 Boulazac, NDLR). \u00c7a permet \u00e0 tout le groupe de jouer. On a pr\u00e9f\u00e9r\u00e9 se concentrer sur le championnat, car c\u00a0\u00bbest le plus important.\u00a0\u00bb<\/p>\n<p style=\"text-align: justify;\">\u00c0 lire &gt;&gt; <strong><a href=\"https:\/\/www.webgirondins.com\/actualite-girondins-n2-steve-shamal-offre-la-victoire-aux-girondins-de-bordeaux-qui-montent-sur-le-podium-131000\" target=\"_blank\" rel=\"noopener\">N2 : Steve Shamal offre la victoire aux Girondins de Bordeaux qui montent sur le podium<\/a><\/strong><\/p>\n<p>\u00c0 vous de voter :<br \/><strong><br \/><\/strong><\/p>\n<p>\u00a0<\/p>\n<p style=\"text-align: justify;\"><strong>\u00a0<\/strong><\/p>\n","protected":false},"excerpt":{"rendered":"\u00a9 Iconsport Abou Ba : \u201cLa confiance est l\u00e0, mais il faut rester humble\u201d Pour Abou Ba, la&hellip;\n","protected":false},"author":2,"featured_media":505906,"comment_status":"","ping_status":"","sticky":false,"template":"","format":"standard","meta":{"footnotes":""},"categories":[1410],"tags":[37154,1020,150,1997,22484,2823,8290,63,31163,1011,27,45385,1987,62730,2003,41316,12005,1825,60,1264],"class_list":{"0":"post-505905","1":"post","2":"type-post","3":"status-publish","4":"format-standard","5":"has-post-thumbnail","7":"category-football","8":"tag-abou","9":"tag-analyse","10":"tag-apres","11":"tag-bordeaux","12":"tag-chauray","13":"tag-face","14":"tag-faut","15":"tag-football","16":"tag-forever","17":"tag-fr","18":"tag-france","19":"tag-garder","20":"tag-girondins","21":"tag-humilite","22":"tag-livre","23":"tag-maximum","24":"tag-micro","25":"tag-radio","26":"tag-sports","27":"tag-victoire"},"share_on_mastodon":{"url":"https:\/\/pubeurope.com\/@fr\/115477929985492396","error":""},"_links":{"self":[{"href":"https:\/\/www.europesays.com\/fr\/wp-json\/wp\/v2\/posts\/505905","targetHints":{"allow":["GET"]}}],"collection":[{"href":"https:\/\/www.europesays.com\/fr\/wp-json\/wp\/v2\/posts"}],"about":[{"href":"https:\/\/www.europesays.com\/fr\/wp-json\/wp\/v2\/types\/post"}],"author":[{"embeddable":true,"href":"https:\/\/www.europesays.com\/fr\/wp-json\/wp\/v2\/users\/2"}],"replies":[{"embeddable":true,"href":"https:\/\/www.europesays.com\/fr\/wp-json\/wp\/v2\/comments?post=505905"}],"version-history":[{"count":0,"href":"https:\/\/www.europesays.com\/fr\/wp-json\/wp\/v2\/posts\/505905\/revisions"}],"wp:featuredmedia":[{"embeddable":true,"href":"https:\/\/www.europesays.com\/fr\/wp-json\/wp\/v2\/media\/505906"}],"wp:attachment":[{"href":"https:\/\/www.europesays.com\/fr\/wp-json\/wp\/v2\/media?parent=505905"}],"wp:term":[{"taxonomy":"category","embeddable":true,"href":"https:\/\/www.europesays.com\/fr\/wp-json\/wp\/v2\/categories?post=505905"},{"taxonomy":"post_tag","embeddable":true,"href":"https:\/\/www.europesays.com\/fr\/wp-json\/wp\/v2\/tags?post=505905"}],"curies":[{"name":"wp","href":"https:\/\/api.w.org\/{rel}","templated":true}]}}