{"id":505909,"date":"2025-11-02T03:16:37","date_gmt":"2025-11-02T03:16:37","guid":{"rendered":"https:\/\/www.europesays.com\/fr\/505909\/"},"modified":"2025-11-02T03:16:37","modified_gmt":"2025-11-02T03:16:37","slug":"la-nature-et-les-glaciers-a-lhonneur-au-coeur-des-alpes","status":"publish","type":"post","link":"https:\/\/www.europesays.com\/fr\/505909\/","title":{"rendered":"la nature et les glaciers \u00e0 l&rsquo;honneur au c\u0153ur des Alpes"},"content":{"rendered":"<p>Du<strong> 31 octobre au 2 novembre 2025<\/strong>, la vall\u00e9e de Chamonix vibre au rythme de la photographie de nature pour la\u00a03e \u00e9dition du<strong> Chamonix Photo Festival<\/strong>. Un \u00e9v\u00e9nement d\u00e9sormais bien ancr\u00e9 dans le <strong>calendrier automnal<\/strong>, qui c\u00e9l\u00e8bre la beaut\u00e9 du vivant et la fragilit\u00e9 des \u00e9cosyst\u00e8mes montagnards \u00e0 travers <strong>expositions<\/strong>, <strong>concours<\/strong>, <strong>projections<\/strong> et <strong>rencontres<\/strong> avec plus de 25 photographes.<\/p>\n<p>Un rendez-vous devenu incontournable pour la photo nature<\/p>\n<p>\u00ab Le changement climatique n\u2019est pas une vaste blague \u00bb, rappelle Mario Colonel, pr\u00e9sident du festival, dans son mot d\u2019ouverture. Apr\u00e8s <strong>deux premi\u00e8res \u00e9ditions<\/strong> qui ont lanc\u00e9 le festival, cette \u00e9dition 2025 se veut celle de la maturit\u00e9.<\/p>\n<p>Avec\u00a0<strong>plus de 4000 visiteurs<\/strong>\u00a0l\u2019an dernier et\u00a0<strong>244 candidatures re\u00e7ues pour 24 places d\u2019exposition<\/strong>, le festival chamoniard attire d\u00e9sormais <strong>au-del\u00e0 des fronti\u00e8res fran\u00e7aises<\/strong>, de l\u2019Ukraine au Royaume-Uni. L\u2019\u00e9v\u00e9nement s\u2019impose comme\u00a0<strong>un carrefour international de la photographie naturaliste<\/strong>\u00a0et un lieu d\u2019\u00e9changes entre artistes, scientifiques et grand public.<\/p>\n<p><img decoding=\"async\" width=\"1400\" height=\"934\" loading=\"lazy\" src=\"https:\/\/www.europesays.com\/fr\/wp-content\/uploads\/2025\/11\/chamonix-photo-festival-2025-n1-pascal-lumbroso_-vie-animale.jpg\" alt=\"\" class=\"wp-image-252373\"  \/>Combat de t\u00e9tras lyre en circuit court en Is\u00e8re, finaliste cat\u00e9gorie Vie Animale \u2013 \u00a9 Pascal Lumbroso<\/p>\n<p>\u00ab Montrer la beaut\u00e9 du monde, c\u2019est aussi participer \u00e0 sa pr\u00e9servation \u00bb, souligne Mario Colonel, pla\u00e7ant la photographie au c\u0153ur d\u2019un <strong>engagement \u00e9cologique<\/strong>.<\/p>\n<p>Expositions : du d\u00e9sert de Gobi aux glaciers du monde<\/p>\n<p>Cette ann\u00e9e, la nature s\u2019invite partout dans la vall\u00e9e, avec\u00a0<strong>pr\u00e8s de 300 photographies expos\u00e9es en ext\u00e9rieur<\/strong>\u00a0et\u00a0<strong>25 expositions int\u00e9rieures<\/strong>\u00a0r\u00e9parties sur plusieurs sites :\u00a0le Majestic, l\u2019H\u00f4tel Prieur\u00e9, La Folie Douce et les salles du Kandahar aux Houches.<\/p>\n<p><img decoding=\"async\" width=\"1400\" height=\"933\" loading=\"lazy\" src=\"https:\/\/www.europesays.com\/fr\/wp-content\/uploads\/2025\/11\/chamonix-photo-festival-2025-n2.lionel-montico-flamboyant-cervin-n2.jpg\" alt=\"\" class=\"wp-image-252376\"  \/>Finaliste Paysages du monde \u2013 Flamboyant Cervin n\u00b02 \u00a9 Lionel Montico<\/p>\n<p>Le parcours relie ainsi les paysages lointains et les environnements fragiles : du\u00a0<strong>d\u00e9sert de Gobi aux orques des fjords norv\u00e9giens<\/strong>, des\u00a0<strong>lavandes du Ventoux<\/strong>\u00a0aux\u00a0<strong>glaciers du monde<\/strong>, photographi\u00e9s par Luc Moreau pour une exposition sur la Promenade du Fori.<\/p>\n<p><img decoding=\"async\" width=\"1400\" height=\"933\" loading=\"lazy\" src=\"https:\/\/www.europesays.com\/fr\/wp-content\/uploads\/2025\/11\/chamonix-photo-festival-2025-hunting-in-the-blue_fguerin-my-nature.jpg\" alt=\"\" class=\"wp-image-252377\"  \/>Hunting in the blue \u00a9 Fabrice Gu\u00e9rin<\/p>\n<p>Les villages voisins accueillent<strong> les photos laur\u00e9ates du concours<\/strong>, par th\u00e8me :\u00a0Paysages du monde\u00a0aux Houches,\u00a0Vie animale\u00a0\u00e0 Servoz,\u00a0Eau\u00a0\u00e0 Vallorcine,\u00a0Homme et nature\u00a0\u00e0 Argenti\u00e8re, tandis que le c\u0153ur de Chamonix pr\u00e9sente les images\u00a0Macro &amp; Proxy.<\/p>\n<p><img decoding=\"async\" width=\"1400\" height=\"934\" loading=\"lazy\" src=\"https:\/\/www.europesays.com\/fr\/wp-content\/uploads\/2025\/11\/chamonix-photo-festival-2025-n2-sebastien-blomme-_-macro-proxy.jpg\" alt=\"\" class=\"wp-image-252374\"  \/>Finaliste cat\u00e9gorie Macro et proxy \u00a9 S\u00e9bastien Blomme<\/p>\n<p>Concours, conf\u00e9rences et masterclass : un festival \u00e0 vivre<\/p>\n<p>Le\u00a0<strong>concours photo 2025<\/strong>, qui a r\u00e9uni\u00a0<strong>plus de 450 photographes et 4000 images<\/strong>, met \u00e0 l\u2019honneur cinq cat\u00e9gories embl\u00e9matiques de la photo nature. Trois\u00a0<strong>prix sp\u00e9ciaux<\/strong>\u00a0r\u00e9compenseront \u00e9galement des images hors cat\u00e9gorie :\u00a0Prix du Jury,\u00a0Graphisme\u00a0et\u00a0Monde d\u2019\u00e0 c\u00f4t\u00e9, ce dernier valorisant les images \u00e0 faible empreinte carbone.<\/p>\n<p>Le festival propose aussi un programme riche de\u00a0<strong>conf\u00e9rences et de rencontres<\/strong>\u00a0dans plusieurs <strong>h\u00f4tels de Chamonix<\/strong> (Le Prieur\u00e9, Plan B, H\u00e9liopic, Lagoped, Le Refuge). Au Majestic, un\u00a0<strong>salon des marques<\/strong>\u00a0permettra de tester du mat\u00e9riel <strong><a href=\"https:\/\/phototrend.fr\/tag\/sony\/\" rel=\"nofollow noopener\" target=\"_blank\">Sony<\/a><\/strong>, <strong><a href=\"https:\/\/phototrend.fr\/tag\/canon\/\" rel=\"nofollow noopener\" target=\"_blank\">Canon<\/a><\/strong>, <strong><a href=\"https:\/\/phototrend.fr\/tag\/fujifilm\/\" rel=\"nofollow noopener\" target=\"_blank\">Fujifilm<\/a><\/strong>, <strong><a href=\"https:\/\/phototrend.fr\/tag\/nikon\/\" rel=\"nofollow noopener\" target=\"_blank\">Nikon<\/a><\/strong>, <strong><a href=\"https:\/\/phototrend.fr\/tag\/om-system\/\" rel=\"nofollow noopener\" target=\"_blank\">OM System<\/a><\/strong>, etc. tout en profitant d\u2019<strong>offres sp\u00e9ciales salon<\/strong>. sur les stands de Camara Grenoble, IPLN et Phox Photo La Roche-sur-Foron.<\/p>\n<p>Le <strong>programme des masterclass<\/strong> est disponible sur <a href=\"https:\/\/www.chamonixphotofestival.com\/masterclass-2\/\" rel=\"nofollow noopener\" target=\"_blank\">le site du festival<\/a>, avec des th\u00e9matiques vari\u00e9es comme la <strong>photo d\u2019action<\/strong>, de <strong>paysage<\/strong>, mais aussi la <strong>photo de nature<\/strong>, <strong>macro<\/strong> ou l\u2019usage de <strong>lonngues focales<\/strong>. <\/p>\n<p><img decoding=\"async\" width=\"1400\" height=\"933\" loading=\"lazy\" src=\"https:\/\/www.europesays.com\/fr\/wp-content\/uploads\/2025\/11\/chamonix-photo-festival-2025-masterclass10-2000px.jpg\" alt=\"\" class=\"wp-image-252375\"  \/>Masterclass en pleine nature \u2013 \u00a9 Eric Courtier<\/p>\n<p>Pour les plus jeunes,\u00a0<strong>Julien Arbez<\/strong>\u00a0animera des mini-masterclass photo aux Houches, tandis que les familles pourront profiter d\u2019un\u00a0<strong>plan\u00e9tarium \u00e9ph\u00e9m\u00e8re<\/strong>\u00a0\u00e0 La Folie Douce, ainsi que d\u2019ateliers et de ventes de BD en soutien au festival.<\/p>\n<p>Les festivaliers pourront \u00e9galement\u00a0<strong>tirer gratuitement leurs photos<\/strong>\u00a0gr\u00e2ce \u00e0 un partenariat avec <strong>Larger Technologie<\/strong>\u00a0et\u00a0<strong>Canon<\/strong>.<\/p>\n<p>Une immersion sensible et engag\u00e9e<\/p>\n<p>Cette \u00e9dition 2025 s\u2019inscrit dans le cadre de\u00a0<strong>l\u2019Ann\u00e9e internationale de la pr\u00e9servation des glaciers<\/strong>, r\u00e9sonnant particuli\u00e8rement dans la <strong>vall\u00e9e du Mont-Blanc<\/strong>. \u00c0 travers les \u0153uvres de photographes comme\u00a0<strong>Julia Roger-Veyer<\/strong>, ambassadrice Canon, ou\u00a0<strong>Jean-Michel Lenoir<\/strong>, la montagne devient un laboratoire visuel de la transition \u00e9cologique.<\/p>\n<p>Le Chamonix Photo Festival poursuit ainsi sa vocation :\u00a0<strong>faire dialoguer art et science, \u00e9merveillement et conscience<\/strong>. En trois jours, il transforme la vall\u00e9e en une galerie \u00e0 ciel ouvert, o\u00f9 chaque image rappelle <strong>l\u2019urgence d\u2019aimer et de pr\u00e9server le monde vivant<\/strong>.<\/p>\n<p><strong>Informations pratiques <\/strong>:<br \/><strong>Chamonix Photo Festival<br \/><\/strong>du 31 octobre au 2 novembre 2025<br \/>Chamonix, Les Houches, Argenti\u00e8re, Servoz, Vallorcine<br \/>les vendredi et samedi de 10h \u00e0 18h, le dimanche de 10h \u00e0 17h<br \/>Navettes gratuites entre Chamonix et Les Houches<br \/>Tarifs : 1 jour 5 \u20ac, 3 jours 10 \u20ac, gratuit pour les moins de 15 ans<br \/>Le programme complet est sur <a href=\"https:\/\/www.chamonixphotofestival.com\/\" rel=\"nofollow noopener\" target=\"_blank\">le site du Chamonix Photo Festival<\/a><\/p>\n","protected":false},"excerpt":{"rendered":"Du 31 octobre au 2 novembre 2025, la vall\u00e9e de Chamonix vibre au rythme de la photographie de&hellip;\n","protected":false},"author":2,"featured_media":505910,"comment_status":"","ping_status":"","sticky":false,"template":"","format":"standard","meta":{"footnotes":""},"categories":[1358],"tags":[47,1348,1384,1385,62731,1386,58,59,11615,62732,1011,27,5324,62733,62734],"class_list":{"0":"post-505909","1":"post","2":"type-post","3":"status-publish","4":"format-standard","5":"has-post-thumbnail","7":"category-arts-et-design","8":"tag-actualite","9":"tag-arts","10":"tag-arts-and-design","11":"tag-arts-et-design","12":"tag-chamonix-photo-festival","13":"tag-design","14":"tag-divertissement","15":"tag-entertainment","16":"tag-featured","17":"tag-festival-photo","18":"tag-fr","19":"tag-france","20":"tag-montagne","21":"tag-photographie-de-nature","22":"tag-photographie-de-paysage"},"share_on_mastodon":{"url":"https:\/\/pubeurope.com\/@fr\/115477937649730906","error":""},"_links":{"self":[{"href":"https:\/\/www.europesays.com\/fr\/wp-json\/wp\/v2\/posts\/505909","targetHints":{"allow":["GET"]}}],"collection":[{"href":"https:\/\/www.europesays.com\/fr\/wp-json\/wp\/v2\/posts"}],"about":[{"href":"https:\/\/www.europesays.com\/fr\/wp-json\/wp\/v2\/types\/post"}],"author":[{"embeddable":true,"href":"https:\/\/www.europesays.com\/fr\/wp-json\/wp\/v2\/users\/2"}],"replies":[{"embeddable":true,"href":"https:\/\/www.europesays.com\/fr\/wp-json\/wp\/v2\/comments?post=505909"}],"version-history":[{"count":0,"href":"https:\/\/www.europesays.com\/fr\/wp-json\/wp\/v2\/posts\/505909\/revisions"}],"wp:featuredmedia":[{"embeddable":true,"href":"https:\/\/www.europesays.com\/fr\/wp-json\/wp\/v2\/media\/505910"}],"wp:attachment":[{"href":"https:\/\/www.europesays.com\/fr\/wp-json\/wp\/v2\/media?parent=505909"}],"wp:term":[{"taxonomy":"category","embeddable":true,"href":"https:\/\/www.europesays.com\/fr\/wp-json\/wp\/v2\/categories?post=505909"},{"taxonomy":"post_tag","embeddable":true,"href":"https:\/\/www.europesays.com\/fr\/wp-json\/wp\/v2\/tags?post=505909"}],"curies":[{"name":"wp","href":"https:\/\/api.w.org\/{rel}","templated":true}]}}