{"id":505919,"date":"2025-11-02T03:24:20","date_gmt":"2025-11-02T03:24:20","guid":{"rendered":"https:\/\/www.europesays.com\/fr\/505919\/"},"modified":"2025-11-02T03:24:20","modified_gmt":"2025-11-02T03:24:20","slug":"oubliez-le-noir-voici-la-couleur-a-laquelle-toutes-les-modeuses-succombent-cet-automne","status":"publish","type":"post","link":"https:\/\/www.europesays.com\/fr\/505919\/","title":{"rendered":"Oubliez le noir, voici la couleur \u00e0 laquelle toutes les modeuses succombent cet automne"},"content":{"rendered":"<p>Comment avoir du style lors de la p\u00e9riode de l\u2019automne\/hiver ?<br \/>\nLorsque les temp\u00e9ratures se rafra\u00eechissent, on a souvent tendance \u00e0<br \/>\nmiser sur des incontournables, comme des manteaux, des grosses<br \/>\nmailles, des bottes.<\/p>\n<p>C\u00f4t\u00e9 <a href=\"https:\/\/www.mariefrance.fr\/mode\/apres-jaune-beurre-marron-couleur-star-annees-2000-sera-partout-automne-2025-1207601.html\" target=\"_blank\" rel=\"noopener\"><br \/>\ncouleurs<\/a>, justement, cela manque souvent de joyeuset\u00e9 : on se<br \/>\nreplie sur ses classiques comme le noir, le bleu marine, le vert<br \/>\nbouteille ou encore le beige. Pourtant, ces <a href=\"https:\/\/www.mariefrance.fr\/mode\/meilleures-combinaisons-couleurs-automne-1078334.html\" target=\"_blank\" rel=\"noopener\"><br \/>\ncoloris<\/a> n\u2019illuminent pas le teint et sont m\u00eame un peu moroses.<br \/>\nLa bonne nouvelle ? En 2025, une nouvelle teinte s\u2019impose dans les<br \/>\ndressings, et vous n\u2019avez pas pu passer \u00e0 c\u00f4t\u00e9.<\/p>\n<p>La couleur tendance de la fin de l&rsquo;automne\/hiver 2025<\/p>\n<p>Comme l\u2019assume la princesse de Galles, <a href=\"https:\/\/www.mariefrance.fr\/mode\/fini-jaune-beurre-couleur-gourmande-faire-fondre-automne-2025-1201680.html\" target=\"_blank\" rel=\"noopener\"><br \/>\nKate Middleton<\/a>, le vert kaki ou le vert olive a r\u00e9solument le<br \/>\nvent en poupe, pourtant, il est domin\u00e9 par un autre coloris : le<br \/>\n<strong>rouge bordeaux<\/strong>. Qu\u2019il soit verni, en cuir,<br \/>\nbrillant, en maille ou autre, il est d\u00e9clin\u00e9 sur de nombreuses<br \/>\npi\u00e8ces mode, de la t\u00eate aux souliers. Et on comprend pourquoi :<br \/>\nr\u00e9solument \u00e9l\u00e9gant, le bordeaux fait partie de ces couleurs qui<br \/>\nassurent style et raffinement en toutes circonstances.<\/p>\n<p>En plus, il convient \u00e0 de nombreuses carnations, si ce n\u2019est<br \/>\ntoutes ! D\u2019ailleurs, sur les podiums de la Fashion Week, cette<br \/>\ncouleur n\u2019a pas manqu\u00e9 de faire sensation. On l\u2019a notamment vue<br \/>\nchez <strong>Chanel<\/strong>, <strong>Valentino<\/strong> ou encore<br \/>\n<strong>Victoria Beckham<\/strong>. Consid\u00e9r\u00e9e comme une teinte<br \/>\nintemporelle et unique, le bordeaux est une valeur s\u00fbre.<\/p>\n<\/p>\n<p>Comment porter le bordeaux ?<\/p>\n<p>En cette ann\u00e9e 2025, elle se porte justement davantage sur les<br \/>\nsacs \u00e0 main en cuir : oubliez donc le noir, la tendance est au<br \/>\nrouge bordeaux et addictif.<\/p>\n<p>Comme le rapporte la styliste personnelle <strong>Laureen<br \/>\nAllegro<\/strong> : \u00ab\u00a0Les couleurs parlent avant toi. Et souvent<br \/>\nmieux que toi. Si ton dressing est en d\u00e9pression, ton image l\u2019est<br \/>\naussi. Tu veux du charisme, de l\u2019impact, du \u201cpersonal branding\u201d ?<br \/>\nTu as le droit d&rsquo;aimer le neutre. Mais si ton dressing entier<br \/>\nressemble \u00e0 une palette de mur d\u2019h\u00f4pital, faut se poser deux<br \/>\nquestions.\u00a0\u00bb<\/p>\n<p>Elle rappelle la psychologie des couleurs : \u00ab\u00a0Choisir une<br \/>\ncouleur, c\u2019est choisir ce que tu d\u00e9clenches chez les autres. Tu<br \/>\nveux qu\u2019on t\u2019\u00e9coute ? Mets du rouge ou du violet. Tu veux inspirer<br \/>\nconfiance ? Mets du bleu ou du vert. Tu veux qu\u2019on te flatte dans<br \/>\nles couloirs sans trop savoir pourquoi ? Essaie le camel. Tu veux<br \/>\njuste passer la journ\u00e9e sans qu\u2019on te parle ? Le gris clair fait le<br \/>\njob.\u201d Tout est dit !\u00a0<\/p><\/p>\n","protected":false},"excerpt":{"rendered":"Comment avoir du style lors de la p\u00e9riode de l\u2019automne\/hiver ? Lorsque les temp\u00e9ratures se rafra\u00eechissent, on a&hellip;\n","protected":false},"author":2,"featured_media":505920,"comment_status":"","ping_status":"","sticky":false,"template":"","format":"standard","meta":{"footnotes":""},"categories":[8],"tags":[58,59,1011,27,990],"class_list":{"0":"post-505919","1":"post","2":"type-post","3":"status-publish","4":"format-standard","5":"has-post-thumbnail","7":"category-divertissement","8":"tag-divertissement","9":"tag-entertainment","10":"tag-fr","11":"tag-france","12":"tag-tendance-mode"},"share_on_mastodon":{"url":"https:\/\/pubeurope.com\/@fr\/115477968533819648","error":""},"_links":{"self":[{"href":"https:\/\/www.europesays.com\/fr\/wp-json\/wp\/v2\/posts\/505919","targetHints":{"allow":["GET"]}}],"collection":[{"href":"https:\/\/www.europesays.com\/fr\/wp-json\/wp\/v2\/posts"}],"about":[{"href":"https:\/\/www.europesays.com\/fr\/wp-json\/wp\/v2\/types\/post"}],"author":[{"embeddable":true,"href":"https:\/\/www.europesays.com\/fr\/wp-json\/wp\/v2\/users\/2"}],"replies":[{"embeddable":true,"href":"https:\/\/www.europesays.com\/fr\/wp-json\/wp\/v2\/comments?post=505919"}],"version-history":[{"count":0,"href":"https:\/\/www.europesays.com\/fr\/wp-json\/wp\/v2\/posts\/505919\/revisions"}],"wp:featuredmedia":[{"embeddable":true,"href":"https:\/\/www.europesays.com\/fr\/wp-json\/wp\/v2\/media\/505920"}],"wp:attachment":[{"href":"https:\/\/www.europesays.com\/fr\/wp-json\/wp\/v2\/media?parent=505919"}],"wp:term":[{"taxonomy":"category","embeddable":true,"href":"https:\/\/www.europesays.com\/fr\/wp-json\/wp\/v2\/categories?post=505919"},{"taxonomy":"post_tag","embeddable":true,"href":"https:\/\/www.europesays.com\/fr\/wp-json\/wp\/v2\/tags?post=505919"}],"curies":[{"name":"wp","href":"https:\/\/api.w.org\/{rel}","templated":true}]}}