{"id":505928,"date":"2025-11-02T03:29:13","date_gmt":"2025-11-02T03:29:13","guid":{"rendered":"https:\/\/www.europesays.com\/fr\/505928\/"},"modified":"2025-11-02T03:29:13","modified_gmt":"2025-11-02T03:29:13","slug":"shein-retire-des-poupees-a-caractere-pedopornographique-de-sa-plateforme","status":"publish","type":"post","link":"https:\/\/www.europesays.com\/fr\/505928\/","title":{"rendered":"Shein retire des poup\u00e9es \u00e0 caract\u00e8re p\u00e9dopornographique de sa plateforme"},"content":{"rendered":"<p>Pour moins de 200 euros, Shein vend des poup\u00e9es repr\u00e9sentant des fillettes pr\u00e9sent\u00e9es comme \u00ab\u00a0poup\u00e9es sexuelles pour la masturbation masculine, avec vagin et anus r\u00e9aliste\u00a0\u00bb\u2026 La R\u00e9pression des fraudes (DGCCRF) a annonc\u00e9 samedi avoir signal\u00e9 \u00e0 la justice la commercialisation de ces poup\u00e9es sexuelles<a href=\"https:\/\/www.20minutes.fr\/high-tech\/by-the-web\/4116482-20241018-images-pedopornographiques-generees-ia-progression-glacante-alerte-association\" class=\"c-link c-link--is-underlined\" target=\"_blank\" rel=\"noopener\"> \u00e0 caract\u00e8re p\u00e9dopornographique<\/a> par le <a href=\"https:\/\/www.20minutes.fr\/economie\/4182455-20251030-arcs-electriques-surchauffe-shein-temu-vendent-chargeurs-jouets-dangereux-selon-ufc-choisir\" class=\"c-link c-link--is-underlined\" target=\"_blank\" rel=\"noopener\">g\u00e9ant de l\u2019e-commerce asiatique Shein<\/a>.<\/p>\n<\/p>\n<p>La DGCCRF avait constat\u00e9 vendredi \u00ab\u00a0que le site de e-commerce Shein commercialisait des poup\u00e9es sexuelles d\u2019apparence enfantine. Leur description et <a href=\"https:\/\/www.lemonde.fr\/economie\/article\/2025\/11\/01\/la-vente-de-poupees-a-caractere-pedopornographique-sur-le-site-de-shein-signalee-a-la-justice-francaise_6650859_3234.html\" target=\"_blank\" class=\"c-link c-link--is-underlined\" rel=\"noopener\">leur cat\u00e9gorisation sur le site <\/a>permettent difficilement de douter du caract\u00e8re p\u00e9dopornographique des contenus\u00a0\u00bb, explique-t-elle dans un communiqu\u00e9.<\/p>\n<p>Enqu\u00eate en cours<\/p>\n<p>Le g\u00e9ant de l\u2019e-commerce asiatique Shein a indiqu\u00e9 samedi \u00e0 l\u2019AFP avoir retir\u00e9 \u00ab\u00a0imm\u00e9diatement\u00a0\u00bb de sa plateforme des poup\u00e9es sexuelles \u00e0 caract\u00e8re p\u00e9dopornographiques, apr\u00e8s un signalement de la R\u00e9pression des fraudes \u00e0 la justice fran\u00e7aise.<\/p>\n<p><a href=\"https:\/\/www.20minutes.fr\/monde\/shein\/\" class=\"c-link c-btn c-btn--primary\" target=\"_blank\" rel=\"noopener\">Notre dossier sur Shein<\/a><\/p>\n<p>\u00ab\u00a0Notre \u00e9quipe Marketplace Governance enqu\u00eate actuellement sur la mani\u00e8re dont ces annonces ont pu contourner nos dispositifs de contr\u00f4le, et m\u00e8ne une revue compl\u00e8te afin d\u2019identifier et de retirer tout produit similaire susceptible d\u2019\u00eatre mis en vente par d\u2019autres vendeurs tiers\u00a0\u00bb, a ajout\u00e9 l\u2019entreprise dans une d\u00e9claration \u00e9crite.<\/p>\n","protected":false},"excerpt":{"rendered":"Pour moins de 200 euros, Shein vend des poup\u00e9es repr\u00e9sentant des fillettes pr\u00e9sent\u00e9es comme \u00ab\u00a0poup\u00e9es sexuelles pour la&hellip;\n","protected":false},"author":2,"featured_media":505929,"comment_status":"","ping_status":"","sticky":false,"template":"","format":"standard","meta":{"footnotes":""},"categories":[2],"tags":[47,11,254,1011,27,74,12,1974,32329,32825,1104,104,22909],"class_list":{"0":"post-505928","1":"post","2":"type-post","3":"status-publish","4":"format-standard","5":"has-post-thumbnail","7":"category-actualites","8":"tag-actualite","9":"tag-actualites","10":"tag-conso","11":"tag-fr","12":"tag-france","13":"tag-monde","14":"tag-news","15":"tag-pedocriminalite","16":"tag-pedopornographie","17":"tag-porno","18":"tag-shein","19":"tag-societe","20":"tag-vente-en-ligne"},"share_on_mastodon":{"url":"https:\/\/pubeurope.com\/@fr\/115477988175494673","error":""},"_links":{"self":[{"href":"https:\/\/www.europesays.com\/fr\/wp-json\/wp\/v2\/posts\/505928","targetHints":{"allow":["GET"]}}],"collection":[{"href":"https:\/\/www.europesays.com\/fr\/wp-json\/wp\/v2\/posts"}],"about":[{"href":"https:\/\/www.europesays.com\/fr\/wp-json\/wp\/v2\/types\/post"}],"author":[{"embeddable":true,"href":"https:\/\/www.europesays.com\/fr\/wp-json\/wp\/v2\/users\/2"}],"replies":[{"embeddable":true,"href":"https:\/\/www.europesays.com\/fr\/wp-json\/wp\/v2\/comments?post=505928"}],"version-history":[{"count":0,"href":"https:\/\/www.europesays.com\/fr\/wp-json\/wp\/v2\/posts\/505928\/revisions"}],"wp:featuredmedia":[{"embeddable":true,"href":"https:\/\/www.europesays.com\/fr\/wp-json\/wp\/v2\/media\/505929"}],"wp:attachment":[{"href":"https:\/\/www.europesays.com\/fr\/wp-json\/wp\/v2\/media?parent=505928"}],"wp:term":[{"taxonomy":"category","embeddable":true,"href":"https:\/\/www.europesays.com\/fr\/wp-json\/wp\/v2\/categories?post=505928"},{"taxonomy":"post_tag","embeddable":true,"href":"https:\/\/www.europesays.com\/fr\/wp-json\/wp\/v2\/tags?post=505928"}],"curies":[{"name":"wp","href":"https:\/\/api.w.org\/{rel}","templated":true}]}}