{"id":505931,"date":"2025-11-02T03:35:31","date_gmt":"2025-11-02T03:35:31","guid":{"rendered":"https:\/\/www.europesays.com\/fr\/505931\/"},"modified":"2025-11-02T03:35:31","modified_gmt":"2025-11-02T03:35:31","slug":"nancy-a-quelle-heure-et-sur-quelle-chaine-voir-le-match-de-ligue-2-en-direct-sport","status":"publish","type":"post","link":"https:\/\/www.europesays.com\/fr\/505931\/","title":{"rendered":"Nancy. \u00c0 quelle heure et sur quelle cha\u00eene voir le match de Ligue 2 en direct\u00a0? . Sport"},"content":{"rendered":"<p>S\u2019ils restent sur <a href=\"https:\/\/laval.maville.com\/sport\/detail_-stade-lavallois.-on-va-s-en-contenter-laval-n-avance-pas-mais-ce-point-peut-faire-du-bien-_11-7042235_actu.Htm\" target=\"_self\" rel=\"noopener\">un match nul \u00e0 Laval (1-1)<\/a>, les Manceaux n\u2019ont plus perdu en Ligue 2<a href=\"https:\/\/www.ouest-france.fr\/sport\/football\/ligue-2\/direct-le-mans-fc-rodez-suivez-le-match-de-la-5e-journee-de-ligue-2-en-live-d7a4b310-c022-4c1f-b639-3a793305c3cf\" target=\"_self\" rel=\"noopener\">\u00a0depuis le 12\u00a0septembre face \u00e0 Rodez<\/a>. Les hommes de\u00a0Patrick Videira sont 7es de Ligue 2, avant la 13e journ\u00e9e et la r\u00e9ception de l\u2019AS Nancy Lorraine, ce vendredi 31\u00a0octobre 2025. En cas de succ\u00e8s, Le Mans se rapprocherait du haut du classement.<\/p>\n<p><strong>Lire aussi\u00a0:<\/strong> <a href=\"https:\/\/www.ouest-france.fr\/sport\/football\/le-mans-fc\/video-un-but-d-autant-plus-beau-qu-il-est-contre-laval-martin-rossignol-buteur-pour-le-mans-fc-bba521df-37f2-37e2-9126-260e22d13c0f\" target=\"_self\" rel=\"noopener\"> VID\u00c9O. \u00ab\u00a0Un but d\u2019autant plus beau qu\u2019il est contre Laval\u00a0\u00bb\u00a0: Martin Rossignol buteur pour Le Mans FC<\/a><\/p>\n<p>Mais les Lorrains (13e) ne l\u2019entendront pas de cette oreille, eux qui restent sur un succ\u00e8s (2-0) face \u00e0 Bastia. Avant le match, quatre points seulement s\u00e9parent les deux \u00e9quipes.<\/p>\n<p>Le Mans &#8211; Nancy\u00a0: \u00e0 quelle heure voir le match de Ligue 2\u00a0?<\/p>\n<p>Le coup d\u2019envoi de la rencontre sera donn\u00e9 au stade Marie-Marvingt du Mans \u00e0 20\u00a0h, ce vendredi 31\u00a0octobre 2025.<\/p>\n<p>Le Mans &#8211; Nancy\u00a0: sur quelle cha\u00eene voir le match de Ligue 2\u00a0?<\/p>\n<p>La rencontre sera diffus\u00e9e sur beIN Sports 5. Vous pourrez \u00e9galement suivre ce match en direct sur notre site ouest-france.fr, d\u00e8s 19\u00a0h.<\/p>\n<p>\u00a0<\/p>\n","protected":false},"excerpt":{"rendered":"S\u2019ils restent sur un match nul \u00e0 Laval (1-1), les Manceaux n\u2019ont plus perdu en Ligue 2\u00a0depuis le&hellip;\n","protected":false},"author":2,"featured_media":505932,"comment_status":"","ping_status":"","sticky":false,"template":"","format":"standard","meta":{"footnotes":""},"categories":[9635],"tags":[1111,11,1438,3809,1465,1777,674,63,1011,27,775,1792,1922,1702,12,25,479,517,1470],"class_list":{"0":"post-505931","1":"post","2":"type-post","3":"status-publish","4":"format-standard","5":"has-post-thumbnail","7":"category-nancy","8":"tag-actu","9":"tag-actualites","10":"tag-angers","11":"tag-ball","12":"tag-basket","13":"tag-eu","14":"tag-europe","15":"tag-football","16":"tag-fr","17":"tag-france","18":"tag-grand-est","19":"tag-handball","20":"tag-info","21":"tag-nancy","22":"tag-news","23":"tag-republique-francaise","24":"tag-rugby","25":"tag-sport","26":"tag-volley"},"share_on_mastodon":{"url":"https:\/\/pubeurope.com\/@fr\/115478011788489270","error":""},"_links":{"self":[{"href":"https:\/\/www.europesays.com\/fr\/wp-json\/wp\/v2\/posts\/505931","targetHints":{"allow":["GET"]}}],"collection":[{"href":"https:\/\/www.europesays.com\/fr\/wp-json\/wp\/v2\/posts"}],"about":[{"href":"https:\/\/www.europesays.com\/fr\/wp-json\/wp\/v2\/types\/post"}],"author":[{"embeddable":true,"href":"https:\/\/www.europesays.com\/fr\/wp-json\/wp\/v2\/users\/2"}],"replies":[{"embeddable":true,"href":"https:\/\/www.europesays.com\/fr\/wp-json\/wp\/v2\/comments?post=505931"}],"version-history":[{"count":0,"href":"https:\/\/www.europesays.com\/fr\/wp-json\/wp\/v2\/posts\/505931\/revisions"}],"wp:featuredmedia":[{"embeddable":true,"href":"https:\/\/www.europesays.com\/fr\/wp-json\/wp\/v2\/media\/505932"}],"wp:attachment":[{"href":"https:\/\/www.europesays.com\/fr\/wp-json\/wp\/v2\/media?parent=505931"}],"wp:term":[{"taxonomy":"category","embeddable":true,"href":"https:\/\/www.europesays.com\/fr\/wp-json\/wp\/v2\/categories?post=505931"},{"taxonomy":"post_tag","embeddable":true,"href":"https:\/\/www.europesays.com\/fr\/wp-json\/wp\/v2\/tags?post=505931"}],"curies":[{"name":"wp","href":"https:\/\/api.w.org\/{rel}","templated":true}]}}