{"id":505933,"date":"2025-11-02T03:37:33","date_gmt":"2025-11-02T03:37:33","guid":{"rendered":"https:\/\/www.europesays.com\/fr\/505933\/"},"modified":"2025-11-02T03:37:33","modified_gmt":"2025-11-02T03:37:33","slug":"top-14-le-lou-lourdement-battu-face-au-rc-toulon-54-21-concede-sa-troisieme-defaite-consecutive","status":"publish","type":"post","link":"https:\/\/www.europesays.com\/fr\/505933\/","title":{"rendered":"Top 14 : le LOU lourdement battu face au RC Toulon (54-21), conc\u00e8de sa troisi\u00e8me d\u00e9faite cons\u00e9cutive\u00a0"},"content":{"rendered":"<p>En d\u00e9placement au Stade Mayol ce samedi 1er novembre, le LOU Rugby s&rsquo;est inclin\u00e9 54 \u00e0 21 face \u00e0 un RC Toulon dominateur. Une troisi\u00e8me d\u00e9faite cons\u00e9cutive pour les Lyonnais.<\/p>\n<p>Le <b>LOU Rugby<\/b> n&rsquo;a pas r\u00e9ussi \u00e0 relever la t\u00eate ce <b>samedi 1er novembre<\/b> lors de la 9e journ\u00e9e du Top 14. Oppos\u00e9s au <b>RC Toulon<\/b> sur la pelouse du Stade Mayol, les Lyonnais ont subi une lourde d\u00e9faite 54 \u00e0 21, dans un match \u00e0 sens unique.\u00a0<\/p>\n<p>Les Toulonnais ont inscrit huit essais, d\u00e9crochant un pr\u00e9cieux bonus offensif. Malgr\u00e9 quelques \u00e9clairs c\u00f4t\u00e9 lyonnais avec deux essais transform\u00e9s par <b>Jiuta Wainiqolo<\/b> (69e) et <b>Ethan Dumortier<\/b> (74e), une transformation sign\u00e9e <b>Martin M\u00e9liande<\/b> (72e), ainsi que trois p\u00e9nalit\u00e9s inscrites par <b>Paddy Jackson<\/b> (4e, 30e) et <b>Gabin Lorre<\/b> (33e), le collectif n&rsquo;a pas su contenir les assauts varois.<\/p>\n<p>Cette contre-performance marque la troisi\u00e8me d\u00e9faite cons\u00e9cutive du LOU, qui se retrouve d\u00e9sormais \u00e0 la 12e place du classement.<\/p>\n<p>S&rsquo;imposer contre l&rsquo;ASM Clermont pour ne pas d\u00e9crocher du top 6<\/p>\n<p>\u00a0<br \/>Le prochain match sera crucial pour les hommes de Karim Ghezal, qui devront r\u00e9agir rapidement pour ne pas d\u00e9crocher davantage du top 6.\u00a0<\/p>\n<p>Pour cela, il leur faudra s&rsquo;imposer et engranger des points au stade de Gerland face \u00e0 l&rsquo;<b>ASM Clermont<\/b>, le <b>samedi 22 novembre<\/b>, apr\u00e8s la tr\u00eave internationale.<\/p>\n<p><img loading=\"lazy\" decoding=\"async\" src=\"https:\/\/www.europesays.com\/fr\/wp-content\/uploads\/2025\/11\/1762054653_823_img\" width=\"350\" height=\"200\" border=\"0\" title=\"Les joueurs de l'OL.\"\/><\/p>\n<p>\u25baFootball<\/p>\n<p style=\"font-size: 22px;\"><b>OL : un \u00ab\u00a0match des l\u00e9gendes\u00a0\u00bb et une soir\u00e9e \u00ab\u00a0riche en \u00e9motions\u00a0\u00bb pour c\u00e9l\u00e9brer les 75 ans du club\u00a0<\/b><\/p>\n<p>Une journ\u00e9e pour c\u00e9l\u00e9brer le 75e anniversaire&#8230;<\/p>\n<p><\/p>\n","protected":false},"excerpt":{"rendered":"En d\u00e9placement au Stade Mayol ce samedi 1er novembre, le LOU Rugby s&rsquo;est inclin\u00e9 54 \u00e0 21 face&hellip;\n","protected":false},"author":2,"featured_media":505934,"comment_status":"","ping_status":"","sticky":false,"template":"","format":"standard","meta":{"footnotes":""},"categories":[9619],"tags":[1111,11,22426,3233,62754,1777,674,1011,27,9216,12,882,8177,25,478,2310],"class_list":{"0":"post-505933","1":"post","2":"type-post","3":"status-publish","4":"format-standard","5":"has-post-thumbnail","7":"category-toulon","8":"tag-actu","9":"tag-actualites","10":"tag-asm-clermont","11":"tag-championnat","12":"tag-dfaite","13":"tag-eu","14":"tag-europe","15":"tag-fr","16":"tag-france","17":"tag-lou","18":"tag-news","19":"tag-provence-alpes-cote-dazur","20":"tag-rc-toulon","21":"tag-republique-francaise","22":"tag-top-14","23":"tag-toulon"},"share_on_mastodon":{"url":"https:\/\/pubeurope.com\/@fr\/115478020316912084","error":""},"_links":{"self":[{"href":"https:\/\/www.europesays.com\/fr\/wp-json\/wp\/v2\/posts\/505933","targetHints":{"allow":["GET"]}}],"collection":[{"href":"https:\/\/www.europesays.com\/fr\/wp-json\/wp\/v2\/posts"}],"about":[{"href":"https:\/\/www.europesays.com\/fr\/wp-json\/wp\/v2\/types\/post"}],"author":[{"embeddable":true,"href":"https:\/\/www.europesays.com\/fr\/wp-json\/wp\/v2\/users\/2"}],"replies":[{"embeddable":true,"href":"https:\/\/www.europesays.com\/fr\/wp-json\/wp\/v2\/comments?post=505933"}],"version-history":[{"count":0,"href":"https:\/\/www.europesays.com\/fr\/wp-json\/wp\/v2\/posts\/505933\/revisions"}],"wp:featuredmedia":[{"embeddable":true,"href":"https:\/\/www.europesays.com\/fr\/wp-json\/wp\/v2\/media\/505934"}],"wp:attachment":[{"href":"https:\/\/www.europesays.com\/fr\/wp-json\/wp\/v2\/media?parent=505933"}],"wp:term":[{"taxonomy":"category","embeddable":true,"href":"https:\/\/www.europesays.com\/fr\/wp-json\/wp\/v2\/categories?post=505933"},{"taxonomy":"post_tag","embeddable":true,"href":"https:\/\/www.europesays.com\/fr\/wp-json\/wp\/v2\/tags?post=505933"}],"curies":[{"name":"wp","href":"https:\/\/api.w.org\/{rel}","templated":true}]}}