{"id":50594,"date":"2025-04-25T01:42:18","date_gmt":"2025-04-25T01:42:18","guid":{"rendered":"https:\/\/www.europesays.com\/fr\/50594\/"},"modified":"2025-04-25T01:42:18","modified_gmt":"2025-04-25T01:42:18","slug":"qui-a-ete-elimine-a-lissue-de-la-quatrieme-soiree-ce-jeudi-24-avril","status":"publish","type":"post","link":"https:\/\/www.europesays.com\/fr\/50594\/","title":{"rendered":"Qui a \u00e9t\u00e9 \u00e9limin\u00e9 \u00e0 l&rsquo;issue de la quatri\u00e8me soir\u00e9e ce jeudi 24 avril ?"},"content":{"rendered":"<p>La chasse aux tra\u00eetres se poursuit sur M6. La semaine pass\u00e9e, <a href=\"https:\/\/www.programme-tv.net\/news\/tv\/373348-les-traitres-saison-4-qui-sont-les-candidats-au-casting-photos\/\" data-api-deeplink=\"teleloisirs:\/\/news\/373348\" target=\"_blank\" rel=\"noopener\"><b>les candidats de la saison 4<\/b><\/a><b> ont v\u00e9cu de nombreux rebondissements <\/b>comme l&rsquo;annonce de Raquel Garrido, <a href=\"https:\/\/www.programme-tv.net\/news\/tv\/377058-du-jamais-vu-dans-les-traitres-raquel-garrido-fait-une-grande-annonce-qui-va-chambouler-le-jeu\/\" data-api-deeplink=\"teleloisirs:\/\/news\/377058\" target=\"_blank\" rel=\"noopener\">refusant de devenir tra\u00eetre<\/a>. Ils ont \u00e9galement particip\u00e9 \u00e0 <a href=\"https:\/\/www.programme-tv.net\/news\/tv\/376976-logfive-reagit-a-son-elimination-des-traitres-a-cause-de-sophie-tapie-je-le-prends-comme-de-l-anti-jeu\/\" data-api-deeplink=\"teleloisirs:\/\/news\/376976\" target=\"_blank\" rel=\"noopener\">l&rsquo;\u00e9limination de Logfive<\/a>, membre du fameux trio diabolique. Un d\u00e9part orchestr\u00e9 dans l&rsquo;ombre par l&rsquo;une de ses complices : Sophie Tapie. La jeune femme de 37 ans a su se montrer tr\u00e8s persuasive lors de la table ronde, entra\u00eenant plusieurs joueurs dans son vote. <a href=\"https:\/\/www.programme-tv.net\/news\/tv\/376984-les-traitres-saison-4-qui-a-ete-elimine-a-l-issue-de-la-troisieme-soiree-ce-jeudi-17-avril\/\" data-api-deeplink=\"teleloisirs:\/\/news\/376984\" target=\"_blank\" rel=\"noopener\">La deuxi\u00e8me personnalit\u00e9 \u00e0 avoir quitt\u00e9 l&rsquo;aventure <\/a>\u00e0 l&rsquo;issue de la troisi\u00e8me soir\u00e9e n&rsquo;\u00e9tait autre que Bianca. De quoi \u00e9nerver Francis Huster, persuad\u00e9 de son innocence. C&rsquo;est dans ce contexte tr\u00e8s tendu que M6 a diffus\u00e9 la quatri\u00e8me soir\u00e9e de cette \u00e9dition 2025, le jeudi 24 avril. Et les fid\u00e8les t\u00e9l\u00e9spectateurs ont \u00e9t\u00e9 <b>t\u00e9moins d&rsquo;un nouveau coup de th\u00e9\u00e2tre<\/b>&#8230;<\/p>\n<p>Les Tra\u00eetres 2025 : une nouvelle personnalit\u00e9 rejoint les tra\u00eetres apr\u00e8s le refus de Raquel Garrido<\/p>\n<p>Raquel Garrido ayant d\u00e9clin\u00e9 l&rsquo;invitation des tra\u00eetres \u00e0 les rejoindre, \u00c9ric Antoine a invit\u00e9 <b>Adil Rami et Sophie Tapie \u00e0 jeter leur d\u00e9volu sur un autre candidat. <\/b>Mais alors, qui ont-ils choisi ? Qui a bascul\u00e9 dans les t\u00e9n\u00e8bres de la trahison ? Eh bien il s&rsquo;agit de Liane Foly ! Une proposition qui a justement r\u00e9joui la principale int\u00e9ress\u00e9e. \u00ab\u00a0J&rsquo;ai des frissons !\u00a0\u00bb, s&rsquo;est exclam\u00e9e la chanteuse de 62 ans. \u00ab\u00a0La grande cape rouge, c&rsquo;est la panoplie que j&rsquo;attends. Je suis plus qu&rsquo;excit\u00e9e. C&rsquo;est le Graal ! Alors, je vais dire oui\u00a0\u00bb, a-t-elle poursuivi. Lors du petit-d\u00e9jeuner, la com\u00e9dienne et imitatrice s&rsquo;est montr\u00e9e particuli\u00e8rement joyeuse et moqueuse. \u00ab\u00a0D&rsquo;habitude, au petit-d\u00e9jeuner, elle se r\u00e9veille. L\u00e0, ce matin, elle tout de suite tr\u00e8s s\u00fbre d&rsquo;elle. Elle rit beaucoup, elle prend beaucoup la parole\u00a0\u00bb, a soulign\u00e9 Sophie Tapie. Un changement de comportement qui pourrait attirer les soup\u00e7ons, et \u00e7a, les deux autres tra\u00eetres en ont conscience. \u00ab\u00a0<b>Va doucement quand m\u00eame parce qu&rsquo;on ne t&rsquo;a pas recrut\u00e9e pour un jour.<\/b> Le but, c&rsquo;est d&rsquo;aller en finale\u00a0\u00bb, a pr\u00e9venu Adil Rami.<\/p>\n<p>                        Les Tra\u00eetres 2025 : quelle personnalit\u00e9 a \u00e9t\u00e9 \u00e9limin\u00e9e ce jeudi 24 avril ?<\/p>\n<p>Bien qu&rsquo;\u00c9ric Antoine ait annonc\u00e9 la veille au soir aux tra\u00eetres qu&rsquo;il n&rsquo;y aurait aucun bannissement, les candidats ont eu la d\u00e9sagr\u00e9able surprise de d\u00e9couvrir que l&rsquo;un d&rsquo;eux manquait \u00e0 l&rsquo;appel lors du petit-d\u00e9jeuner. En effet, Jade Leboeuf, la s\u0153ur d&rsquo;Hugo, \u00e9tait absente. \u00ab\u00a0Elle n&rsquo;a pas \u00e9t\u00e9 bannie par les tra\u00eetres. Malheureusement, <b>\u00e0 cause d&rsquo;un \u00e9v\u00e9nement personnel, elle a d\u00fb quitter l&rsquo;aventure<\/b> et ne pourra pas revenir\u00a0\u00bb, a expliqu\u00e9 \u00c9ric Antoine, devant des joueurs m\u00e9dus\u00e9s. De son c\u00f4t\u00e9, Raquel Garrido a tent\u00e9 de pi\u00e9ger les tra\u00eetres qui ont tent\u00e9 de l&rsquo;enr\u00f4ler \u00e0 l&rsquo;aide d&rsquo;une lettre. Pour cela, l&rsquo;ex-d\u00e9put\u00e9e a demand\u00e9 aux candidats de r\u00e9diger un petit texte afin d&rsquo;analyser leurs \u00e9critures pour les comparer celle des tra\u00eetres. Anthony Collette, Nicolas Lacroix et Cospiel ont eu de gros soup\u00e7ons sur le r\u00f4le de Sophie Tapie apr\u00e8s avoir gagn\u00e9 la possibilit\u00e9 de visionner son entretien avec \u00c9ric Antoine dans lequel elle exposait son envie d&rsquo;\u00eatre tra\u00eetre. Enfin, lors de la table ronde, l&rsquo;ambiance \u00e9tait tendue. Francis Huster, Hugo Leboeuf et Seth Gueko \u00e9taient sur la sellette. Mais avec cinq voix contre lui, c&rsquo;est finalement le rappeur tatou\u00e9 qui a \u00e9t\u00e9 \u00e9limin\u00e9 par ses camarades. \u00ab\u00a0Durant tout le jeu, <b>on m&rsquo;a beaucoup accus\u00e9 d&rsquo;\u00eatre un tra\u00eetre et j&rsquo;esp\u00e8re que je vais me laver de tout \u00e7a<\/b> en vous apprenant que j&rsquo;\u00e9tais un loyal\u00a0\u00bb, a-t-il r\u00e9v\u00e9l\u00e9. Un coup dur pour les loyaux dont le nombre commence \u00e0 diminuer dangereusement.<\/p>\n","protected":false},"excerpt":{"rendered":"La chasse aux tra\u00eetres se poursuit sur M6. La semaine pass\u00e9e, les candidats de la saison 4 ont&hellip;\n","protected":false},"author":2,"featured_media":50595,"comment_status":"","ping_status":"","sticky":false,"template":"","format":"standard","meta":{"footnotes":""},"categories":[1356],"tags":[1682,244,58,59,1011,27,14252,494,7320,1199,252,1364,1630],"class_list":{"0":"post-50594","1":"post","2":"type-post","3":"status-publish","4":"format-standard","5":"has-post-thumbnail","7":"category-television","8":"tag-adil-rami","9":"tag-commentaire","10":"tag-divertissement","11":"tag-entertainment","12":"tag-fr","13":"tag-france","14":"tag-jade-leboeuf","15":"tag-m6","16":"tag-raquel-garrido","17":"tag-sophie-tapie","18":"tag-television","19":"tag-tv","20":"tag-zapping"},"share_on_mastodon":{"url":"https:\/\/pubeurope.com\/@fr\/114396066238238548","error":""},"_links":{"self":[{"href":"https:\/\/www.europesays.com\/fr\/wp-json\/wp\/v2\/posts\/50594","targetHints":{"allow":["GET"]}}],"collection":[{"href":"https:\/\/www.europesays.com\/fr\/wp-json\/wp\/v2\/posts"}],"about":[{"href":"https:\/\/www.europesays.com\/fr\/wp-json\/wp\/v2\/types\/post"}],"author":[{"embeddable":true,"href":"https:\/\/www.europesays.com\/fr\/wp-json\/wp\/v2\/users\/2"}],"replies":[{"embeddable":true,"href":"https:\/\/www.europesays.com\/fr\/wp-json\/wp\/v2\/comments?post=50594"}],"version-history":[{"count":0,"href":"https:\/\/www.europesays.com\/fr\/wp-json\/wp\/v2\/posts\/50594\/revisions"}],"wp:featuredmedia":[{"embeddable":true,"href":"https:\/\/www.europesays.com\/fr\/wp-json\/wp\/v2\/media\/50595"}],"wp:attachment":[{"href":"https:\/\/www.europesays.com\/fr\/wp-json\/wp\/v2\/media?parent=50594"}],"wp:term":[{"taxonomy":"category","embeddable":true,"href":"https:\/\/www.europesays.com\/fr\/wp-json\/wp\/v2\/categories?post=50594"},{"taxonomy":"post_tag","embeddable":true,"href":"https:\/\/www.europesays.com\/fr\/wp-json\/wp\/v2\/tags?post=50594"}],"curies":[{"name":"wp","href":"https:\/\/api.w.org\/{rel}","templated":true}]}}