{"id":505941,"date":"2025-11-02T03:43:30","date_gmt":"2025-11-02T03:43:30","guid":{"rendered":"https:\/\/www.europesays.com\/fr\/505941\/"},"modified":"2025-11-02T03:43:30","modified_gmt":"2025-11-02T03:43:30","slug":"grenoble-fait-le-break-a-amiens-a-la-pause","status":"publish","type":"post","link":"https:\/\/www.europesays.com\/fr\/505941\/","title":{"rendered":"Grenoble fait le break \u00e0 Amiens \u00e0 la pause"},"content":{"rendered":"<p>Le plus dur a \u00e9t\u00e9 r\u00e9alis\u00e9 pour les visiteurs. Amiens re\u00e7oit actuellement Grenoble \u00e0 l\u2019occasion de la treizi\u00e8me journ\u00e9e de Ligue 2. Une rencontre qui voit les Is\u00e9rois mener sur le score de deux buts \u00e0 z\u00e9ro \u00e0 la pause. Mattheo Xantippe (17e) et Nesta Elphege (34e) ont trouv\u00e9 le chemin des filets lors de ce premier acte.\u00a0<\/p>\n<p>Amiens apathique en premi\u00e8re<\/p>\n<p>Le match va d\u00e9marrer assez tranquillement, en ce d\u00e9but d\u2019apr\u00e8s-midi. D\u00e8s la deuxi\u00e8me minute de jeu, Amiens va se pr\u00e9senter dans les derniers m\u00e8tres adverses, sans pour autant se montrer dangereux. Grenoble va lui r\u00e9pondre sur l\u2019action suivante. Sur un corner frapp\u00e9 par Jessy Benet, Loris Mouyokolo reprend le ballon, mais sa tentative passe \u00e0 droite du cadre. \u00c0 la douzi\u00e8me minute de jeu, les Picards vont s\u2019offrir la premi\u00e8re grosse occasion de la partie. Ga\u00ebtan Paquiez manque sa relance dans sa moiti\u00e9 de terrain et permet aux hommes d\u2019Omar Das d\u2019avancer. Sur le c\u00f4t\u00e9 droit, Jan Mlakar remet sur Ily\u00e8s Hamache qui pousse Mamadou Diop \u00e0 s\u2019\u00e9tirer pour emp\u00eacher l\u2019ouverture du score.\u00a0<\/p>\n<p>Dans la foul\u00e9e, le GF38 va ouvrir le score. Th\u00e9o Valls se trouve sur le c\u00f4t\u00e9 droit et centre en direction du point de penalty. Matthieu Xantippe manque de peu de reprendre le ballon de la t\u00eate mais Samba L\u00e9l\u00e9 Diba lui remet. Seul aux six m\u00e8tres, le milieu de terrain allume Paul Bernardoni \u00e0 bout portant. Dans la foul\u00e9e, Amiens va perdre son capitaine Victor Lobry sur blessure. \u00c0 la 34\u00e8me minute de jeu, Grenoble va s\u2019offrir le but du break. Sur un coup-franc excentr\u00e9, Jessy Benet trouve un Nesta Elphe \u00e9trangement laiss\u00e9 seul. L\u2019avant-centre reprend parfaitement de la t\u00eate et ass\u00e8ne un nouveau coup dur aux Ami\u00e9nois.\u00a0<\/p>\n<p>Partagez cette info avec vos amis et vos proches en cliquant ici<br \/>Pour r\u00e9sumer<\/p>\n<p>Le plus dur a \u00e9t\u00e9 r\u00e9alis\u00e9 pour les visiteurs. Amiens re\u00e7oit actuellement Grenoble \u00e0 l\u2019occasion de la treizi\u00e8me journ\u00e9e de Ligue 2. Une rencontre qui voit les Is\u00e9rois mener sur le score de deux buts \u00e0 z\u00e9ro \u00e0 la pause. Mattheo Xantippe (17e) et Nesta Elphege (34e) ont trouv\u00e9 le chemin des filets lors de ce premier acte.\u00a0<\/p>\n<p> <img decoding=\"async\" width=\"76\" height=\"76\" loading=\"lazy\" src=\"https:\/\/static.wui.fr\/images_v3\/avatar-footnational.png\" alt=\"Youcef Ghalaza-Boudra\"\/><\/p>\n","protected":false},"excerpt":{"rendered":"Le plus dur a \u00e9t\u00e9 r\u00e9alis\u00e9 pour les visiteurs. Amiens re\u00e7oit actuellement Grenoble \u00e0 l\u2019occasion de la treizi\u00e8me&hellip;\n","protected":false},"author":2,"featured_media":505942,"comment_status":"","ping_status":"","sticky":false,"template":"","format":"standard","meta":{"footnotes":""},"categories":[9566],"tags":[1111,11,2430,1777,674,1011,27,2731,59995,12,25],"class_list":{"0":"post-505941","1":"post","2":"type-post","3":"status-publish","4":"format-standard","5":"has-post-thumbnail","7":"category-grenoble","8":"tag-actu","9":"tag-actualites","10":"tag-auvergne-rhone-alpes","11":"tag-eu","12":"tag-europe","13":"tag-fr","14":"tag-france","15":"tag-grenoble","16":"tag-ligue-2-actus","17":"tag-news","18":"tag-republique-francaise"},"share_on_mastodon":{"url":"https:\/\/pubeurope.com\/@fr\/115478043856943101","error":""},"_links":{"self":[{"href":"https:\/\/www.europesays.com\/fr\/wp-json\/wp\/v2\/posts\/505941","targetHints":{"allow":["GET"]}}],"collection":[{"href":"https:\/\/www.europesays.com\/fr\/wp-json\/wp\/v2\/posts"}],"about":[{"href":"https:\/\/www.europesays.com\/fr\/wp-json\/wp\/v2\/types\/post"}],"author":[{"embeddable":true,"href":"https:\/\/www.europesays.com\/fr\/wp-json\/wp\/v2\/users\/2"}],"replies":[{"embeddable":true,"href":"https:\/\/www.europesays.com\/fr\/wp-json\/wp\/v2\/comments?post=505941"}],"version-history":[{"count":0,"href":"https:\/\/www.europesays.com\/fr\/wp-json\/wp\/v2\/posts\/505941\/revisions"}],"wp:featuredmedia":[{"embeddable":true,"href":"https:\/\/www.europesays.com\/fr\/wp-json\/wp\/v2\/media\/505942"}],"wp:attachment":[{"href":"https:\/\/www.europesays.com\/fr\/wp-json\/wp\/v2\/media?parent=505941"}],"wp:term":[{"taxonomy":"category","embeddable":true,"href":"https:\/\/www.europesays.com\/fr\/wp-json\/wp\/v2\/categories?post=505941"},{"taxonomy":"post_tag","embeddable":true,"href":"https:\/\/www.europesays.com\/fr\/wp-json\/wp\/v2\/tags?post=505941"}],"curies":[{"name":"wp","href":"https:\/\/api.w.org\/{rel}","templated":true}]}}