{"id":505960,"date":"2025-11-02T03:59:19","date_gmt":"2025-11-02T03:59:19","guid":{"rendered":"https:\/\/www.europesays.com\/fr\/505960\/"},"modified":"2025-11-02T03:59:19","modified_gmt":"2025-11-02T03:59:19","slug":"un-homme-de-20-ans-tue-par-un-chauffard-poursuivi-par-la-police-2","status":"publish","type":"post","link":"https:\/\/www.europesays.com\/fr\/505960\/","title":{"rendered":"Un homme de 20 ans tu\u00e9 par un chauffard poursuivi par la police"},"content":{"rendered":"<p class=\"mb-4 text-lg md:leading-8 break-words\">La nuit d\u2019Halloween s\u2019est termin\u00e9e en drame \u00e0 <a data-i13n=\"cpos:1;pos:1\" href=\"https:\/\/www.20minutes.fr\/lille\/?at_medium=RSS%20feed&amp;at_campaign=ynews&amp;utm_source=yahoo&amp;utm_medium=rss&amp;utm_campaign=news_feed&amp;utm_content=in_article_link\" rel=\"nofollow noopener\" target=\"_blank\" data-ylk=\"slk:Lille;cpos:1;pos:1;elm:context_link;itc:0;sec:content-canvas\" class=\"link \">Lille<\/a>, dans le Nord, apr\u00e8s qu\u2019un jeune homme d\u2019une vingtaine d\u2019ann\u00e9es a \u00e9t\u00e9 mortellement percut\u00e9 par un chauffard ans le centre-ville. Selon <a data-i13n=\"cpos:2;pos:1\" href=\"https:\/\/www.francebleu.fr\/infos\/faits-divers-justice\/lille-un-pieton-percute-mortellement-par-une-voiture-boulevard-de-la-liberte-6970834?at_medium=RSS%20feed&amp;at_campaign=ynews&amp;utm_source=yahoo&amp;utm_medium=rss&amp;utm_campaign=news_feed&amp;utm_content=in_article_link\" rel=\"nofollow noopener\" target=\"_blank\" data-ylk=\"slk:Ici Nord;cpos:2;pos:1;elm:context_link;itc:0;sec:content-canvas\" class=\"link \">Ici Nord<\/a>, la voiture \u00e9tait en <a data-i13n=\"cpos:3;pos:1\" href=\"https:\/\/www.20minutes.fr\/dossier\/delit_de_fuite?at_medium=RSS%20feed&amp;at_campaign=ynews&amp;utm_source=yahoo&amp;utm_medium=rss&amp;utm_campaign=news_feed&amp;utm_content=in_article_link\" rel=\"nofollow noopener\" target=\"_blank\" data-ylk=\"slk:d\u00e9lit de fuite;cpos:3;pos:1;elm:context_link;itc:0;sec:content-canvas\" class=\"link \">d\u00e9lit de fuite<\/a>, poursuivie par la police.<\/p>\n<p class=\"mb-4 text-lg md:leading-8 break-words\">L\u2019accident s\u2019est d\u00e9roul\u00e9 ce samedi matin, vers 5 heures, au niveau du passage pi\u00e9ton traversant le boulevard de la Libert\u00e9, entre les places Richeb\u00e9 et de la R\u00e9publique.<\/p>\n<p>Le chauffard interpell\u00e9<\/p>\n<p class=\"mb-4 text-lg md:leading-8 break-words\">La voiture arrivait vite et son conducteur n\u2019a pas pu \u00e9viter un jeune homme qui traversait \u00e0 ce moment, le percutant violemment. \u00c2g\u00e9 de 19 ans, le jeune homme est mort sur place malgr\u00e9 l\u2019intervention des secours. Selon la <a data-i13n=\"cpos:4;pos:1\" href=\"https:\/\/www.lavoixdunord.fr\/1641917\/article\/2025-11-01\/lille-un-etudiant-de-19-ans-mortellement-fauche-par-une-voiture-ce-matin-place?at_medium=RSS%20feed&amp;at_campaign=ynews&amp;utm_source=yahoo&amp;utm_medium=rss&amp;utm_campaign=news_feed&amp;utm_content=in_article_link\" rel=\"nofollow noopener\" target=\"_blank\" data-ylk=\"slk:Voix du Nord;cpos:4;pos:1;elm:context_link;itc:0;sec:content-canvas\" class=\"link \">Voix du Nord<\/a>, il \u00e9tait accompagn\u00e9 de sa petite amie qui n\u2019a pas \u00e9t\u00e9 bless\u00e9e.<\/p>\n<p class=\"mb-4 text-lg md:leading-8 break-words\">Le chauffard, qui \u00e9tait poursuivi par un v\u00e9hicule de police apr\u00e8s un refus d\u2019obtemp\u00e9rer, a \u00e9t\u00e9 interpell\u00e9 peu apr\u00e8s l\u2019accident. Il a \u00e9t\u00e9 plac\u00e9 en garde \u00e0 vue. On ignore \u00e0 ce stade les raisons de son d\u00e9lit de fuite.<\/p>\n<p class=\"mb-4 text-lg md:leading-8 break-words\"><a data-i13n=\"cpos:5;pos:1\" href=\"https:\/\/www.20minutes.fr\/lille\/4182995-20251101-lille-homme-20-ans-tue-chauffard-poursuivi-police?at_medium=RSS%20feed&amp;at_campaign=ynews&amp;utm_source=yahoo&amp;utm_medium=rss&amp;utm_campaign=news_feed&amp;utm_content=read_more_link%22\" rel=\"nofollow noopener\" target=\"_blank\" data-ylk=\"slk:Lire la suite sur 20minutes;cpos:5;pos:1;elm:context_link;itc:0;sec:content-canvas\" class=\"link \">Lire la suite sur 20minutes<\/a><\/p>\n<p>\u00c0 lire aussi :<br \/><a data-i13n=\"cpos:6;pos:1\" href=\"https:\/\/www.20minutes.fr\/faits_divers\/faits-divers-marseille\/4169790-20250827-marseille-jeune-homme-20-ans-meurt-accident-scooter-apres-refus-obtemperer?at_medium=RSS%20feed&amp;at_campaign=ynews&amp;utm_source=yahoo&amp;utm_medium=rss&amp;utm_campaign=news_feed&amp;utm_content=related_content_link\" rel=\"nofollow noopener\" target=\"_blank\" data-ylk=\"slk:Marseille : Un jeune homme de 20 ans meurt dans un accident de scooter apr\u00e8s un refus d\u2019obtemp\u00e9rer;cpos:6;pos:1;elm:context_link;itc:0;sec:content-canvas\" class=\"link \">Marseille : Un jeune homme de 20 ans meurt dans un accident de scooter apr\u00e8s un refus d\u2019obtemp\u00e9rer<\/a><br \/><a data-i13n=\"cpos:7;pos:1\" href=\"https:\/\/www.20minutes.fr\/justice\/4178485-20251011-vienne-dix-mois-prison-chauffard-juge-refus-obtemperer?at_medium=RSS%20feed&amp;at_campaign=ynews&amp;utm_source=yahoo&amp;utm_medium=rss&amp;utm_campaign=news_feed&amp;utm_content=related_content_link\" rel=\"nofollow noopener\" target=\"_blank\" data-ylk=\"slk:Vienne : Dix mois de prison pour un chauffard, jug\u00e9 pour un refus d\u2019obtemp\u00e9rer;cpos:7;pos:1;elm:context_link;itc:0;sec:content-canvas\" class=\"link \">Vienne : Dix mois de prison pour un chauffard, jug\u00e9 pour un refus d\u2019obtemp\u00e9rer<\/a><\/p>\n","protected":false},"excerpt":{"rendered":"La nuit d\u2019Halloween s\u2019est termin\u00e9e en drame \u00e0 Lille, dans le Nord, apr\u00e8s qu\u2019un jeune homme d\u2019une vingtaine&hellip;\n","protected":false},"author":2,"featured_media":505961,"comment_status":"","ping_status":"","sticky":false,"template":"","format":"standard","meta":{"footnotes":""},"categories":[2815],"tags":[1111,11,4378,19462,1777,674,1011,27,811,13130,1307,12,25],"class_list":{"0":"post-505960","1":"post","2":"type-post","3":"status-publish","4":"format-standard","5":"has-post-thumbnail","7":"category-lille","8":"tag-actu","9":"tag-actualites","10":"tag-chauffard","11":"tag-delit-de-fuite","12":"tag-eu","13":"tag-europe","14":"tag-fr","15":"tag-france","16":"tag-hauts-de-france","17":"tag-la-republique","18":"tag-lille","19":"tag-news","20":"tag-republique-francaise"},"share_on_mastodon":{"url":"https:\/\/pubeurope.com\/@fr\/115478106153403158","error":""},"_links":{"self":[{"href":"https:\/\/www.europesays.com\/fr\/wp-json\/wp\/v2\/posts\/505960","targetHints":{"allow":["GET"]}}],"collection":[{"href":"https:\/\/www.europesays.com\/fr\/wp-json\/wp\/v2\/posts"}],"about":[{"href":"https:\/\/www.europesays.com\/fr\/wp-json\/wp\/v2\/types\/post"}],"author":[{"embeddable":true,"href":"https:\/\/www.europesays.com\/fr\/wp-json\/wp\/v2\/users\/2"}],"replies":[{"embeddable":true,"href":"https:\/\/www.europesays.com\/fr\/wp-json\/wp\/v2\/comments?post=505960"}],"version-history":[{"count":0,"href":"https:\/\/www.europesays.com\/fr\/wp-json\/wp\/v2\/posts\/505960\/revisions"}],"wp:featuredmedia":[{"embeddable":true,"href":"https:\/\/www.europesays.com\/fr\/wp-json\/wp\/v2\/media\/505961"}],"wp:attachment":[{"href":"https:\/\/www.europesays.com\/fr\/wp-json\/wp\/v2\/media?parent=505960"}],"wp:term":[{"taxonomy":"category","embeddable":true,"href":"https:\/\/www.europesays.com\/fr\/wp-json\/wp\/v2\/categories?post=505960"},{"taxonomy":"post_tag","embeddable":true,"href":"https:\/\/www.europesays.com\/fr\/wp-json\/wp\/v2\/tags?post=505960"}],"curies":[{"name":"wp","href":"https:\/\/api.w.org\/{rel}","templated":true}]}}