{"id":505976,"date":"2025-11-02T04:09:30","date_gmt":"2025-11-02T04:09:30","guid":{"rendered":"https:\/\/www.europesays.com\/fr\/505976\/"},"modified":"2025-11-02T04:09:30","modified_gmt":"2025-11-02T04:09:30","slug":"les-3-meilleures-adresses-pour-manger-un-vrai-riz-en-paella-a-paris","status":"publish","type":"post","link":"https:\/\/www.europesays.com\/fr\/505976\/","title":{"rendered":"Les 3 meilleures adresses pour manger un vrai riz en paella \u00e0 Paris"},"content":{"rendered":"<p>\n    <strong>D\u00c9CRYPTAGE &#8211;<\/strong> L\u2019arroz espagnol, un plat technique dont la ma\u00eetrise consiste \u00e0 obtenir une texture \u00e0 la fois ferme et cr\u00e9meuse, compte trois ambassades de choix \u00e0 Paris.<\/p>\n<p class=\"fig-paragraph\">Pour de nombreux Fran\u00e7ais, la paella \u00e9voque surtout un riz jaune mollasson dop\u00e9 aux petits pois, poulet, moules et chorizo, r\u00e9miniscence contrast\u00e9e de cantine scolaire. Et pourtant, cette sp\u00e9cialit\u00e9 de riz rond cuit dans une po\u00eale nomm\u00e9e \u00ab\u00a0paella\u00a0\u00bb,\u00a0<a href=\"http:\/\/www.lefigaro.fr\/voyages\/dossier\/valence\" data-fig-type=\"Topic\" data-gtm-custom-categorie=\"navigation\" data-gtm-custom-action=\"crossclick\" data-gtm-custom-label=\"Contextuel\" data-gtm-event=\"customEventSPE\" data-fig-domain=\"LEFIGARO\" target=\"_blank\" rel=\"noopener\">originaire de Valence<\/a>\u00a0mais cuisin\u00e9e dans toute la p\u00e9ninsule, est un monument culinaire digne de toutes les attentions.<\/p>\n<p class=\"fig-paragraph\">Paris a la chance d\u2019abriter depuis vingt-huit ans son meilleur ambassadeur\u00a0:\u00a0<a href=\"https:\/\/www.lefigaro.fr\/gastronomie\/les-recettes-d-alberto-herraiz-soupe-de-chataignes-et-poires-riz-moelleux-aux-cepes-et-carabineros-ananas-aux-olives-noires-20201117\" data-fig-type=\"Article\" data-gtm-custom-categorie=\"navigation\" data-gtm-custom-action=\"crossclick\" data-gtm-custom-label=\"Contextuel\" data-gtm-event=\"customEventSPE\" data-fig-domain=\"LEFIGARO\" target=\"_blank\" rel=\"noopener\">le chef Alberto Herraiz<\/a>, natif de Cuenca (Castille-La\u00a0Manche), qui en fit le plat phare de son restaurant Fogon, sis rue Saint-Julien-le-Pauvre, puis quai des Grands-Augustins, avant de fermer en 2017 pour mieux rena\u00eetre sous forme d\u2019\u00e9picerie-traiteur-table d\u2019h\u00f4te, rue de Verneuil (7e). Chez\u00a0<a href=\"https:\/\/www.lefigaro.fr\/sortir-paris\/fogon-ultramarinos-le-retour-d-alberto-herraiz-20190611\" data-fig-type=\"Article\" data-gtm-custom-categorie=\"navigation\" data-gtm-custom-action=\"crossclick\" data-gtm-custom-label=\"Contextuel\" data-gtm-event=\"customEventSPE\" data-fig-domain=\"LEFIGARO\" target=\"_blank\" rel=\"noopener\">Fogon Ultramarinos<\/a>, ouvert avec son \u00e9pouse Vanina, le chef propose, au d\u00e9jeuner mais aussi en livraison, pas moins de sept riz en paella pr\u00e9par\u00e9s \u00e0 la commande\u00a0: noir \u00e0 l\u2019encre de seiche, au jambon ib\u00e9rique, aux langoustines ou encore la recette du\u2026<\/p>\n<p class=\"fig-premium-paywall__infos\">\n        Cet article est r\u00e9serv\u00e9 aux abonn\u00e9s.        Il vous reste 82% \u00e0 d\u00e9couvrir.\n    <\/p>\n<p>                <img  data- alt=\"Le Figaro\" class=\"fig-img--complete fig-img\"\/><\/p>\n<p class=\"fig-premium-paywall__title\">Vous avez envie de lire la suite ?<\/p>\n<p class=\"fig-premium-paywall__subtitle\">D\u00e9bloquez tous les articles imm\u00e9diatement.<\/p>\n<p class=\"fig-premium-paywall__connect\">\n                D\u00e9j\u00e0 abonn\u00e9\u00a0?                <a class=\"fig-premium-paywall__connect-link\" href=\"https:\/\/connect.lefigaro.fr\/login?client=horizon_web&amp;type=main&amp;redirect_uri=https%3A%2F%2Fwww.lefigaro.fr%2Fgastronomie%2Fles-3-meilleures-adresses-pour-manger-un-vrai-riz-en-paella-a-paris-20251101\" data-js-gtm=\"{&quot;customCategorie&quot;: &quot;conversion&quot;, &quot;customAction&quot;: &quot;before_Landing_Connexion_paywall_auto&quot;, &quot;customLabel&quot;: &quot;bGVmaWdhcm8uZnJfXzFmMGI1N2UxLTNhZmEtNjg4Yy04NDcyLWFkYjZjZWZhYTliYl9fQXJ0aWNsZQ==_Les 3 meilleures adresses pour manger un vrai riz en paella \u00e0 Paris_627&quot;, &quot;customIDSPE&quot;: &quot;bGVmaWdhcm8uZnJfXzFmMGI1N2UxLTNhZmEtNjg4Yy04NDcyLWFkYjZjZWZhYTliYl9fQXJ0aWNsZQ==&quot;, &quot;event&quot;: &quot;customEventSPE&quot;}\" target=\"_blank\" rel=\"noopener\"><br \/>\n                    Connectez-vous<br \/>\n                <\/a>\n            <\/p>\n","protected":false},"excerpt":{"rendered":"D\u00c9CRYPTAGE &#8211; L\u2019arroz espagnol, un plat technique dont la ma\u00eetrise consiste \u00e0 obtenir une texture \u00e0 la fois&hellip;\n","protected":false},"author":2,"featured_media":505977,"comment_status":"","ping_status":"","sticky":false,"template":"","format":"standard","meta":{"footnotes":""},"categories":[1888],"tags":[11,1777,674,1011,27,12,626,25,1340,23644,2068],"class_list":{"0":"post-505976","1":"post","2":"type-post","3":"status-publish","4":"format-standard","5":"has-post-thumbnail","7":"category-paris","8":"tag-actualites","9":"tag-eu","10":"tag-europe","11":"tag-fr","12":"tag-france","13":"tag-news","14":"tag-paris","15":"tag-republique-francaise","16":"tag-restaurant","17":"tag-riz","18":"tag-sortir-a-paris"},"share_on_mastodon":{"url":"https:\/\/pubeurope.com\/@fr\/115478145574114856","error":""},"_links":{"self":[{"href":"https:\/\/www.europesays.com\/fr\/wp-json\/wp\/v2\/posts\/505976","targetHints":{"allow":["GET"]}}],"collection":[{"href":"https:\/\/www.europesays.com\/fr\/wp-json\/wp\/v2\/posts"}],"about":[{"href":"https:\/\/www.europesays.com\/fr\/wp-json\/wp\/v2\/types\/post"}],"author":[{"embeddable":true,"href":"https:\/\/www.europesays.com\/fr\/wp-json\/wp\/v2\/users\/2"}],"replies":[{"embeddable":true,"href":"https:\/\/www.europesays.com\/fr\/wp-json\/wp\/v2\/comments?post=505976"}],"version-history":[{"count":0,"href":"https:\/\/www.europesays.com\/fr\/wp-json\/wp\/v2\/posts\/505976\/revisions"}],"wp:featuredmedia":[{"embeddable":true,"href":"https:\/\/www.europesays.com\/fr\/wp-json\/wp\/v2\/media\/505977"}],"wp:attachment":[{"href":"https:\/\/www.europesays.com\/fr\/wp-json\/wp\/v2\/media?parent=505976"}],"wp:term":[{"taxonomy":"category","embeddable":true,"href":"https:\/\/www.europesays.com\/fr\/wp-json\/wp\/v2\/categories?post=505976"},{"taxonomy":"post_tag","embeddable":true,"href":"https:\/\/www.europesays.com\/fr\/wp-json\/wp\/v2\/tags?post=505976"}],"curies":[{"name":"wp","href":"https:\/\/api.w.org\/{rel}","templated":true}]}}