{"id":505984,"date":"2025-11-02T04:13:11","date_gmt":"2025-11-02T04:13:11","guid":{"rendered":"https:\/\/www.europesays.com\/fr\/505984\/"},"modified":"2025-11-02T04:13:11","modified_gmt":"2025-11-02T04:13:11","slug":"usa-exhortent-lasean-a-renforcer-les-forces-maritimes-contre-les-affirmations-de-la-chine-sur-la-mer-de-chine-meridionale","status":"publish","type":"post","link":"https:\/\/www.europesays.com\/fr\/505984\/","title":{"rendered":"USA exhortent l&rsquo;ASEAN \u00e0 renforcer les forces maritimes contre les affirmations de la Chine sur la mer de Chine m\u00e9ridionale"},"content":{"rendered":"<p>ARTA &#8211; Le secr\u00e9taire am\u00e9ricain de la D\u00e9fense, Pete Hgeseth, a exhort\u00e9 les pays d\u2019Asie du Sud-Est (ASEAN) \u00e0 rester fermes et \u00e0 renforcer les forces maritimes contre les actions de la Chine qui \u00ab d\u00e9stabilisent \u00bb de plus en plus la mer de Chine m\u00e9ridionale.<\/p>\n<p>Homseth a r\u00e9it\u00e9r\u00e9 les inqui\u00e9tudes am\u00e9ricaines au sujet de ce qu\u2019il a appel\u00e9 \u00ab agression chinoise \u00bb \u00e0 la suite d\u2019efforts intensifs, tels que l\u2019incident de frapper des navires et l\u2019utilisation de canons \u00e0 eau par l\u2019arm\u00e9e chinoise dans les eaux contest\u00e9es.<\/p>\n<p>r\u00e9nit\u00e9 de la mer de Chine m\u00e9ridionale est consid\u00e9r\u00e9e comme l\u2019un des feux les plus volatils d\u2019Asie. La Chine revendique le contr\u00f4le de presque tout le territoire de la mer de Chine m\u00e9ridionale, tandis que les membres de l\u2019ASEAN tels que les Philippines, le Vietnam, la Malaisie et le Brunei revendiquent \u00e9galement sa propri\u00e9t\u00e9 territoriale et ses caract\u00e9ristiques c\u00f4ti\u00e8res. Les Philippines, le principal alli\u00e9 des \u00c9tats-Unis, sont les plus fr\u00e9quents dans les affrontements avec la flotte maritime chinoise.<\/p>\n<p>r\u00e9nal. Les Philippines ont exhort\u00e9 \u00e0 plusieurs reprises \u00e0 une forte r\u00e9ponse internationale et de la communaut\u00e9 r\u00e9gionale, mais l\u2019ASEAN est toujours traditionnelle en tenant en compte attentivement sur la base des relations \u00e9conomiques avec la Chine, le plus grand partenaire commercial de la r\u00e9gion.<\/p>\n<p>Harseth a critiqu\u00e9 la r\u00e9cente d\u00e9claration de la Chine sur le sous-d\u00e9p\u00eatrage de Starborough, qui a \u00e9t\u00e9 saisi de force par la Chine des Philippines en 2012. Maintenant, la r\u00e9gion sera trait\u00e9e par la Chine comme une \u00ab r\u00e9serve naturelle \u00bb.<\/p>\n<p>\u00ab Vous ne construisez pas de for\u00eats dans le patrimoine naturel \u00bb, a-t-il d\u00e9clar\u00e9, d\u00e9crivant les activit\u00e9s de la Chine dans le lieu inhabit\u00e9, samedi 1er novembre, cit\u00e9 par l\u2019AFP.<\/p>\n<p>Homseth a ensuite d\u00e9clar\u00e9 qu'\u00a0\u00bbil y a eu d&rsquo;autres efforts pour imposer de nouvelles et \u00e9tendues revendications territoriales et maritimes \u00e0 votre d\u00e9tresse \u00bb.<\/p>\n<p>Homseth a d\u00e9clar\u00e9 que les actions provocatrices de la Chine contestaient et menacaient la souverainet\u00e9 territoriale dans la r\u00e9gion. Il a ensuite soulign\u00e9 que les \u00c9tats-Unis appr\u00e9cient le dialogue continu avec la Chine.<\/p>\n<p>Hagseth a d\u00e9clar\u00e9 que les \u00c9tats-Unis surveilleront de pr\u00e8s le comportement de la Chine dans la mer de Chine m\u00e9ridionale.<\/p>\n<p>r\u00e9nit\u00e9 : \u00ab Les vastes revendications territoriales et maritimes de la Chine dans la mer de Chine m\u00e9ridionale sont contraires \u00e0 leur engagement \u00e0 r\u00e9soudre pacifiquement le diff\u00e9rend \u00bb, a-t-il d\u00e9clar\u00e9.<\/p>\n<p>\u00bb Nous voulons la paix. Nous ne voulons pas de conflit. Mais nous devons nous assurer que la Chine n\u2019essaie pas de vous dominer ou sur tout le monde \u00bb, a d\u00e9clar\u00e9 Homseth.<\/p>\n<p>The English, Chinese, Japanese, Arabic, and French versions are automatically generated by the AI. So there may still be inaccuracies in translating, please always see Indonesian as our main language.<br \/>\n                                    (system supported by DigitalSiber.id)<\/p>\n","protected":false},"excerpt":{"rendered":"ARTA &#8211; Le secr\u00e9taire am\u00e9ricain de la D\u00e9fense, Pete Hgeseth, a exhort\u00e9 les pays d\u2019Asie du Sud-Est (ASEAN)&hellip;\n","protected":false},"author":2,"featured_media":505985,"comment_status":"","ping_status":"","sticky":false,"template":"","format":"standard","meta":{"footnotes":""},"categories":[1589],"tags":[62761,11,73,1866,62759,12,62760,1864,1865,1863,308],"class_list":{"0":"post-505984","1":"post","2":"type-post","3":"status-publish","4":"format-standard","5":"has-post-thumbnail","7":"category-etats-unis","8":"tag-a-exhorte-les-pays-dasie-du-sud-est-asean-a-setre-fermes-et-a-renforcer-leurs-forces-maritimes-contre-les-actions-de-la-chine-qui-destabilisent-de-plus-en-plus-la-mer","9":"tag-actualites","10":"tag-etats-unis","11":"tag-etats-unis-damerique","12":"tag-le-secretaire-americain-de-la-defense","13":"tag-news","14":"tag-pete-hamseth","15":"tag-united-states","16":"tag-united-states-of-america","17":"tag-us","18":"tag-usa"},"share_on_mastodon":{"url":"https:\/\/pubeurope.com\/@fr\/115478161234695277","error":""},"_links":{"self":[{"href":"https:\/\/www.europesays.com\/fr\/wp-json\/wp\/v2\/posts\/505984","targetHints":{"allow":["GET"]}}],"collection":[{"href":"https:\/\/www.europesays.com\/fr\/wp-json\/wp\/v2\/posts"}],"about":[{"href":"https:\/\/www.europesays.com\/fr\/wp-json\/wp\/v2\/types\/post"}],"author":[{"embeddable":true,"href":"https:\/\/www.europesays.com\/fr\/wp-json\/wp\/v2\/users\/2"}],"replies":[{"embeddable":true,"href":"https:\/\/www.europesays.com\/fr\/wp-json\/wp\/v2\/comments?post=505984"}],"version-history":[{"count":0,"href":"https:\/\/www.europesays.com\/fr\/wp-json\/wp\/v2\/posts\/505984\/revisions"}],"wp:featuredmedia":[{"embeddable":true,"href":"https:\/\/www.europesays.com\/fr\/wp-json\/wp\/v2\/media\/505985"}],"wp:attachment":[{"href":"https:\/\/www.europesays.com\/fr\/wp-json\/wp\/v2\/media?parent=505984"}],"wp:term":[{"taxonomy":"category","embeddable":true,"href":"https:\/\/www.europesays.com\/fr\/wp-json\/wp\/v2\/categories?post=505984"},{"taxonomy":"post_tag","embeddable":true,"href":"https:\/\/www.europesays.com\/fr\/wp-json\/wp\/v2\/tags?post=505984"}],"curies":[{"name":"wp","href":"https:\/\/api.w.org\/{rel}","templated":true}]}}