{"id":505986,"date":"2025-11-02T04:14:30","date_gmt":"2025-11-02T04:14:30","guid":{"rendered":"https:\/\/www.europesays.com\/fr\/505986\/"},"modified":"2025-11-02T04:14:30","modified_gmt":"2025-11-02T04:14:30","slug":"royaume-uni-une-attaque-au-couteau-dans-un-train-fait-plusieurs-blesses","status":"publish","type":"post","link":"https:\/\/www.europesays.com\/fr\/505986\/","title":{"rendered":"Royaume-Uni : une attaque au couteau dans un train fait plusieurs bless\u00e9s"},"content":{"rendered":"<ul class=\"jsx-862013697 ArticleChapo__List\">\n<li class=\"jsx-862013697 ArticleChapo__List_Item flex\">Plusieurs personnes ont \u00e9t\u00e9 hospitalis\u00e9es apr\u00e8s avoir \u00e9t\u00e9 poignard\u00e9es \u00e0 bord d&rsquo;un train dans la r\u00e9gion de Cambridge, dans l&rsquo;est de l&rsquo;Angleterre.<\/li>\n<li class=\"jsx-862013697 ArticleChapo__List_Item flex\">Deux individus ont \u00e9t\u00e9 arr\u00eat\u00e9s, annonce la police des transports britannique.<\/li>\n<\/ul>\n<p data-module=\"article-paragraph\" class=\"jsx-3046738180 Paragraph\">Deux personnes ont \u00e9t\u00e9 arr\u00eat\u00e9es apr\u00e8s une attaque \u00e0 l&rsquo;arme blanche qui a fait plusieurs bless\u00e9s \u00e0 bord d&rsquo;un train dans la r\u00e9gion de Cambridge, dans l&rsquo;est de l&rsquo;Angleterre, samedi 1er novembre.\u00a0<\/p>\n<p data-module=\"article-paragraph\" class=\"jsx-3046738180 Paragraph Paragraph__End\">Les forces de l&rsquo;ordre ont \u00e9t\u00e9 alert\u00e9es de l&rsquo;incident peu apr\u00e8s 19h30. \u00a0\u00ab\u00a0Nous intervenons actuellement suite \u00e0 un incident survenu dans un train en direction de Huntingdon, o\u00f9 plusieurs personnes ont \u00e9t\u00e9 poignard\u00e9es\u00a0\u00bb, a indiqu\u00e9 la police des transports britannique sur X. \u00ab\u00a0Plusieurs personnes ont \u00e9t\u00e9 transport\u00e9es \u00e0 l&rsquo;h\u00f4pital\u00a0\u00bb, a-t-elle pr\u00e9cis\u00e9.<\/p>\n<p>Un homme arm\u00e9 d&rsquo;un grand couteau<\/p>\n<p data-module=\"article-paragraph\" class=\"jsx-3046738180 Paragraph\">Le Premier ministre Keir Starmer a rapidement r\u00e9agi sur X qualifiant l&rsquo;\u00e9v\u00e9nement d'\u00a0\u00bbextr\u00eamement pr\u00e9occupant\u00a0\u00bb. \u00ab\u00a0Mes pens\u00e9es vont \u00e0 toutes les personnes touch\u00e9es, et je remercie les services d&rsquo;urgence pour leur r\u00e9ponse\u00a0\u00bb, a-t-il ajout\u00e9, conseillant aux personnes dans la zone de l&rsquo;attaque de \u00ab\u00a0suivre les conseils de la police\u00a0\u00bb.<\/p>\n<p data-module=\"article-paragraph\" class=\"jsx-3046738180 Paragraph Paragraph__End\">Des t\u00e9moins interrog\u00e9s par le journal The Times ont indiqu\u00e9 avoir vu un homme arm\u00e9 d&rsquo;un grand couteau et des passagers se cacher dans les toilettes du train pour se prot\u00e9ger. Un t\u00e9moin a rapport\u00e9 avoir vu \u00ab\u00a0du sang partout\u00a0\u00bb.<\/p>\n<p><a href=\"https:\/\/www.tf1info.fr\/international\/royaume-uni-ce-que-l-on-sait-sur-l-attaque-qui-a-fait-2-morts-devant-une-synagogue-a-manchester-2398260.html\" rel=\"noopener\" class=\"jsx-3308031228 Link flex\" target=\"_blank\"><img decoding=\"async\" src=\"https:\/\/www.europesays.com\/fr\/wp-content\/uploads\/2025\/11\/attaque-synagogue-manchester-1-11dae1-0@1x.jpeg\" alt=\"Paul Currie \/ AFP\" loading=\"lazy\" importance=\"low\" fetchpriority=\"low\" class=\"\" aria-hidden=\"true\"\/><\/p>\n<p class=\"jsx-3657663356 ReadMoreArticle__Title\">Lire aussi<\/p>\n<p class=\"jsx-3657663356\">Ce que l&rsquo;on sait sur l&rsquo;attaque qui a fait 2 morts devant une synagogue \u00e0 Manchester<\/p>\n<p><\/a><\/p>\n<p data-module=\"article-paragraph\" class=\"jsx-3046738180 Paragraph\">La compagnie ferroviaire London North Eastern Railway (LNER) a annonc\u00e9 la fermeture de toutes ses lignes pendant l&rsquo;intervention des services d&rsquo;urgence dans cette gare. LNER, qui exploite des liaisons ferroviaires dans l&rsquo;est de l&rsquo;Angleterre et en \u00c9cosse, a appel\u00e9 les voyageurs \u00e0 \u00e9viter tout d\u00e9placement, pr\u00e9voyant des \u00ab\u00a0perturbations majeures\u00a0\u00bb.<\/p>\n<p data-module=\"article-paragraph\" class=\"jsx-3046738180 Paragraph Paragraph__End\">Dans un pays o\u00f9 la l\u00e9gislation sur les armes \u00e0 feu est tr\u00e8s stricte, les violences \u00e0 l&rsquo;arme blanche ont fortement augment\u00e9 ces quinze derni\u00e8res ann\u00e9es en Angleterre et au pays de Galles, selon des chiffres officiels, poussant le Premier ministre \u00e0 qualifier la situation de \u00ab\u00a0crise nationale\u00a0\u00bb.<\/p>\n<p>T.M  avec AFP<\/p>\n","protected":false},"excerpt":{"rendered":"Plusieurs personnes ont \u00e9t\u00e9 hospitalis\u00e9es apr\u00e8s avoir \u00e9t\u00e9 poignard\u00e9es \u00e0 bord d&rsquo;un train dans la r\u00e9gion de Cambridge,&hellip;\n","protected":false},"author":2,"featured_media":505987,"comment_status":"","ping_status":"","sticky":false,"template":"","format":"standard","meta":{"footnotes":""},"categories":[1588],"tags":[1111,11,4708,1921,1777,674,1922,2581,12,1072,473,1853,2803,1851,1850,1852,133,1920],"class_list":{"0":"post-505986","1":"post","2":"type-post","3":"status-publish","4":"format-standard","5":"has-post-thumbnail","7":"category-royaume-uni","8":"tag-actu","9":"tag-actualites","10":"tag-angleterre","11":"tag-article-video","12":"tag-eu","13":"tag-europe","14":"tag-info","15":"tag-keir-starmer","16":"tag-news","17":"tag-police","18":"tag-royaume-uni","19":"tag-royaume-uni-de-grande-bretagne-et-dirlande-du-nord","20":"tag-transport","21":"tag-uk","22":"tag-united-kingdom","23":"tag-united-kingdom-of-great-britain-and-northern-ireland","24":"tag-video","25":"tag-video-international"},"share_on_mastodon":{"url":"https:\/\/pubeurope.com\/@fr\/115478165845787705","error":""},"_links":{"self":[{"href":"https:\/\/www.europesays.com\/fr\/wp-json\/wp\/v2\/posts\/505986","targetHints":{"allow":["GET"]}}],"collection":[{"href":"https:\/\/www.europesays.com\/fr\/wp-json\/wp\/v2\/posts"}],"about":[{"href":"https:\/\/www.europesays.com\/fr\/wp-json\/wp\/v2\/types\/post"}],"author":[{"embeddable":true,"href":"https:\/\/www.europesays.com\/fr\/wp-json\/wp\/v2\/users\/2"}],"replies":[{"embeddable":true,"href":"https:\/\/www.europesays.com\/fr\/wp-json\/wp\/v2\/comments?post=505986"}],"version-history":[{"count":0,"href":"https:\/\/www.europesays.com\/fr\/wp-json\/wp\/v2\/posts\/505986\/revisions"}],"wp:featuredmedia":[{"embeddable":true,"href":"https:\/\/www.europesays.com\/fr\/wp-json\/wp\/v2\/media\/505987"}],"wp:attachment":[{"href":"https:\/\/www.europesays.com\/fr\/wp-json\/wp\/v2\/media?parent=505986"}],"wp:term":[{"taxonomy":"category","embeddable":true,"href":"https:\/\/www.europesays.com\/fr\/wp-json\/wp\/v2\/categories?post=505986"},{"taxonomy":"post_tag","embeddable":true,"href":"https:\/\/www.europesays.com\/fr\/wp-json\/wp\/v2\/tags?post=505986"}],"curies":[{"name":"wp","href":"https:\/\/api.w.org\/{rel}","templated":true}]}}