{"id":505988,"date":"2025-11-02T04:15:29","date_gmt":"2025-11-02T04:15:29","guid":{"rendered":"https:\/\/www.europesays.com\/fr\/505988\/"},"modified":"2025-11-02T04:15:29","modified_gmt":"2025-11-02T04:15:29","slug":"elis-fait-lacquisition-de-larose-en-allemagne-31-10-2025-a-0847","status":"publish","type":"post","link":"https:\/\/www.europesays.com\/fr\/505988\/","title":{"rendered":"Elis fait l&rsquo;acquisition de Laros\u00e9 en Allemagne &#8211; 31\/10\/2025 \u00e0 08:47"},"content":{"rendered":"<p>\n (AOF) &#8211;<br \/>\n <a href=\"https:\/\/www.boursorama.com\/cours\/1rPELIS\/\" rel=\"nofollow noopener\" target=\"_blank\"><br \/>\n  Elis<br \/>\n <\/a><br \/>\n annonce l\u2019acquisition de 100% de Laros\u00e9 en Allemagne. Ce groupe, qui  dessert l\u2019est du pays \u00e0 travers ses 2 blanchisseries situ\u00e9es \u00e0 Sch\u00f6nebeck et \u00e0 Berlin, s\u2019adresse \u00e0 une client\u00e8le du secteur de la sant\u00e9 et propose une gamme diversifi\u00e9e de services de location et d\u2019entretien en linge plat, en v\u00eatement professionnel et en linge de r\u00e9sidents. Laros\u00e9 (environ 145 personnes) a d\u00e9gag\u00e9 un chiffre d\u2019affaires d\u2019environ 13 millions d\u2019euros en 2024 et sera consolid\u00e9e dans les comptes \u00e0 partir du 1er novembre 2025.\n<\/p>\n<p>\n <strong><br \/>\n  AOF &#8211; EN SAVOIR PLUS<br \/>\n <\/strong>\n<\/p>\n<p>\n <strong><br \/>\n  Points cl\u00e9s<br \/>\n <\/strong>\n<\/p>\n<p>\n &#8211; Prestataire de solutions de location-entretien d\u2019articles textiles et de services dans l\u2019hygi\u00e8ne, le bien-\u00eatre et l\u2019anti-parasitaire , cr\u00e9\u00e9 en 1883 ;\n<\/p>\n<p>\n &#8211; Revenus de 4,6 Mds\u20ac dont 88 % dans l\u2019usage des produits, \u00e9quilibr\u00e9 entre la sant\u00e9 pour 29 %, l\u2019industrie pour 27 %, l\u2019h\u00f4tellerie-restauration pour 26 %, les commerces et services pour 18 % ;\n<\/p>\n<p>\n &#8211; Pr\u00e9sence de plus en plus internationale, la France apportant 28 % des revenus, devant l\u2019Europe centrale (8 %), la Scandinavie &amp; Europe de l\u2019est (14 %), le Royaume-Uni et l\u2019Irlande (12 %), l\u2019Am\u00e9rique latine (9,5 %) et l\u2019Europe du sud ;\n<\/p>\n<p>\n &#8211; Mod\u00e8le d\u2019affaires de : r\u00e9plication de la strat\u00e9gie de maillage territorial et de densit\u00e9 du r\u00e9seau en fran\u00e7ais dans les autres 30 pays, recherche d\u2019implantation de pays \u00e0 fort potentiel, conception de produits et services circulaires ;\n<\/p>\n<p>\n &#8211; Capital \u00e9clat\u00e9 avec 3 positions fortes -11,9 % des actions et 20,4 % des droits de vote pour la Caisse de pensions du Canada, 15,1 % et 13,05 % pour le fonds br\u00e9silien BWSA et 2,91 % et 3,64 % pour les dirigeants &amp; salari\u00e9s ;\n<\/p>\n<p>\n &#8211; Conseil de surveillance de 13 membres pr\u00e9sid\u00e9 par Thierry Morin et directoire pr\u00e9sid\u00e9 par Xavier Martir\u00e9.\n<\/p>\n<p>\n <strong><br \/>\n  Enjeux<br \/>\n <\/strong>\n<\/p>\n<p>\n Agilit\u00e9 du mod\u00e8le d\u2019affaires :\n<\/p>\n<p>\n &#8211; focus sur la rentabilit\u00e9 via l\u2019optimisation de la logistique, l\u2019int\u00e9gration des process circulaires, la baisse des stocks centraux de linge et et les ren\u00e9gociations d\u2019achat d\u2019\u00e9nergie,\n<\/p>\n<p>\n &#8211; s\u00e9curisation des contrats d\u2019approvisionnement via des prix fixes en gaz et \u00e9lectricit\u00e9,\n<\/p>\n<p>\n &#8211; renforcement des structures commerciales et s\u00e9lectivit\u00e9 accrue en croissance externe,\n<\/p>\n<p>\n &#8211; d\u00e9ploiement de l\u2019offre aux TPE-PME \u00e0 l\u2019international,\n<\/p>\n<p>\n &#8211; innovation ax\u00e9e sur la digitalisation, port\u00e9e par des chefs de projet d\u00e9di\u00e9s tels les programmes de tra\u00e7abilit\u00e9 -Elis Connext dans le sanitaire et Pest Control dans la lutte contre les nuisibles- et dop\u00e9e par les  partenariats avec une douzaine de start-up ;\n<\/p>\n<p>\n &#8211; Strat\u00e9gie environnementale 2030 fond\u00e9e sur l\u2019\u00e9co-conception, la durabilit\u00e9 et la circularit\u00e9 :\n<\/p>\n<p>\n &#8211; r\u00e9duction de 47,5%, vs 2019, des \u00e9missions de CO2 pour les scopes 1 et 2 et de 28% pour le scope 3 (fournisseurs, d\u00e9placements et fin de vie des produits vendus,\n<\/p>\n<p>\n &#8211; point d\u2019\u00e9tape 2025 : 80 %, vs 2010, des textiles en fin de vie r\u00e9utilis\u00e9s\/recycl\u00e9s,\n<\/p>\n<p>\n am\u00e9lioration de 35 % de l\u2019efficacit\u00e9 thermique des usines europ\u00e9ennes,\n<\/p>\n<p>\n &#8211; optimisation des ressources en eau\n<\/p>\n<p>\n &#8211; int\u00e9gration des objectifs climat dans la facilit\u00e9 de cr\u00e9dit de 900 M\u20ac ;\n<\/p>\n<p>\n &#8211; Appui sur une faible exposition (30 %) des revenus aux cycles \u00e9conomiques et sur l\u2019externalisation des services par les clients, d\u2019o\u00f9 une croissance externe agressive (50 \u00e0 150M\u20ac disponibles pour 2025) avec 3 acquisitions au 1<\/p>\n<p>  er<\/p>\n<p> semestre (l\u2019espagnol Carsan, l\u2019allemand Enst et le suisse Badensee) et privil\u00e9giant les march\u00e9s, fragment\u00e9s -linge plat (v\u00eatements professionnels, serviettes) et lutte contre les nuisibles ;\n<\/p>\n<p>\n &#8211; Strat\u00e9gie volontariste de diminution &amp; rationalisation de la dette (\u00e9ch\u00e9ances int\u00e9gralement \u00e0 taux fixe et \u00e9tal\u00e9es jusqu\u2019\u00e0 juin 2032) reconnue par l\u2019obtention du profil \u00ab Investment Grade \u00bb avec un effet de levier ramen\u00e9 \u00e0 1,92 et un autofinancement libre de 31 M\u20ac.\n<\/p>\n<p>\n <strong><br \/>\n  D\u00e9fis<br \/>\n <\/strong>\n<\/p>\n<p>\n &#8211; Suivi des performances en H\u00f4tellerie-restauration, les op\u00e9rateurs privil\u00e9giant les prix \u00e9lev\u00e9s sur le taux d\u2019occupation en France et au Royaume-Uni ;\n<\/p>\n<p>\n &#8211; En Am\u00e9rique latine, impact n\u00e9gatif sur le chiffre d\u2019affaires des changes devises locales \/euro sur le chiffre d\u2019affaires et attente de l\u2019int\u00e9gration des hausses de salaires minimaux dans les contrats ;\n<\/p>\n<p>\n &#8211; Apr\u00e8s une hausse de 3,5 % du chiffre d\u2019affaires et de 2,6 % du r\u00e9sultat net courant au 1<\/p>\n<p>  er<\/p>\n<p> semestre, objectifs 2025 confirm\u00e9s : hausse des revenus proche de 4 %, l\u00e9g\u00e8re croissance du r\u00e9sultat net et de l\u2019autofinancement libre et levier de dette en repli d\u2019un point ;\n<\/p>\n<p>\n &#8211; Dividende 2024 en hausse 0,45 \u20ac, avec programme de rachat d\u2019actions de 150 M\u20ac.<\/p>\n","protected":false},"excerpt":{"rendered":"(AOF) &#8211; Elis annonce l\u2019acquisition de 100% de Laros\u00e9 en Allemagne. Ce groupe, qui dessert l\u2019est du pays&hellip;\n","protected":false},"author":2,"featured_media":505989,"comment_status":"","ping_status":"","sticky":false,"template":"","format":"standard","meta":{"footnotes":""},"categories":[1587],"tags":[400,11,672,398,408,1804,405,1805,1803,1777,674,1801,403,402,399,404,12,1802,401,406,407],"class_list":{"0":"post-505988","1":"post","2":"type-post","3":"status-publish","4":"format-standard","5":"has-post-thumbnail","7":"category-allemagne","8":"tag-action-cac-40","9":"tag-actualites","10":"tag-allemagne","11":"tag-bourse-de-paris","12":"tag-boursorama","13":"tag-bundesrepublik-deutschland","14":"tag-cotations","15":"tag-de","16":"tag-deutschland","17":"tag-eu","18":"tag-europe","19":"tag-germany","20":"tag-indices-devises","21":"tag-investir","22":"tag-investissement","23":"tag-marche-boursier","24":"tag-news","25":"tag-republique-federale-dallemagne","26":"tag-sicav","27":"tag-trackers","28":"tag-warrants"},"share_on_mastodon":{"url":"https:\/\/pubeurope.com\/@fr\/115478169104371864","error":""},"_links":{"self":[{"href":"https:\/\/www.europesays.com\/fr\/wp-json\/wp\/v2\/posts\/505988","targetHints":{"allow":["GET"]}}],"collection":[{"href":"https:\/\/www.europesays.com\/fr\/wp-json\/wp\/v2\/posts"}],"about":[{"href":"https:\/\/www.europesays.com\/fr\/wp-json\/wp\/v2\/types\/post"}],"author":[{"embeddable":true,"href":"https:\/\/www.europesays.com\/fr\/wp-json\/wp\/v2\/users\/2"}],"replies":[{"embeddable":true,"href":"https:\/\/www.europesays.com\/fr\/wp-json\/wp\/v2\/comments?post=505988"}],"version-history":[{"count":0,"href":"https:\/\/www.europesays.com\/fr\/wp-json\/wp\/v2\/posts\/505988\/revisions"}],"wp:featuredmedia":[{"embeddable":true,"href":"https:\/\/www.europesays.com\/fr\/wp-json\/wp\/v2\/media\/505989"}],"wp:attachment":[{"href":"https:\/\/www.europesays.com\/fr\/wp-json\/wp\/v2\/media?parent=505988"}],"wp:term":[{"taxonomy":"category","embeddable":true,"href":"https:\/\/www.europesays.com\/fr\/wp-json\/wp\/v2\/categories?post=505988"},{"taxonomy":"post_tag","embeddable":true,"href":"https:\/\/www.europesays.com\/fr\/wp-json\/wp\/v2\/tags?post=505988"}],"curies":[{"name":"wp","href":"https:\/\/api.w.org\/{rel}","templated":true}]}}