{"id":505990,"date":"2025-11-02T04:16:12","date_gmt":"2025-11-02T04:16:12","guid":{"rendered":"https:\/\/www.europesays.com\/fr\/505990\/"},"modified":"2025-11-02T04:16:12","modified_gmt":"2025-11-02T04:16:12","slug":"les-stations-francaises-les-plus-abordables-deurope-selon-le-nouvel-indice-holidu","status":"publish","type":"post","link":"https:\/\/www.europesays.com\/fr\/505990\/","title":{"rendered":"les stations fran\u00e7aises les plus abordables d\u2019Europe selon le nouvel indice Holidu"},"content":{"rendered":"<p>\u00c0 l\u2019approche de l\u2019hiver, les amateurs de glisse se demandent o\u00f9 skier sans se ruiner. L\u2019\u00e9tude publi\u00e9e par\u00a0<strong>Holidu<\/strong>, bas\u00e9e \u00e0 Munich, dresse le classement 2025\/2026 des stations de ski les plus abordables \u2014 et des plus luxueuses \u2014 d\u2019Europe. R\u00e9alis\u00e9e \u00e0 partir des co\u00fbts journaliers r\u00e9els (h\u00e9bergement et forfaits), cette enqu\u00eate compare plus de\u00a0<strong>cent stations europ\u00e9ennes disposant de plus de 20 km de pistes<\/strong>.<\/p>\n<p>:<\/p>\n<p>Les Pyr\u00e9n\u00e9es et le Vercors en champions du rapport qualit\u00e9-prix<\/p>\n<p>En t\u00eate du classement des destinations les plus \u00e9conomiques,\u00a0<strong>trois stations fran\u00e7aises<\/strong>\u00a0:<\/p>\n<ul>\n<li><strong>Artouste-Laruns<\/strong>\u00a0(Pyr\u00e9n\u00e9es) arrive premi\u00e8re, avec un co\u00fbt moyen journalier de\u00a0<strong>43,50 \u20ac par personne<\/strong>, forfait et h\u00e9bergement compris. La station offre 27 km de pistes avec vue sur le Pic du Midi d\u2019Ossau et un petit train embl\u00e9matique menant aux pistes.<\/li>\n<li><strong>Lans-en-Vercors<\/strong>, nich\u00e9e dans le parc naturel r\u00e9gional du m\u00eame nom, prend la deuxi\u00e8me place (<strong>44,20 \u20ac\/jour<\/strong>). Avec ses 23 km de pistes et son ambiance de village montagnard, elle s\u00e9duit les familles et les d\u00e9butants.<\/li>\n<li><strong>R\u00e9allon<\/strong>, dans les Hautes-Alpes, compl\u00e8te le podium (<strong>45 \u20ac\/jour<\/strong>). Surplombant le lac de Serre-Pon\u00e7on, elle combine tranquillit\u00e9, panoramas spectaculaires et 30 km de pistes vari\u00e9es.<\/li>\n<\/ul>\n<p>Derri\u00e8re ce trio de t\u00eate, on retrouve d\u2019autres perles fran\u00e7aises comme\u00a0<strong>Autrans-La Sure<\/strong>,\u00a0<strong>Roubion-les-Buisses<\/strong>\u00a0ou\u00a0<strong>Hautacam<\/strong>, toutes situ\u00e9es entre\u00a0<strong>45 \u20ac et 50 \u20ac par jour<\/strong>, loin des tarifs stratosph\u00e9riques des Alpes autrichiennes ou suisses.<\/p>\n<p>Quand le luxe se paie (tr\u00e8s) cher dans les Alpes<\/p>\n<p>\u00c0 l\u2019autre extr\u00e9mit\u00e9 du classement, l\u2019Autriche et l\u2019Italie dominent le palmar\u00e8s des stations les plus on\u00e9reuses.<\/p>\n<ul>\n<li>En premi\u00e8re position,\u00a0<strong>Obergurgl-Hochgurgl<\/strong>\u00a0(Autriche) affiche un prix moyen de\u00a0<strong>287 \u20ac par jour<\/strong>, suivie de\u00a0<strong>Cortina d\u2019Ampezzo<\/strong>\u00a0(Italie,\u00a0<strong>279,50 \u20ac<\/strong>) et d\u2019<strong>Obertauern<\/strong>\u00a0(Autriche,\u00a0<strong>276,50 \u20ac<\/strong>).<\/li>\n<li>Le\u00a0<strong>top 10<\/strong>\u00a0des stations les plus ch\u00e8res comprend aussi\u00a0<strong>Zermatt<\/strong>\u00a0et\u00a0<strong>St. Moritz<\/strong>\u00a0en Suisse, ou\u00a0<strong>Madonna di Campiglio<\/strong>\u00a0et\u00a0<strong>Kitzb\u00fchel<\/strong>\u00a0en Autriche.<\/li>\n<\/ul>\n<p>Les tarifs \u00e9lev\u00e9s s\u2019expliquent par la combinaison d\u2019un h\u00e9bergement haut de gamme (souvent sup\u00e9rieur \u00e0 200 \u20ac la nuit) et de forfaits journaliers avoisinant les\u00a0<strong>70 \u00e0 80 \u20ac<\/strong>, contre\u00a0<strong>20 \u00e0 30 \u20ac<\/strong>\u00a0dans les stations fran\u00e7aises les plus accessibles.<\/p>\n<p>Une photographie fid\u00e8le du co\u00fbt r\u00e9el du ski en Europe<\/p>\n<p>L\u2019\u00e9tude, fond\u00e9e sur les donn\u00e9es de la saison hivernale \u00e0 venir, prend en compte les tarifs de la\u00a0<strong>haute saison (fin d\u00e9cembre)<\/strong>\u00a0et de la\u00a0<strong>basse saison (mars 2026)<\/strong>. Les prix des forfaits journaliers ont \u00e9t\u00e9 relev\u00e9s directement sur les sites des stations, tandis que les co\u00fbts d\u2019h\u00e9bergement proviennent des bases de donn\u00e9es internes de Holidu.<\/p>\n<p>Ce calcul permet d\u2019obtenir une moyenne r\u00e9aliste du\u00a0<strong>co\u00fbt total d\u2019une journ\u00e9e de ski par personne<\/strong>, combinant h\u00e9bergement et forfait, une m\u00e9thode in\u00e9dite qui refl\u00e8te le budget r\u00e9el d\u2019un vacancier.<\/p>\n<p>Si les grandes stations alpines continuent d\u2019attirer la client\u00e8le internationale, cette \u00e9tude met en lumi\u00e8re la\u00a0<strong>comp\u00e9titivit\u00e9 des stations moyennes fran\u00e7aises<\/strong>, souvent familiales, accessibles, et situ\u00e9es dans des environnements naturels pr\u00e9serv\u00e9s.<br \/>Avec des prix divis\u00e9s par six par rapport aux domaines autrichiens ou suisses, elles repr\u00e9sentent une\u00a0<strong>alternative cr\u00e9dible pour les familles fran\u00e7aises<\/strong>\u00a0et les amateurs de nature qui cherchent \u00e0 concilier ski, authenticit\u00e9 et budget ma\u00eetris\u00e9.<\/p>\n<p>Cette \u00e9dition 2025\/2026 de l\u2019<strong>Indice europ\u00e9en des prix du ski<\/strong>\u00a0confirme la place particuli\u00e8re de la France dans le paysage du ski europ\u00e9en :\u00a0<strong>pays \u00e0 la fois des grandes stations internationales et des p\u00e9pites locales abordables<\/strong>.<br \/>Les amateurs de glisse en qu\u00eate de paysages grandioses et de tarifs raisonnables trouveront dans les\u00a0<strong>Pyr\u00e9n\u00e9es, le Vercors ou les Hautes-Alpes<\/strong>\u00a0de quoi satisfaire toutes leurs envies sans exploser leur budget.<\/p>\n<p>Illustration : DR<br \/>[cc] Article relu et corrig\u00e9 (orthographe, syntaxe) par ChatGPT.<\/p>\n<p>Breizh-info.com, 2025, d\u00e9p\u00eaches libres de copie et de diffusion sous r\u00e9serve de mention et de lien vers la source d\u2019origine<\/p>\n","protected":false},"excerpt":{"rendered":"\u00c0 l\u2019approche de l\u2019hiver, les amateurs de glisse se demandent o\u00f9 skier sans se ruiner. L\u2019\u00e9tude publi\u00e9e par\u00a0Holidu,&hellip;\n","protected":false},"author":2,"featured_media":505991,"comment_status":"","ping_status":"","sticky":false,"template":"","format":"standard","meta":{"footnotes":""},"categories":[1586],"tags":[11,62762,62763,62764,1777,674,1011,27,61825,38811,12,62765,2723,62766,25,4129,9589,62767,62768,40932],"class_list":{"0":"post-505990","1":"post","2":"type-post","3":"status-publish","4":"format-standard","5":"has-post-thumbnail","7":"category-europe","8":"tag-actualites","9":"tag-alpes-francaises","10":"tag-artouste","11":"tag-cout-du-ski","12":"tag-eu","13":"tag-europe","14":"tag-fr","15":"tag-france","16":"tag-holidu","17":"tag-lans-en-vercors","18":"tag-news","19":"tag-prix-des-stations-de-ski","20":"tag-pyrenees","21":"tag-reallon","22":"tag-republique-francaise","23":"tag-ski","24":"tag-sports-dhiver","25":"tag-tourisme-hivernal","26":"tag-vacances-au-ski","27":"tag-vercors"},"share_on_mastodon":{"url":"https:\/\/pubeurope.com\/@fr\/115478173048928724","error":""},"_links":{"self":[{"href":"https:\/\/www.europesays.com\/fr\/wp-json\/wp\/v2\/posts\/505990","targetHints":{"allow":["GET"]}}],"collection":[{"href":"https:\/\/www.europesays.com\/fr\/wp-json\/wp\/v2\/posts"}],"about":[{"href":"https:\/\/www.europesays.com\/fr\/wp-json\/wp\/v2\/types\/post"}],"author":[{"embeddable":true,"href":"https:\/\/www.europesays.com\/fr\/wp-json\/wp\/v2\/users\/2"}],"replies":[{"embeddable":true,"href":"https:\/\/www.europesays.com\/fr\/wp-json\/wp\/v2\/comments?post=505990"}],"version-history":[{"count":0,"href":"https:\/\/www.europesays.com\/fr\/wp-json\/wp\/v2\/posts\/505990\/revisions"}],"wp:featuredmedia":[{"embeddable":true,"href":"https:\/\/www.europesays.com\/fr\/wp-json\/wp\/v2\/media\/505991"}],"wp:attachment":[{"href":"https:\/\/www.europesays.com\/fr\/wp-json\/wp\/v2\/media?parent=505990"}],"wp:term":[{"taxonomy":"category","embeddable":true,"href":"https:\/\/www.europesays.com\/fr\/wp-json\/wp\/v2\/categories?post=505990"},{"taxonomy":"post_tag","embeddable":true,"href":"https:\/\/www.europesays.com\/fr\/wp-json\/wp\/v2\/tags?post=505990"}],"curies":[{"name":"wp","href":"https:\/\/api.w.org\/{rel}","templated":true}]}}