{"id":505992,"date":"2025-11-02T04:17:33","date_gmt":"2025-11-02T04:17:33","guid":{"rendered":"https:\/\/www.europesays.com\/fr\/505992\/"},"modified":"2025-11-02T04:17:33","modified_gmt":"2025-11-02T04:17:33","slug":"on-a-quand-meme-eu-du-mal-a-se-rejouir-quand-on-perd-une-joueuse-en-pleurs-ana-gros-sort-blessee-avec-le-bbh-en-ligue-des-champions","status":"publish","type":"post","link":"https:\/\/www.europesays.com\/fr\/505992\/","title":{"rendered":"\u00ab\u00a0On a quand m\u00eame eu du mal \u00e0 se r\u00e9jouir quand on perd une joueuse\u00a0\u00bb\u00a0: en pleurs, Ana Gros sort bless\u00e9e avec le BBH en Ligue des champions"},"content":{"rendered":"<p>Ligue des champions (6e journ\u00e9e). Brest BH &#8211; Podravka Koprivnica (CRO)\u00a0: 33-25<\/p>\n<p>Alors que le Brest Bretagne Handball (BBH) filait vers une sixi\u00e8me victoire cons\u00e9cutive en Ligue des champions face \u00e0 Podravka Koprivnica (33-25), samedi, rien ne semblait devoir troubler la magnifique apr\u00e8s-midi des Brestoises. Dans une Arena pleine, l\u2019ambiance \u00e9tait \u00e0 la f\u00eate, jusqu\u2019\u00e0 ce que, brutalement, un silence gla\u00e7ant balaye la salle.<\/p>\n<p>Un silence, seulement d\u00e9chir\u00e9 par les cris de douleur d\u2019Ana Gros, qui per\u00e7aient la musique de la salle. \u00c0 cinq minutes du coup de sifflet final, sur une tentative lointaine, la Slov\u00e8ne est mal retomb\u00e9e sur sa cheville et s\u2019est effondr\u00e9e.<\/p>\n<p>\u00ab\u00a0\u00c7a n\u2019a pas l\u2019air tr\u00e8s joli\u00a0\u00bb<\/p>\n<p>\u00ab\u00a0Le point noir, c\u2019est la blessure d\u2019Ana, admet Rapha\u00eblle Tervel. On a quand m\u00eame eu du mal \u00e0 se r\u00e9jouir de la victoire quand on perd une joueuse.\u00a0\u00bb<\/p>\n<p>\u00c9vacu\u00e9e en larmes malgr\u00e9 les applaudissements nourris du public brestois, Gros a imm\u00e9diatement sem\u00e9 l\u2019inqui\u00e9tude. Son attitude sur le banc, loin de rassurer, laissait craindre le pire. \u00ab\u00a0On va attendre Anna pour voir un petit peu. On en saura un peu plus la semaine prochaine mais \u00e7a n\u2019a pas l\u2019air tr\u00e8s joli\u00a0\u00bb, r\u00e9sume l\u2019entra\u00eeneuse brestoise.<\/p>\n<p>Un coup dur d\u2019autant plus cruel que l\u2019arri\u00e8re droite venait de r\u00e9aliser une seconde p\u00e9riode magistrale, inscrivant pas moins de six buts. Et une tr\u00e8s mauvaise nouvelle pour le BBH, d\u00e9j\u00e0 priv\u00e9 d\u2019Annika Lott (\u00e9paule) et M\u00e9line Nocandy (cheville).<\/p>\n","protected":false},"excerpt":{"rendered":"Ligue des champions (6e journ\u00e9e). Brest BH &#8211; Podravka Koprivnica (CRO)\u00a0: 33-25 Alors que le Brest Bretagne Handball&hellip;\n","protected":false},"author":2,"featured_media":505993,"comment_status":"","ping_status":"","sticky":false,"template":"","format":"standard","meta":{"footnotes":""},"categories":[1586],"tags":[11,3449,1777,674,1779,1011,27,1792,12,25,60,1778,364],"class_list":{"0":"post-505992","1":"post","2":"type-post","3":"status-publish","4":"format-standard","5":"has-post-thumbnail","7":"category-europe","8":"tag-actualites","9":"tag-brest-bretagne-handball","10":"tag-eu","11":"tag-europe","12":"tag-european-union","13":"tag-fr","14":"tag-france","15":"tag-handball","16":"tag-news","17":"tag-republique-francaise","18":"tag-sports","19":"tag-ue","20":"tag-union-europeenne"},"share_on_mastodon":{"url":"https:\/\/pubeurope.com\/@fr\/115478177018166056","error":""},"_links":{"self":[{"href":"https:\/\/www.europesays.com\/fr\/wp-json\/wp\/v2\/posts\/505992","targetHints":{"allow":["GET"]}}],"collection":[{"href":"https:\/\/www.europesays.com\/fr\/wp-json\/wp\/v2\/posts"}],"about":[{"href":"https:\/\/www.europesays.com\/fr\/wp-json\/wp\/v2\/types\/post"}],"author":[{"embeddable":true,"href":"https:\/\/www.europesays.com\/fr\/wp-json\/wp\/v2\/users\/2"}],"replies":[{"embeddable":true,"href":"https:\/\/www.europesays.com\/fr\/wp-json\/wp\/v2\/comments?post=505992"}],"version-history":[{"count":0,"href":"https:\/\/www.europesays.com\/fr\/wp-json\/wp\/v2\/posts\/505992\/revisions"}],"wp:featuredmedia":[{"embeddable":true,"href":"https:\/\/www.europesays.com\/fr\/wp-json\/wp\/v2\/media\/505993"}],"wp:attachment":[{"href":"https:\/\/www.europesays.com\/fr\/wp-json\/wp\/v2\/media?parent=505992"}],"wp:term":[{"taxonomy":"category","embeddable":true,"href":"https:\/\/www.europesays.com\/fr\/wp-json\/wp\/v2\/categories?post=505992"},{"taxonomy":"post_tag","embeddable":true,"href":"https:\/\/www.europesays.com\/fr\/wp-json\/wp\/v2\/tags?post=505992"}],"curies":[{"name":"wp","href":"https:\/\/api.w.org\/{rel}","templated":true}]}}