{"id":505998,"date":"2025-11-02T04:20:16","date_gmt":"2025-11-02T04:20:16","guid":{"rendered":"https:\/\/www.europesays.com\/fr\/505998\/"},"modified":"2025-11-02T04:20:16","modified_gmt":"2025-11-02T04:20:16","slug":"comment-la-france-peut-enfin-assainir-ses-comptes-lexemple-neerlandais","status":"publish","type":"post","link":"https:\/\/www.europesays.com\/fr\/505998\/","title":{"rendered":"Comment la France peut\u00a0(enfin) assainir ses comptes\u00a0: l\u2019exemple n\u00e9erlandais"},"content":{"rendered":"<p>En 2024, la dette publique <a class=\"Link\" href=\"https:\/\/www.lepoint.fr\/monde\/pays-bas-le-centriste-rob-jetten-cree-la-surprise-face-a-l-extreme-droite-de-geert-wilders-29-10-2025-2602062_24.php\" title=\"\" data-gtm=\"click:capsule\" data-capsule=\"Lien\" target=\"_blank\" rel=\"noopener\">aux\u00a0Pays-Bas<\/a>\u00a0s&rsquo;\u00e9levait \u00e0 48,2\u00a0% de la production int\u00e9rieure brute (PIB), ce qui en\u00a02023\u00a0repr\u00e9sentait 481\u00a0milliards d&rsquo;euros (voir graphique). Le\u00a0pays\u00a0respecte donc ses engagements europ\u00e9ens \u2013 le plafond \u00e9tant fix\u00e9 \u00e0 60\u00a0%. Apr\u00e8s l&rsquo;effort consenti pour entrer dans la zone euro, le ratio de dette a grimp\u00e9 \u00e0 62,5\u00a0% en\u00a02008\u00a0avec la crise des subprimes, a culmin\u00e9 en 2014, puis recule depuis (hors p\u00e9riode Covid).<\/p>\n<p>Les\u00a0<a class=\"Link\" href=\"https:\/\/www.lepoint.fr\/tags\/pays-bas\" data-gtm=\"click:capsule\" data-capsule=\"Lien\" target=\"_blank\" rel=\"noopener\">Pays-Bas<\/a>\u00a0ont choisi d&rsquo;assainir leurs finances en r\u00e9duisant les d\u00e9penses, sans relever les imp\u00f4ts\u00a0: le ratio de pr\u00e9l\u00e8vements obligatoires est rest\u00e9 globalement stable sur la p\u00e9riode 1995\u20112024. Cette trajectoire s&rsquo;explique par un cadre l\u00e9gal original qui impose une politique budg\u00e9taire tendancielle et contracyclique.<\/p>\n<p>Toute l\u2019actualit\u00e9 \u00e0 1\u20ac le premier mois<\/p>\n<p><a href=\"https:\/\/abo.lepoint.fr\/?provenance=21EDI020098\" class=\"btn\" title=\"S&#039;abonner\" data-gtm=\"click:abo|display:abo\" data-campaign=\"paywall_maison\" target=\"_blank\" rel=\"noopener\">S&rsquo;abonner<\/a><\/p>\n<p>ou<\/p>\n","protected":false},"excerpt":{"rendered":"En 2024, la dette publique aux\u00a0Pays-Bas\u00a0s&rsquo;\u00e9levait \u00e0 48,2\u00a0% de la production int\u00e9rieure brute (PIB), ce qui en\u00a02023\u00a0repr\u00e9sentait 481\u00a0milliards&hellip;\n","protected":false},"author":2,"featured_media":505999,"comment_status":"","ping_status":"","sticky":false,"template":"","format":"standard","meta":{"footnotes":""},"categories":[4],"tags":[11,29545,48142,1011,27,62769,12,934,25],"class_list":{"0":"post-505998","1":"post","2":"type-post","3":"status-publish","4":"format-standard","5":"has-post-thumbnail","7":"category-france","8":"tag-actualites","9":"tag-budget-2025","10":"tag-dette-publique-6-questions-pour-tout-comprendre","11":"tag-fr","12":"tag-france","13":"tag-la-chronique-de-francois-facchini","14":"tag-news","15":"tag-pays-bas","16":"tag-republique-francaise"},"share_on_mastodon":{"url":"https:\/\/pubeurope.com\/@fr\/115478188695895699","error":""},"_links":{"self":[{"href":"https:\/\/www.europesays.com\/fr\/wp-json\/wp\/v2\/posts\/505998","targetHints":{"allow":["GET"]}}],"collection":[{"href":"https:\/\/www.europesays.com\/fr\/wp-json\/wp\/v2\/posts"}],"about":[{"href":"https:\/\/www.europesays.com\/fr\/wp-json\/wp\/v2\/types\/post"}],"author":[{"embeddable":true,"href":"https:\/\/www.europesays.com\/fr\/wp-json\/wp\/v2\/users\/2"}],"replies":[{"embeddable":true,"href":"https:\/\/www.europesays.com\/fr\/wp-json\/wp\/v2\/comments?post=505998"}],"version-history":[{"count":0,"href":"https:\/\/www.europesays.com\/fr\/wp-json\/wp\/v2\/posts\/505998\/revisions"}],"wp:featuredmedia":[{"embeddable":true,"href":"https:\/\/www.europesays.com\/fr\/wp-json\/wp\/v2\/media\/505999"}],"wp:attachment":[{"href":"https:\/\/www.europesays.com\/fr\/wp-json\/wp\/v2\/media?parent=505998"}],"wp:term":[{"taxonomy":"category","embeddable":true,"href":"https:\/\/www.europesays.com\/fr\/wp-json\/wp\/v2\/categories?post=505998"},{"taxonomy":"post_tag","embeddable":true,"href":"https:\/\/www.europesays.com\/fr\/wp-json\/wp\/v2\/tags?post=505998"}],"curies":[{"name":"wp","href":"https:\/\/api.w.org\/{rel}","templated":true}]}}