{"id":5060,"date":"2025-04-06T10:45:10","date_gmt":"2025-04-06T10:45:10","guid":{"rendered":"https:\/\/www.europesays.com\/fr\/5060\/"},"modified":"2025-04-06T10:45:10","modified_gmt":"2025-04-06T10:45:10","slug":"tour-de-la-charente-limousine-classement-directvelo","status":"publish","type":"post","link":"https:\/\/www.europesays.com\/fr\/5060\/","title":{"rendered":"Tour de la Charente Limousine : Classement &#8211; DirectVelo"},"content":{"rendered":"<ol>\n<li><a href=\"https:\/\/news.google.com\/rss\/articles\/CBMijAFBVV95cUxNMVRDbW4tMko3YTVqWmlCb3p5VlNvcGx6QzdhYkNrN2ozbG9rX3dvSUdaYS04RXFBLWxNZVFVUXJLMTdhbm1tMmVEVW1qVUF2OEtsbUVPZERla0Qzb1RLb2RkMU92T2tiaWl0RFJkVUVhRGk4YkJKLUQzQi00N0o0YVhob0pLTWNhRl9uLQ?oc=5\" target=\"_blank\" rel=\"nofollow noopener\">Tour de la Charente Limousine : Classement<\/a>&nbsp;&nbsp;DirectVelo<\/li>\n<li><a href=\"https:\/\/news.google.com\/rss\/articles\/CBMi1gFBVV95cUxOdmtDN0RkT0Y4QUNxX3RfSGhGcmxwaks2QzFjQ1oza0pEZk5iOVNoU0t5c21DMTRJMGFsZzJhdE5wMGJXRGU3OTl3MUx2WnpYTzBQeTZVYjM4WHE5aGIwQUY1T1Zla1MzcXdwNk1vUmJDZU03S0V3NFE0WHl1YXZOeUxZMFpfN1lmQUJVSXVmY3lXcVlnQ0RPdnFfa09XdlF0V19rNVMxYS1EVk1OdHNCUUduVjZlUXJKX0VPY1NuVEZoQ3dYVVU2UElGWGJXZ3FGZzBFclJR?oc=5\" target=\"_blank\" rel=\"nofollow noopener\">Simon Millon, cycliste de haut niveau de Ch\u00e2lette-sur-Loing, a \u00e9t\u00e9 retrouv\u00e9 mort chez lui<\/a>&nbsp;&nbsp;La R\u00e9publique du Centre<\/li>\n<li><a href=\"https:\/\/news.google.com\/rss\/articles\/CBMiwwFBVV95cUxONlpQblhhUlkyVGFXNmFyVWo5VE42NGhfYWphS0lrNkduNS1sZl9PV3VnVUxuOTZJX0NkaWY5eUtSZVVSaWlsMGNnVzhtQWVQbzFIeXMwWUd4MmFyVEVNaFFST3FCd1NseVc1TnRSTmc3WU1acFAzZGNEMDE0S3AzSWh4TkFKaUdGNXBxS1haMFFxWEY3WEdLSURLb0tSd2ZEUmpPZVREVFVoVzRISTBtTkY1VVdOdDgtdFN1dGIzM21KaFk?oc=5\" target=\"_blank\" rel=\"nofollow noopener\">Cyclisme : le Tour de la Charente Limousine pour le Guidon Chalettois<\/a>&nbsp;&nbsp;Charente Libre<\/li>\n<li><a href=\"https:\/\/news.google.com\/rss\/articles\/CBMiqgJBVV95cUxOdy1fdThRRzl2ZWNKcGd2RWhJQWNYR2JFbHFwQ051QXRHb3FabEpWZWQyUWJSNWVzUmFQb0ZxanFtLTNSYjZ1V3pkWVFpZzVGVUFTalVMaDVrU194YlR4dFg2cEN6TE5Ba1NVTUh2SjljVHo3WC1iRWhYekhReEdibUE3d2g2M3RfUFAzZGdhODBURFYwVkdRMU5BUm12SWt4X2NYM3NiQXVlTmR5dElIRHdER0RiUkluVDJzQzl0WXZvUjVxMElBbGJEZVVZdDR2aHFFMUc4Zkh2SE0zOEVIRkNoNnViNU1TQUVTenlPdVpHb1BoZ2ktc3RTeHBZMlUyOFp6MDlQd1VyVGlvN0h3cUpURkVrY3NQUV9yaFI2RFdfal9JeHRlS0ZB?oc=5\" target=\"_blank\" rel=\"nofollow noopener\">\u00ab Je voulais lever les bras pour le remercier \u00bb : apr\u00e8s le d\u00e9c\u00e8s de Simon Millon, son co\u00e9quipier Louis Hardouin remporte le Tour de la Charente Limousine<\/a>&nbsp;&nbsp;Le T\u00e9l\u00e9gramme<\/li>\n<li><a href=\"https:\/\/news.google.com\/rss\/articles\/CBMiwAJBVV95cUxPN1NuQzdacmdtUm5IY1JPaVZOVUNxN0NKYTNnZFQwQlVXbHNBU2pJZ1FIcmt3TlViR2dUM1B6b0FtZ1RrbS0yWkhmUDdhV3FGQ19YN1NrMjNBRzdacTk0Z3VGdDRzOVk0TEVpZjFSOXoteVlrX2lEaWFMWXV6ckw0ZURQcURZanI5R0JpWHY0LV9PMzNsdHNobGFtUk1jZkZfOElud1ZlaUpOUXA3bUFxTUtWZjl6VGZPWU4yZjNhV21Zb292M2prblJ5dVp3S21JaFF2Ri1mZVYyS1FuRHhieGZJdk0xRG9VRUxnZFVRNFJkT3ppTDFmZnBvbnpWcktwWUV0a2pEUzNjNFhfU0tWRWYxVFRGYnEyN1VGQU9YaE9rWmE3QXdwbGRKTkFFRzAwRE9mbzN5cDFoemd4U1dTSA?oc=5\" target=\"_blank\" rel=\"nofollow noopener\">\u00ab J\u2019ai pens\u00e9 \u00e0 lui pour avoir de la force \u00bb : cinq jours apr\u00e8s le d\u00e9c\u00e8s soudain de Simon Millon, Louis Hardouin (Ch\u00e2lette) a remport\u00e9 le Tour de la Charente-Limousine<\/a>&nbsp;&nbsp;La R\u00e9publique du Centre<\/li>\n<\/ol>\n","protected":false},"excerpt":{"rendered":"Tour de la Charente Limousine : Classement&nbsp;&nbsp;DirectVelo Simon Millon, cycliste de haut niveau de Ch\u00e2lette-sur-Loing, a \u00e9t\u00e9 retrouv\u00e9&hellip;\n","protected":false},"author":2,"featured_media":5061,"comment_status":"","ping_status":"","sticky":false,"template":"","format":"standard","meta":{"footnotes":""},"categories":[1411],"tags":[834,828,836,829,837,827,83,826,824,823,1154,207,814,817,815,816,822,821,832,211,839,1011,27,820,818,819,835,831,830,833,838,60,212,208,825],"class_list":{"0":"post-5060","1":"post","2":"type-post","3":"status-publish","4":"format-standard","5":"has-post-thumbnail","7":"category-cyclisme","8":"tag-attaque","9":"tag-belgique","10":"tag-braquet","11":"tag-bretagne","12":"tag-chute","13":"tag-competition","14":"tag-coupe-de-france","15":"tag-coureur","16":"tag-course-cyclisme","17":"tag-course-cycliste","18":"tag-cycling","19":"tag-cyclisme","20":"tag-direct","21":"tag-direct-velo","22":"tag-directvelo","23":"tag-directvelo-com","24":"tag-epreuve","25":"tag-epreuve-cycliste","26":"tag-federation-francaise-de-cyclisme","27":"tag-ffc","28":"tag-flandres","29":"tag-fr","30":"tag-france","31":"tag-live","32":"tag-live-course","33":"tag-live-epreuve","34":"tag-peloton","35":"tag-radio-peloton","36":"tag-radio-tour","37":"tag-ravitaillement","38":"tag-relance","39":"tag-sports","40":"tag-uci","41":"tag-velo","42":"tag-velos"},"share_on_mastodon":{"url":"https:\/\/pubeurope.com\/@fr\/114290617422640461","error":""},"_links":{"self":[{"href":"https:\/\/www.europesays.com\/fr\/wp-json\/wp\/v2\/posts\/5060","targetHints":{"allow":["GET"]}}],"collection":[{"href":"https:\/\/www.europesays.com\/fr\/wp-json\/wp\/v2\/posts"}],"about":[{"href":"https:\/\/www.europesays.com\/fr\/wp-json\/wp\/v2\/types\/post"}],"author":[{"embeddable":true,"href":"https:\/\/www.europesays.com\/fr\/wp-json\/wp\/v2\/users\/2"}],"replies":[{"embeddable":true,"href":"https:\/\/www.europesays.com\/fr\/wp-json\/wp\/v2\/comments?post=5060"}],"version-history":[{"count":0,"href":"https:\/\/www.europesays.com\/fr\/wp-json\/wp\/v2\/posts\/5060\/revisions"}],"wp:featuredmedia":[{"embeddable":true,"href":"https:\/\/www.europesays.com\/fr\/wp-json\/wp\/v2\/media\/5061"}],"wp:attachment":[{"href":"https:\/\/www.europesays.com\/fr\/wp-json\/wp\/v2\/media?parent=5060"}],"wp:term":[{"taxonomy":"category","embeddable":true,"href":"https:\/\/www.europesays.com\/fr\/wp-json\/wp\/v2\/categories?post=5060"},{"taxonomy":"post_tag","embeddable":true,"href":"https:\/\/www.europesays.com\/fr\/wp-json\/wp\/v2\/tags?post=5060"}],"curies":[{"name":"wp","href":"https:\/\/api.w.org\/{rel}","templated":true}]}}