{"id":506006,"date":"2025-11-02T04:29:14","date_gmt":"2025-11-02T04:29:14","guid":{"rendered":"https:\/\/www.europesays.com\/fr\/506006\/"},"modified":"2025-11-02T04:29:14","modified_gmt":"2025-11-02T04:29:14","slug":"une-victoire-tres-importante-pour-la-ligue-1","status":"publish","type":"post","link":"https:\/\/www.europesays.com\/fr\/506006\/","title":{"rendered":"Une victoire tr\u00e8s importante pour la Ligue 1"},"content":{"rendered":"<p><img width=\"700\" height=\"350\" src=\"https:\/\/www.europesays.com\/fr\/wp-content\/uploads\/2025\/11\/Zabarnyi-.jpg\" class=\"attachment-jannah-image-post size-jannah-image-post wp-post-image\" alt=\"Zabarnyi\" is_main_img=\"1\" decoding=\"async\" fetchpriority=\"high\"  \/><br \/>\n Image :<br \/>\nPSG.fr<\/p>\n<p>Apr\u00e8s avoir domin\u00e9 toute la rencontre, le PSG a d\u00fb attendre<br \/>\nles derni\u00e8res secondes du match pour s\u2019offrir la victoire contre<br \/>\nNice gr\u00e2ce \u00e0 un but de Gon\u00e7alo Ramos (1-0).<\/p>\n<p>Le <strong>PSG<\/strong> a d\u00fb attendre les derni\u00e8res secondes de<br \/>\nla rencontre contre <strong>Nice<\/strong> pour concr\u00e9tiser sa<br \/>\ndomination gr\u00e2ce \u00e0 un but de la t\u00eate de <strong><a href=\"https:\/\/canal-supporters.com\/goncalo-ramos-apres-psg-nice-cest-une-excellente-victoire\/\" title=\"\" rel=\"nofollow noopener\" target=\"_blank\">Gon\u00e7alo Ramos<\/a><\/strong> (1-0). Les Parisiens pr\u00e9parent<br \/>\nbien leur match contre le <strong>Bayern Munich<\/strong> en<br \/>\n<strong>Ligue des champions<\/strong> mardi soir. Le club de la<br \/>\ncapitale retrouve aussi le go\u00fbt de la victoire en championnat pour<br \/>\nassurer sa premi\u00e8re place. Titulaire en charni\u00e8re centrale aux<br \/>\nc\u00f4t\u00e9s de <strong>Willian Pacho<\/strong>, <strong>Illia<br \/>\nZabarnyi<\/strong> est revenu sur ce succ\u00e8s m\u00e9rit\u00e9 du<br \/>\n<strong>PSG<\/strong>.\u00a0<\/p>\n<p>\u00ab\u00a0C\u2019\u00e9tait<br \/>\nun match difficile mais on a r\u00e9ussi \u00e0 marquer \u00e0 la fin\u00a0\u00bb<\/p>\n<p>A lire aussi : <a href=\"https:\/\/canal-supporters.com\/ligue-1-grace-a-goncalo-ramos-le-psg-simpose-sur-le-fil-face-a-nice\/\" title=\"\" rel=\"nofollow noopener\" target=\"_blank\">Ligue 1 \u2013 Gr\u00e2ce \u00e0 Gon\u00e7alo Ramos, le PSG s\u2019impose sur le<br \/>\nfil face \u00e0 Nice<\/a><\/p>\n<p><a href=\"https:\/\/x.com\/CanalSupporters\" target=\"_blank\" rel=\"noopener nofollow\" title=\"\">canalsupporters.com<\/a><\/p>\n<p>\u00ab\u00a0C\u2019\u00e9tait un match difficile mais on a r\u00e9ussi \u00e0 marquer<br \/>\n\u00e0 la fin. Cette victoire est tr\u00e8s importante au vu du<br \/>\nchampionnat. Comment expliquer les difficult\u00e9s du<br \/>\n<strong>PSG<\/strong> ? C\u2019est le football, c\u2019est ainsi. On a<br \/>\nessay\u00e9, on a fait de notre mieux. La deuxi\u00e8me p\u00e9riode a \u00e9t\u00e9<br \/>\nbeaucoup mieux, plus intense, plus offensive. Et c\u2019est important<br \/>\ncomme victoire. Le match contre le <strong><a href=\"https:\/\/canal-supporters.com\/ldc-le-bayern-munich-entre-dans-lhistoire-du-football-avant-daffronter-le-psg\/\" title=\"\" rel=\"nofollow noopener\" target=\"_blank\">Bayern<\/a><\/strong>\u00a0? L\u2019\u00e9quipe est pr\u00eate, \u00e7a se<br \/>\nsent dans le vestiaire, dans les entra\u00eenements. On est confiant. \u00c7a<br \/>\nva \u00eatre un bon match.\u00a0\u00bb<\/p>\n","protected":false},"excerpt":{"rendered":"Image : PSG.fr Apr\u00e8s avoir domin\u00e9 toute la rencontre, le PSG a d\u00fb attendre les derni\u00e8res secondes du&hellip;\n","protected":false},"author":2,"featured_media":506007,"comment_status":"","ping_status":"","sticky":false,"template":"","format":"standard","meta":{"footnotes":""},"categories":[1410],"tags":[62698,81,787,63,1011,27,39683,66,1611,62699,626,91,92,93,13724,13725,13726,62700,60,96,29675],"class_list":{"0":"post-506006","1":"post","2":"type-post","3":"status-publish","4":"format-standard","5":"has-post-thumbnail","7":"category-football","8":"tag-11e-journee","9":"tag-canal-supporters","10":"tag-cs","11":"tag-football","12":"tag-fr","13":"tag-france","14":"tag-illia-zabarnyi","15":"tag-ligue-1","16":"tag-ligue-1-macdonalds","17":"tag-onzieme-journee","18":"tag-paris","19":"tag-paris-saint-germain","20":"tag-paris-sg","21":"tag-psg","22":"tag-psg-ogc-nice","23":"tag-psg-nice","24":"tag-psg-ogcn","25":"tag-psgocgcn","26":"tag-sports","27":"tag-une","28":"tag-zabarnyi"},"share_on_mastodon":{"url":"https:\/\/pubeurope.com\/@fr\/115478225139143705","error":""},"_links":{"self":[{"href":"https:\/\/www.europesays.com\/fr\/wp-json\/wp\/v2\/posts\/506006","targetHints":{"allow":["GET"]}}],"collection":[{"href":"https:\/\/www.europesays.com\/fr\/wp-json\/wp\/v2\/posts"}],"about":[{"href":"https:\/\/www.europesays.com\/fr\/wp-json\/wp\/v2\/types\/post"}],"author":[{"embeddable":true,"href":"https:\/\/www.europesays.com\/fr\/wp-json\/wp\/v2\/users\/2"}],"replies":[{"embeddable":true,"href":"https:\/\/www.europesays.com\/fr\/wp-json\/wp\/v2\/comments?post=506006"}],"version-history":[{"count":0,"href":"https:\/\/www.europesays.com\/fr\/wp-json\/wp\/v2\/posts\/506006\/revisions"}],"wp:featuredmedia":[{"embeddable":true,"href":"https:\/\/www.europesays.com\/fr\/wp-json\/wp\/v2\/media\/506007"}],"wp:attachment":[{"href":"https:\/\/www.europesays.com\/fr\/wp-json\/wp\/v2\/media?parent=506006"}],"wp:term":[{"taxonomy":"category","embeddable":true,"href":"https:\/\/www.europesays.com\/fr\/wp-json\/wp\/v2\/categories?post=506006"},{"taxonomy":"post_tag","embeddable":true,"href":"https:\/\/www.europesays.com\/fr\/wp-json\/wp\/v2\/tags?post=506006"}],"curies":[{"name":"wp","href":"https:\/\/api.w.org\/{rel}","templated":true}]}}