{"id":506008,"date":"2025-11-02T04:30:17","date_gmt":"2025-11-02T04:30:17","guid":{"rendered":"https:\/\/www.europesays.com\/fr\/506008\/"},"modified":"2025-11-02T04:30:17","modified_gmt":"2025-11-02T04:30:17","slug":"cet-objet-etonnant-avec-lequel-elle-veut-etre-enterree-on-nest-jamais-trop-prudent","status":"publish","type":"post","link":"https:\/\/www.europesays.com\/fr\/506008\/","title":{"rendered":"cet objet \u00e9tonnant avec lequel elle veut \u00eatre enterr\u00e9e, \u00ab\u00a0On n&rsquo;est jamais trop prudent\u00a0!\u00a0\u00bb"},"content":{"rendered":"<p>\n                            Am\u00e9lie Nothomb souhaite que ses derni\u00e8res volont\u00e9s soient respect\u00e9es, aussi farfelues soient-elles. L&rsquo;\u00e9crivaine \u00e0 succ\u00e8s veut que cet objet surprenant soit avec elle dans sa tombe&#8230;<\/p>\n<p><a href=\"https:\/\/www.journaldesfemmes.fr\/people\/amelie-nothomb\/\" title=\"Am\u00e9lie Nothomb\" rel=\"nofollow noopener\" target=\"_blank\">Am\u00e9lie Nothomb<\/a> nous surprendra toujours&#8230; R\u00e9cemment invit\u00e9e de Quelle \u00e9poque!, l&rsquo;\u00e9mission anim\u00e9e par L\u00e9a Salam\u00e9, l&rsquo;\u00e9crivaine de 58\u00a0ans a confi\u00e9 collectionner un objet pour le moins inattendu, qu&rsquo;elle souhaite avoir \u00e0 ses c\u00f4t\u00e9s lorsqu&rsquo;elle sera enterr\u00e9e !<\/p>\n<p>Am\u00e9lie Nothomb, ce dr\u00f4le d&rsquo;objet qu&rsquo;elle collectionne :\u00a0\u00ab\u00a0Je veux \u00eatre enterr\u00e9e avec&#8230;\u00a0\u00bb<\/p>\n<p>Am\u00e9lie Nothomb ne fait d\u00e9cid\u00e9ment rien comme tout le monde\u00a0! L&rsquo;\u00e9crivaine excentrique, connue pour ses chapeaux extravagants et son univers fascinant, a r\u00e9cemment confi\u00e9 un d\u00e9tail pour le moins surprenant sur ses derni\u00e8res volont\u00e9s. \u00ab\u00a0Je collectionne les parapluies cass\u00e9s\u00a0\u00bb, a-t-elle avou\u00e9 avec s\u00e9rieux. Mais le plus insolite, c&rsquo;est qu&rsquo;elle souhaite les emporter avec elle dans l&rsquo;au-del\u00e0\u00a0! \u00ab\u00a0Je veux \u00eatre enterr\u00e9e avec beaucoup de choses, avec des parapluies cass\u00e9s, mais \u00e9galement avec une bouteille Dom P\u00e9rignon 2003\u00a0\u00bb, a-t-elle r\u00e9v\u00e9l\u00e9.\u00a0<\/p>\n<p>Face \u00e0 la curiosit\u00e9 qu&rsquo;ont suscit\u00e9 ses confidences, l&rsquo;\u00e9crivaine de la pi\u00e8ce de th\u00e9\u00e2tre Les Combustibles a aussit\u00f4t temp\u00e9r\u00e9 le myst\u00e8re avec une plaisanterie. \u00ab\u00a0On n&rsquo;est jamais trop prudent\u00a0!\u00a0\u00bb a-t-elle lanc\u00e9. Impossible, donc, d&rsquo;en savoir davantage sur les raisons de ce choix aussi farfelu qu&rsquo;intrigant.<\/p>\n<p><img decoding=\"async\" alt=\"\" src=\"https:\/\/www.europesays.com\/fr\/wp-content\/uploads\/2025\/11\/40052529.jpg\"\/><br \/>\n\u00a9\u00a0LAURENT BENHAMOU\/SIPA <\/p>\n<p>Am\u00e9lie Nothomb a menti sur la mort de sa m\u00e8re<\/p>\n<p>Si la plus c\u00e9l\u00e8bre des romanci\u00e8res belges sait manier l&rsquo;ironie lorsqu&rsquo;il s&rsquo;agit de sa propre mort, il en va tout autrement pour ceux qu&rsquo;elle a aim\u00e9s.\u00a0C&rsquo;est notamment le cas pour sa m\u00e8re, dont elle a eu tant de mal \u00e0 accepter la disparition. L&rsquo;\u00e9crivaine a m\u00eame pr\u00e9f\u00e9r\u00e9 cacher sa mort, allant jusqu&rsquo;\u00e0 mentir sur la v\u00e9ritable raison de son absence. \u00ab\u00a0Quand ma m\u00e8re est morte, les mots ne sortaient pas de ma bouche. Quand les gens me demandaient des nouvelles de ma m\u00e8re, je mentais, je disais\u00a0: &lsquo;Elle va tr\u00e8s bien'\u00a0\u00bb a-t-elle expliqu\u00e9 sur le plateau de C \u00e0 Vous en septembre dernier.<\/p>\n<p>Dans son dernier livre, Tant mieux, paru aux \u00e9ditions\u00a0Albin Michel, elle rend un hommage bouleversant \u00e0 sa m\u00e8re, Dani\u00e8le Scheyven, disparue le 11\u00a0f\u00e9vrier 2024. Une m\u00e8re extraordinaire aux yeux d&rsquo;Am\u00e9lie Nothomb. \u00ab\u00a0Je pense que ma m\u00e8re avait plac\u00e9 la barre trop haut. Elle a \u00e9t\u00e9 une m\u00e8re trop g\u00e9niale\u00a0\u00bb, confie Am\u00e9lie Nothomb dans cet ouvrage qui fait autant office d&rsquo;un cri d&rsquo;amour que d&rsquo;une th\u00e9rapie litt\u00e9raire.<\/p>\n","protected":false},"excerpt":{"rendered":"Am\u00e9lie Nothomb souhaite que ses derni\u00e8res volont\u00e9s soient respect\u00e9es, aussi farfelues soient-elles. L&rsquo;\u00e9crivaine \u00e0 succ\u00e8s veut que cet&hellip;\n","protected":false},"author":2,"featured_media":506009,"comment_status":"","ping_status":"","sticky":false,"template":"","format":"standard","meta":{"footnotes":""},"categories":[1359],"tags":[3723,31568,62770,51761,58,59,51763,1011,27,51766,51767,973],"class_list":{"0":"post-506008","1":"post","2":"type-post","3":"status-publish","4":"format-standard","5":"has-post-thumbnail","7":"category-people","8":"tag-actus","9":"tag-amelie-nothomb","10":"tag-cms-journaldesfemmes-3246062","11":"tag-controller-content","12":"tag-divertissement","13":"tag-entertainment","14":"tag-format-papier","15":"tag-fr","16":"tag-france","17":"tag-les-histoires-du-jdf","18":"tag-parallaxeinfeed","19":"tag-people"},"share_on_mastodon":{"url":"https:\/\/pubeurope.com\/@fr\/115478229207273155","error":""},"_links":{"self":[{"href":"https:\/\/www.europesays.com\/fr\/wp-json\/wp\/v2\/posts\/506008","targetHints":{"allow":["GET"]}}],"collection":[{"href":"https:\/\/www.europesays.com\/fr\/wp-json\/wp\/v2\/posts"}],"about":[{"href":"https:\/\/www.europesays.com\/fr\/wp-json\/wp\/v2\/types\/post"}],"author":[{"embeddable":true,"href":"https:\/\/www.europesays.com\/fr\/wp-json\/wp\/v2\/users\/2"}],"replies":[{"embeddable":true,"href":"https:\/\/www.europesays.com\/fr\/wp-json\/wp\/v2\/comments?post=506008"}],"version-history":[{"count":0,"href":"https:\/\/www.europesays.com\/fr\/wp-json\/wp\/v2\/posts\/506008\/revisions"}],"wp:featuredmedia":[{"embeddable":true,"href":"https:\/\/www.europesays.com\/fr\/wp-json\/wp\/v2\/media\/506009"}],"wp:attachment":[{"href":"https:\/\/www.europesays.com\/fr\/wp-json\/wp\/v2\/media?parent=506008"}],"wp:term":[{"taxonomy":"category","embeddable":true,"href":"https:\/\/www.europesays.com\/fr\/wp-json\/wp\/v2\/categories?post=506008"},{"taxonomy":"post_tag","embeddable":true,"href":"https:\/\/www.europesays.com\/fr\/wp-json\/wp\/v2\/tags?post=506008"}],"curies":[{"name":"wp","href":"https:\/\/api.w.org\/{rel}","templated":true}]}}