{"id":506022,"date":"2025-11-02T04:38:12","date_gmt":"2025-11-02T04:38:12","guid":{"rendered":"https:\/\/www.europesays.com\/fr\/506022\/"},"modified":"2025-11-02T04:38:12","modified_gmt":"2025-11-02T04:38:12","slug":"bouche-a-oreille-et-succes-inattendu-pourquoi-le-film-sacre-coeur-fait-il-polemique","status":"publish","type":"post","link":"https:\/\/www.europesays.com\/fr\/506022\/","title":{"rendered":"Bouche-\u00e0-oreille et succ\u00e8s inattendu\u00a0: pourquoi le film \u00ab\u00a0Sacr\u00e9 C\u0153ur\u00a0\u00bb fait-il pol\u00e9mique\u00a0?"},"content":{"rendered":"<p><a href=\"https:\/\/www.letelegramme.fr\/cinemas\/sacre-coeur\/570326.php\" rel=\"nofollow noopener\" target=\"_blank\">Le docufiction \u00ab\u00a0Sacr\u00e9 C\u0153ur\u00a0\u00bb<\/a>, r\u00e9alis\u00e9 par Steven et Sabrina Gunnell, traite des apparitions, au XVIIe si\u00e8cle, du Christ \u00e0 une sainte en Bourgogne, qui aurait ensuite ressenti, toute sa vie, des br\u00fblures au c\u0153ur, et raconte la d\u00e9votion au \u00ab\u00a0c\u0153ur sacr\u00e9 de J\u00e9sus\u00a0\u00bb qui a suivi. Entre reconstitutions de la vie de la sainte et t\u00e9moignages de croyants, le long-m\u00e9trage donne la parole \u00e0 plusieurs figures chr\u00e9tiennes comme l\u2019abb\u00e9 Matthieu Raffray, proche des milieux catholiques identitaires, ou Louis Bouffard, un \u00e9tudiant en droit atteint de myopathie de Duchenne qui est r\u00e9guli\u00e8rement intervenu dans les m\u00e9dias \u00e0 propos de la loi sur l\u2019aide \u00e0 mourir.<\/p>\n<p>Depuis sa sortie, le 1er octobre, \u00ab\u00a0Sacr\u00e9 C\u0153ur\u00a0\u00bb a vu son audience cro\u00eetre pour atteindre plus de 80\u00a0000 entr\u00e9es au cours de la quatri\u00e8me semaine, contre environ 47\u00a0000 lors de sa premi\u00e8re semaine, selon les chiffres du box-office publi\u00e9s mercredi par ComScore et CBO Box-office. Un succ\u00e8s qui a permis au film d\u2019\u00eatre diffus\u00e9 plus largement, passant, selon son distributeur, de 149 \u00e0 350 salles, avec une moyenne de 49 spectateurs par s\u00e9ance, soit plus que \u00ab\u00a0Kaamelott\u00a0: deuxi\u00e8me volet\u00a0\u00bb (28), leader du box-office actuel.<\/p>\n<p>\u00ab\u00a0L\u2019affiche du film est dans toutes les \u00e9glises\u00a0\u00bb<\/p>\n<p>Pour Hubert de Torcy, pr\u00e9sident du distributeur Saje et \u00ab\u00a0premier surpris par ce succ\u00e8s\u00a0\u00bb, le bouche-\u00e0-oreille a \u00e9t\u00e9 le principal relais de promotion. Affiches \u00e0 l\u2019entr\u00e9e des \u00e9glises, diffusion des horaires des s\u00e9ances sur WhatsApp, verre avec des fid\u00e8les pour parler du film\u2026 Le p\u00e8re Jean-Marc Pimpaneau, cur\u00e9 de l\u2019\u00e9glise Saint-Louis d\u2019Antin, \u00e0 Paris, a \u0153uvr\u00e9 pour la diffusion du docufiction. \u00ab\u00a0J\u2019ai senti que c\u2019\u00e9tait ma mission de le promouvoir\u00a0\u00bb, explique le religieux, qui a aussi obtenu du cin\u00e9ma situ\u00e9 \u00e0 200 m\u00e8tres de son \u00e9glise que de nouvelles s\u00e9ances soient programm\u00e9es.<\/p>\n<\/p>\n<p>La grande majorit\u00e9 des spectateurs rencontr\u00e9s ont entendu parler du film dans leur \u00e9glise, comme Alix de Broissia, paysagiste de 45 ans, qui l\u2019a vu lundi, dans une salle parisienne comble. M\u00eame chose pour Fanny Poupeau, commerciale d\u2019une trentaine d\u2019ann\u00e9es\u00a0: \u00ab\u00a0L\u2019affiche du film est dans toutes les \u00e9glises. Dans ma paroisse, on en parle beaucoup\u00a0\u00bb. Son mari, Guillaume Poupeau, fonctionnaire, \u00e9met toutefois des r\u00e9serves sur le m\u00e9lange entre fiction et documentaire. \u00ab\u00a0Le film essaye de jouer sur tous les tableaux. J\u2019ai beaucoup aim\u00e9 la partie historique, plus ludique, mais beaucoup moins la partie mystique\u00a0\u00bb, a-t-il expliqu\u00e9.<\/p>\n<p>Un ex-membre du boys band Alliage<\/p>\n<p>Le film n\u2019avait eu, au d\u00e9part, qu\u2019un \u00e9cho limit\u00e9 dans la presse en dehors de deux pol\u00e9miques touchant \u00e0 la la\u00efcit\u00e9 et relay\u00e9es largement par les m\u00e9dias dans le giron du milliardaire conservateur Vincent Bollor\u00e9, dont plusieurs sont partenaires du film. La premi\u00e8re est li\u00e9e au refus de la r\u00e9gie publicitaire de la SNCF et de la RATP, Mediatransports, de diffuser la campagne d\u2019affichage envisag\u00e9e en raison, selon elle, de son \u00ab\u00a0caract\u00e8re confessionnel et pros\u00e9lyte\u00a0\u00bb. La seconde a \u00e9clat\u00e9 la semaine derni\u00e8re\u00a0: le maire de Marseille avait annul\u00e9 la diffusion du film dans un \u00e9tablissement municipal, avant de se voir ordonner par la justice de le reprogrammer.<\/p>\n<p>Sabrina Gunnell et son mari Steven &#8211; ex-membre du boys band Alliage, actif dans les ann\u00e9es 1990 &#8211; disent avoir voulu faire une \u0153uvre \u00ab\u00a0grand public\u00a0\u00bb avant tout. Le couple, qui se d\u00e9finit comme \u00ab\u00a0croyant et pratiquant\u00a0\u00bb, continue sa tourn\u00e9e de cin\u00e9-d\u00e9bats \u00e0 travers la France avec \u00ab\u00a0des s\u00e9ances programm\u00e9es jusqu\u2019\u00e0 fin d\u00e9cembre\u00a0\u00bb, selon Hubert de Torcy. Le docufiction est d\u00e9j\u00e0 sorti en Belgique, en Suisse, \u00e0 Monaco et dans les Antilles. Il va aussi s\u2019exporter en Tunisie, au Maroc et dans les pays d\u2019Afrique francophone, selon son distributeur. \u00ab\u00a0C\u2019est tr\u00e8s impressionnant parce que \u00e7a d\u00e9passe largement l\u2019Hexagone\u00a0\u00bb, constate le pr\u00e9sident de Saje, qui dit recevoir des demandes des \u00c9tats-Unis, de la Pologne, de l\u2019Espagne et de la Cor\u00e9e du Sud.<\/p>\n","protected":false},"excerpt":{"rendered":"Le docufiction \u00ab\u00a0Sacr\u00e9 C\u0153ur\u00a0\u00bb, r\u00e9alis\u00e9 par Steven et Sabrina Gunnell, traite des apparitions, au XVIIe si\u00e8cle, du Christ&hellip;\n","protected":false},"author":2,"featured_media":506023,"comment_status":"","ping_status":"","sticky":false,"template":"","format":"standard","meta":{"footnotes":""},"categories":[8],"tags":[650,1687,58,59,1011,27],"class_list":{"0":"post-506022","1":"post","2":"type-post","3":"status-publish","4":"format-standard","5":"has-post-thumbnail","7":"category-divertissement","8":"tag-cinema","9":"tag-culture-loisirs","10":"tag-divertissement","11":"tag-entertainment","12":"tag-fr","13":"tag-france"},"share_on_mastodon":{"url":"https:\/\/pubeurope.com\/@fr\/115478259541749891","error":""},"_links":{"self":[{"href":"https:\/\/www.europesays.com\/fr\/wp-json\/wp\/v2\/posts\/506022","targetHints":{"allow":["GET"]}}],"collection":[{"href":"https:\/\/www.europesays.com\/fr\/wp-json\/wp\/v2\/posts"}],"about":[{"href":"https:\/\/www.europesays.com\/fr\/wp-json\/wp\/v2\/types\/post"}],"author":[{"embeddable":true,"href":"https:\/\/www.europesays.com\/fr\/wp-json\/wp\/v2\/users\/2"}],"replies":[{"embeddable":true,"href":"https:\/\/www.europesays.com\/fr\/wp-json\/wp\/v2\/comments?post=506022"}],"version-history":[{"count":0,"href":"https:\/\/www.europesays.com\/fr\/wp-json\/wp\/v2\/posts\/506022\/revisions"}],"wp:featuredmedia":[{"embeddable":true,"href":"https:\/\/www.europesays.com\/fr\/wp-json\/wp\/v2\/media\/506023"}],"wp:attachment":[{"href":"https:\/\/www.europesays.com\/fr\/wp-json\/wp\/v2\/media?parent=506022"}],"wp:term":[{"taxonomy":"category","embeddable":true,"href":"https:\/\/www.europesays.com\/fr\/wp-json\/wp\/v2\/categories?post=506022"},{"taxonomy":"post_tag","embeddable":true,"href":"https:\/\/www.europesays.com\/fr\/wp-json\/wp\/v2\/tags?post=506022"}],"curies":[{"name":"wp","href":"https:\/\/api.w.org\/{rel}","templated":true}]}}