{"id":506026,"date":"2025-11-02T04:40:13","date_gmt":"2025-11-02T04:40:13","guid":{"rendered":"https:\/\/www.europesays.com\/fr\/506026\/"},"modified":"2025-11-02T04:40:13","modified_gmt":"2025-11-02T04:40:13","slug":"pourquoi-les-voitures-doccasion-sont-a-leur-plus-bas-niveau-depuis-cinq-ans","status":"publish","type":"post","link":"https:\/\/www.europesays.com\/fr\/506026\/","title":{"rendered":"pourquoi les voitures d&rsquo;occasion sont \u00e0 leur \u00ab\u00a0plus bas niveau depuis cinq ans\u00a0\u00bb"},"content":{"rendered":"<p>            Par<br \/>\n        <strong><br \/>\n            <a href=\"https:\/\/actu.fr\/auteur\/martin-leduc\" title=\"Consulter tous les articles de Martin Leduc\" target=\"_blank\" rel=\"noopener\">Martin Leduc<\/a><br \/>\n        <\/strong><\/p>\n<p>        Publi\u00e9 le<\/p>\n<p>            1 nov. 2025 \u00e0 16h20        <\/p>\n<p>Comptez -3\u2009163 euros pour les v\u00e9hicules essence, -3\u2009465 euros pour les voitures diesel, -5\u2009663 euros pour les v\u00e9hicules hybrides et jusqu\u2019\u00e0 \u2013 9\u2009438 euros pour les voitures \u00e9lectriques depuis 2023. En ce mois d\u2019octobre\u00a02025,<strong> les voitures d\u2019occasion sont \u00e0 un tr\u00e8s bas niveau<\/strong>.<br \/>\u00ab\u2009Le plus bas depuis cinq ans\u2009\u00bb, assure, aupr\u00e8s d\u2019actu.fr, Olivier Flavier, directeur automobile du site de petites annonces <a href=\"https:\/\/actu.fr\/tag\/le-bon-coin\" target=\"_blank\" rel=\"noopener\">leboncoin<\/a>. Suffisant pour dire que c\u2019est le bon moment pour trouver sa nouvelle p\u00e9pite \u00e0 quatre roues\u2009? Selon lui, oui. Et pour toutes les motorisations. On fait le point.<\/p>\n<p>La loi de l\u2019offre et de la demande avec un facteur suppl\u00e9mentaire<\/p>\n<p class=\" wall-content\">Avant toute chose, il faut se remettre dans le contexte. D\u2019accord, les prix ont baiss\u00e9 ces derni\u00e8res ann\u00e9es. Mais c\u2019est aussi et surtout parce qu\u2019<strong>ils avaient beaucoup augment\u00e9 en sortie de crise Covid<\/strong>, notamment avec la crise des semi-conducteurs.<\/p>\n<p class=\" wall-content\">En septembre 2025, les <a href=\"https:\/\/actu.fr\/tag\/automobile\" target=\"_blank\" rel=\"noopener\">voitures<\/a> diesel d\u2019occasion vendues par des professionnels (donc r\u00e9centes et souvent bien \u00e9quip\u00e9es) se vendent en moyenne \u00e0 17\u2009324 euros, contre 17\u2009937 euros pour les voitures \u00e0 moteur essence, 23\u2009214 euros pour les moteurs \u00e9lectriques et 30\u2009124 euros pour les hybrides.<\/p>\n<p class=\" wall-content\">\n<p class=\" wall-content\">\u00ab\u2009Apr\u00e8s plusieurs ann\u00e9es de hausse cons\u00e9cutives des prix des v\u00e9hicules d\u2019occasion en France, le march\u00e9 retrouve des niveaux de prix proches de ceux d\u2019avant l\u2019inflation (15\u2009%, NDLR)\u2009\u00bb, reconna\u00eet leboncoin dans un communiqu\u00e9 consult\u00e9 par\u00a0actu.fr.<\/p>\n<blockquote class=\"ac-article-quote wall-content\">\n<p>\u00ab\u2009Les professionnels se sont dit que \u00e7a devenait difficile de vendre des voitures aussi cher, donc ils ont commenc\u00e9 \u00e0 s\u2019approvisionner \u00e0 moindre co\u00fbt, et \u00e0 vendre moins cher, par ricochet.\u2009On \u00e9tait arriv\u00e9s \u00e0 une limite. Et d\u2019ailleurs on le voit\u2009: il y a deux ans, on avait 85\u00a0millions de visites pour les voitures sur leboncoin. D\u00e9sormais, on est autour des 110\u00a0millions.<\/p>\n<p>    <strong>Olivier Flavier <\/strong><br \/>\n        Directeur automobile de leboncoin    <\/p><\/blockquote>\n<p class=\" wall-content\">Signe, selon le sp\u00e9cialiste, que <strong>la demande augmente<\/strong>. Pour preuve\u2009: le site de petites annonces revendique environ 750\u2009000 voitures d\u2019occasion en ligne, dont pr\u00e8s de 400\u2009000 mises en vente par des professionnels.<\/p>\n<p class=\" wall-content\">En g\u00e9n\u00e9ral, quand la demande augmente, l\u2019offre reste stable et ce sont les prix qui grimpent. Mais pas l\u00e0, \u00ab\u2009justement, car les concessionnaires ont fait des efforts\u2009\u00bb, estime le sp\u00e9cialiste.<\/p>\n<p>Votre r\u00e9gion, votre actu !<\/p>\n<p>Recevez chaque jour les infos qui comptent pour vous.<\/p>\n<p>\t<a href=\"https:\/\/actu.fr\/newsletter\" class=\"ac-btn ac-btn--corner ac-btn--medium ac-btn--blue800\" target=\"_blank\" rel=\"noopener\">S&rsquo;incrire<\/a><br \/>\nQuels mod\u00e8les sont les plus concern\u00e9s\u2009?<\/p>\n<p class=\" wall-content\">Concr\u00e8tement, les baisses sont \u00ab\u2009<strong>assez lin\u00e9aires sur tous les mod\u00e8les<\/strong>\u2009\u00bb, note Olivier Flavier. Cela dit, le directeur du parc auto du site de petites annonces remarque que \u00ab\u2009quand l\u2019offre est vraiment cons\u00e9quente, l\u00e0, les baisses peuvent \u00eatre significatives\u2009\u00bb.<\/p>\n<p>Mieux vaut un moteur essence, diesel, \u00e9lectrique ou rechargeable ? L&rsquo;avis du sp\u00e9cialiste<\/p>\n<p>\u00ab\u00a0Une voiture thermique, en moyenne, d\u00e9cote de 20 % en un an, 15 % de plus au bout de 2 ans. Par contre apr\u00e8s, la d\u00e9cote est moins forte et lin\u00e9aire. En \u00e9lectrique, la d\u00e9cote plus forte : 45 \u00e0 50 % les deux premi\u00e8res ann\u00e9es, car l\u2019innovation va tr\u00e8s vite. En revanche, dans le temps, l\u2019avantage de l\u2019\u00e9lectrique, c\u2019est que la voiture dure plus longtemps. J&rsquo;en ai qui ont jusqu\u2019\u00e0 500 000 km. Les thermiques \u00e0 ce niveau-l\u00e0, c\u2019est plus rare (et moins fiable). La valeur d\u2019une \u00e9lectrique est meilleure \u00e0 la fin qu\u2019une thermique.<\/p>\n<p>D&rsquo;ici deux ans, c&rsquo;est certainement les moteurs diesel qui seront les moins chers sur le march\u00e9. Avec l&rsquo;essence, ils repr\u00e9sentent 85 % de l&rsquo;offre d&rsquo;occasion, donc l&rsquo;offre est grande, et le spectre de 2035 et de l&rsquo;interdiction d&rsquo;immatriculer une voiture thermique r\u00f4de.\u00a0\u00bb<\/p>\n<p class=\" wall-content\">Il cite notamment les Renault Clio et Renault Captur, et les 208 et 207 de chez Peugeot. \u00c0 l\u2019inverse, les Audi et les Dacia, moins demand\u00e9s, voient leurs prix varier de fa\u00e7on moins importante.<\/p>\n<p>L\u2019arriv\u00e9e des voitures asiatiques, \u00ab\u2009\u00e7a va \u00eatre int\u00e9ressant\u2009\u00bb<\/p>\n<p class=\" wall-content\">Un autre facteur qui bouscule le secteur de l\u2019automobile ces derniers temps\u2009: l\u2019arriv\u00e9e, sur le march\u00e9, de plus en plus de v\u00e9hicules de constructeurs chinois.<\/p>\n<blockquote class=\"ac-article-quote wall-content\">\n<p>Avant, ils proposaient surtout des gros SUV, assez chers. Maintenant, on voit aussi des voitures qui co\u00fbtent environ 18\u2009000\u00a0euros neuves, donc 12\u2009000\u00a0ou 13\u2009000\u00a0euros d\u2019occasion.<\/p>\n<p>    <strong>Olivier Flavier <\/strong><br \/>\n        Directeur automobile de leboncoin    <\/p><\/blockquote>\n<p class=\" wall-content\">En comparaison, une Clio neuve, c\u2019est en moyenne 22\u2009000 euros, en fonction de la finition, et entre 13\u2009000 et 15\u2009000 euros d\u2019occasion.<\/p>\n<p class=\" wall-content\">Difficile pour Olivier Flavier de dire quelle sera l\u2019\u00e9volution du march\u00e9 automobile. Toujours est-il que <strong>les prix sont relativement bas en ce moment<\/strong>, et que selon lui, c\u2019est le moment d\u2019acheter.<\/p>\n<p class=\" wall-content\">Quoi qu\u2019il arrive, \u00ab\u2009le march\u00e9 de l\u2019occasion est stable alors que celui du neuf reste tr\u00e8s \u00e9lev\u00e9\u2009\u00bb, confie-t-il.<\/p>\n<p class=\" wall-content\">Personnalisez votre actualit\u00e9 en ajoutant vos villes et m\u00e9dias en favori avec <a href=\"https:\/\/moncompte.actu.fr\" title=\"D\u00e9couvez Mon Actu\" rel=\"nofollow noopener\" data-trk=\"{&quot;cta&quot;:{&quot;action&quot;:&quot;https:\\\/\\\/moncompte.actu.fr&quot;,&quot;category&quot;:&quot;mon compte&quot;,&quot;from&quot;:&quot;article footer&quot;,&quot;name&quot;:&quot;Mon actu&quot;,&quot;type&quot;:&quot;cta&quot;}}\" target=\"_blank\">Mon Actu<\/a>.<\/p>\n","protected":false},"excerpt":{"rendered":"Par Martin Leduc Publi\u00e9 le 1 nov. 2025 \u00e0 16h20 Comptez -3\u2009163 euros pour les v\u00e9hicules essence, -3\u2009465&hellip;\n","protected":false},"author":2,"featured_media":506027,"comment_status":"","ping_status":"","sticky":false,"template":"","format":"standard","meta":{"footnotes":""},"categories":[6],"tags":[1261,646,35,33,34,1011,27,8025],"class_list":{"0":"post-506026","1":"post","2":"type-post","3":"status-publish","4":"format-standard","5":"has-post-thumbnail","7":"category-economie","8":"tag-argent","9":"tag-automobile","10":"tag-business","11":"tag-economie","12":"tag-economy","13":"tag-fr","14":"tag-france","15":"tag-leboncoin"},"share_on_mastodon":{"url":"https:\/\/pubeurope.com\/@fr\/115478267489032226","error":""},"_links":{"self":[{"href":"https:\/\/www.europesays.com\/fr\/wp-json\/wp\/v2\/posts\/506026","targetHints":{"allow":["GET"]}}],"collection":[{"href":"https:\/\/www.europesays.com\/fr\/wp-json\/wp\/v2\/posts"}],"about":[{"href":"https:\/\/www.europesays.com\/fr\/wp-json\/wp\/v2\/types\/post"}],"author":[{"embeddable":true,"href":"https:\/\/www.europesays.com\/fr\/wp-json\/wp\/v2\/users\/2"}],"replies":[{"embeddable":true,"href":"https:\/\/www.europesays.com\/fr\/wp-json\/wp\/v2\/comments?post=506026"}],"version-history":[{"count":0,"href":"https:\/\/www.europesays.com\/fr\/wp-json\/wp\/v2\/posts\/506026\/revisions"}],"wp:featuredmedia":[{"embeddable":true,"href":"https:\/\/www.europesays.com\/fr\/wp-json\/wp\/v2\/media\/506027"}],"wp:attachment":[{"href":"https:\/\/www.europesays.com\/fr\/wp-json\/wp\/v2\/media?parent=506026"}],"wp:term":[{"taxonomy":"category","embeddable":true,"href":"https:\/\/www.europesays.com\/fr\/wp-json\/wp\/v2\/categories?post=506026"},{"taxonomy":"post_tag","embeddable":true,"href":"https:\/\/www.europesays.com\/fr\/wp-json\/wp\/v2\/tags?post=506026"}],"curies":[{"name":"wp","href":"https:\/\/api.w.org\/{rel}","templated":true}]}}