{"id":506028,"date":"2025-11-02T04:41:12","date_gmt":"2025-11-02T04:41:12","guid":{"rendered":"https:\/\/www.europesays.com\/fr\/506028\/"},"modified":"2025-11-02T04:41:12","modified_gmt":"2025-11-02T04:41:12","slug":"sur-google-maps-au-maroc-la-ligne-separant-le-sahara-occidental-du-pays-a-deja-disparu-liberation","status":"publish","type":"post","link":"https:\/\/www.europesays.com\/fr\/506028\/","title":{"rendered":"Sur Google Maps au Maroc, la ligne s\u00e9parant le Sahara occidental du pays a d\u00e9j\u00e0 disparu \u2013 Lib\u00e9ration"},"content":{"rendered":"<p class=\"sc-cPiKLX AiZTS text-element\">\u00abDieu merci !\u00bb, \u00abLa ligne imaginaire n\u2019est plus.\u00bb Sur les r\u00e9seaux sociaux, plusieurs internautes ont partag\u00e9 leur soulagement apr\u00e8s avoir jet\u00e9 un coup d\u2019\u0153il \u00e0 Google Maps au Maroc ce samedi 1er novembre. Et pour cause : ils y ont vu que les pointill\u00e9s s\u00e9parant traditionnellement le Sahara occidental du Maroc ont disparu, au lendemain d\u2019un <a href=\"https:\/\/www.liberation.fr\/international\/afrique\/sahara-occidental-le-plan-dautonomie-marocain-adoube-par-le-conseil-de-securite-de-lonu-20251031_PSSXWOSYZRAK5LIWC4QMNDJZTM\/\" target=\"_blank\" rel=\"noreferrer noopener\" title=\"https:\/\/www.liberation.fr\/international\/afrique\/sahara-occidental-le-plan-dautonomie-marocain-adoube-par-le-conseil-de-securite-de-lonu-20251031_PSSXWOSYZRAK5LIWC4QMNDJZTM\/\">vote de l\u2019ONU soutenant le plan d\u2019autonomie marocain<\/a> pour ce territoire disput\u00e9.<\/p>\n<p class=\"sc-cPiKLX AiZTS text-element\">D\u2019apr\u00e8s les premi\u00e8res observations de l\u2019AFP, la disparition des pointill\u00e9s semblerait ne concerner que la carte de Google Maps consult\u00e9e depuis le Maroc. Ailleurs, notamment depuis les Etats-Unis, Chypre, la France ou encore l\u2019Alg\u00e9rie, ils demeurent visibles. Google n\u2019a pas encore comment\u00e9 ce changement mais seule l\u2019entreprise am\u00e9ricaine peut modifier la repr\u00e9sentation de ses cartes.<\/p>\n<p class=\"sc-cPiKLX AiZTS text-element\">Ce changement intervient quelques heures <a href=\"https:\/\/www.liberation.fr\/international\/afrique\/sahara-occidental-comprendre-le-conflit-qui-dure-depuis-un-demi-siecle-20240809_GZVLIKQ2GFC3XCYNUYZQGBKBHE\/\" target=\"_blank\" rel=\"noreferrer noopener\" title=\"https:\/\/www.liberation.fr\/international\/afrique\/sahara-occidental-comprendre-le-conflit-qui-dure-depuis-un-demi-siecle-20240809_GZVLIKQ2GFC3XCYNUYZQGBKBHE\/\">apr\u00e8s un tournant diplomatique, salu\u00e9 comme \u00abhistorique\u00bb par le Maroc<\/a> : le Conseil de s\u00e9curit\u00e9 de l\u2019ONU a apport\u00e9 vendredi soir son soutien au plan marocain d\u2019autonomie du Sahara occidental, le d\u00e9crivant comme la solution \u00abla plus r\u00e9alisable\u00bb pour le territoire disput\u00e9.<\/p>\n<p class=\"sc-cPiKLX AiZTS text-element\">Le Sahara occidental, colonie espagnole jusqu\u2019en 1975, est contr\u00f4l\u00e9 en majeure partie par le Maroc mais consid\u00e9r\u00e9 comme un territoire \u00abnon autonome\u00bb par les Nations unies. <a href=\"https:\/\/www.liberation.fr\/planete\/2015\/11\/08\/sahara-occidental-seule-la-violence-fera-parler_1412117\/\" target=\"_blank\" rel=\"noreferrer noopener\" title=\"https:\/\/www.liberation.fr\/planete\/2015\/11\/08\/sahara-occidental-seule-la-violence-fera-parler_1412117\/\">Un conflit y oppose<\/a> depuis un demi-si\u00e8cle Rabat aux ind\u00e9pendantistes du Front Polisario, soutenus par Alger.<\/p>\n<p class=\"sc-cPiKLX AiZTS text-element\">Jusqu\u2019alors, le Conseil de s\u00e9curit\u00e9 pressait le Maroc, le Polisario, l\u2019Alg\u00e9rie et la Mauritanie de reprendre des n\u00e9gociations \u2013 interrompues depuis 2019 \u2013 pour parvenir \u00e0 une \u00absolution politique r\u00e9alisable, durable et mutuellement acceptable\u00bb.<\/p>\n<p class=\"sc-cPiKLX AiZTS text-element\">Mais \u00e0 l\u2019initiative des Am\u00e9ricains, en charge de ce dossier au Conseil, une r\u00e9solution, adopt\u00e9e par onze voix pour, aucune contre et trois abstentions &#8211; l\u2019Alg\u00e9rie ayant refus\u00e9 de participer au vote &#8211; prend position pour le plan pr\u00e9sent\u00e9 par Rabat en 2007. Il pr\u00e9voit une autonomie sous souverainet\u00e9 marocaine pour ce vaste territoire d\u00e9sertique, riche en phosphate et aux eaux poissonneuses.<\/p>\n","protected":false},"excerpt":{"rendered":"\u00abDieu merci !\u00bb, \u00abLa ligne imaginaire n\u2019est plus.\u00bb Sur les r\u00e9seaux sociaux, plusieurs internautes ont partag\u00e9 leur soulagement&hellip;\n","protected":false},"author":2,"featured_media":506029,"comment_status":"","ping_status":"","sticky":false,"template":"","format":"standard","meta":{"footnotes":""},"categories":[5],"tags":[11,1011,27,14,2223,12,3184,28],"class_list":{"0":"post-506028","1":"post","2":"type-post","3":"status-publish","4":"format-standard","5":"has-post-thumbnail","7":"category-international","8":"tag-actualites","9":"tag-fr","10":"tag-france","11":"tag-international","12":"tag-maroc","13":"tag-news","14":"tag-sahara-occidental","15":"tag-world"},"share_on_mastodon":{"url":"https:\/\/pubeurope.com\/@fr\/115478271390288770","error":""},"_links":{"self":[{"href":"https:\/\/www.europesays.com\/fr\/wp-json\/wp\/v2\/posts\/506028","targetHints":{"allow":["GET"]}}],"collection":[{"href":"https:\/\/www.europesays.com\/fr\/wp-json\/wp\/v2\/posts"}],"about":[{"href":"https:\/\/www.europesays.com\/fr\/wp-json\/wp\/v2\/types\/post"}],"author":[{"embeddable":true,"href":"https:\/\/www.europesays.com\/fr\/wp-json\/wp\/v2\/users\/2"}],"replies":[{"embeddable":true,"href":"https:\/\/www.europesays.com\/fr\/wp-json\/wp\/v2\/comments?post=506028"}],"version-history":[{"count":0,"href":"https:\/\/www.europesays.com\/fr\/wp-json\/wp\/v2\/posts\/506028\/revisions"}],"wp:featuredmedia":[{"embeddable":true,"href":"https:\/\/www.europesays.com\/fr\/wp-json\/wp\/v2\/media\/506029"}],"wp:attachment":[{"href":"https:\/\/www.europesays.com\/fr\/wp-json\/wp\/v2\/media?parent=506028"}],"wp:term":[{"taxonomy":"category","embeddable":true,"href":"https:\/\/www.europesays.com\/fr\/wp-json\/wp\/v2\/categories?post=506028"},{"taxonomy":"post_tag","embeddable":true,"href":"https:\/\/www.europesays.com\/fr\/wp-json\/wp\/v2\/tags?post=506028"}],"curies":[{"name":"wp","href":"https:\/\/api.w.org\/{rel}","templated":true}]}}