{"id":506030,"date":"2025-11-02T04:42:12","date_gmt":"2025-11-02T04:42:12","guid":{"rendered":"https:\/\/www.europesays.com\/fr\/506030\/"},"modified":"2025-11-02T04:42:12","modified_gmt":"2025-11-02T04:42:12","slug":"sebastien-lecornu-se-dit-tres-lucide-sur-sa-capacite-a-faire-adopter-le-budget","status":"publish","type":"post","link":"https:\/\/www.europesays.com\/fr\/506030\/","title":{"rendered":"S\u00e9bastien Lecornu se dit \u00ab\u00a0tr\u00e8s lucide\u00a0\u00bb sur sa capacit\u00e9 \u00e0 faire adopter le budget"},"content":{"rendered":"<p>        <img decoding=\"async\" loading=\"lazy\" src=\"https:\/\/www.europesays.com\/fr\/wp-content\/uploads\/2025\/11\/f4f9bf8_upload-1-keucqtty3byx-afp-20251031-hl-quentindegroeve-2938618-v2-highres-francepoliticsparli.jpeg\"  width=\"728\" height=\"409\" alt=\"S\u00e9bastien Lecornu, ici \u00e0 l Assemblee nationale, \u00e0 Paris, le 31\u00a0octobre 2025.\"\/>  <\/p>\n<p>QUENTIN DE GROEVE \/ Hans Lucas via AFP<\/p>\n<p>S\u00e9bastien Lecornu, ici \u00e0 l Assemblee nationale, \u00e0 Paris, le 31\u00a0octobre 2025.<\/p>\n<p class=\"asset asset-text\">POLITIQUE &#8211; Sur l\u2019\u00e9pineuse question du budget, <a href=\"https:\/\/www.huffingtonpost.fr\/politique\/article\/apres-le-rejet-de-la-taxe-zucman-par-l-assemblee-sebastien-lecornu-fait-une-petite-concession_256641.html\" target=\"_blank\" rel=\"noopener\">S\u00e9bastien Lecornu<\/a> a mis cartes sur table aupr\u00e8s de plusieurs m\u00e9dias ce samedi 1er\u00a0novembre, assurant mener une \u00ab\u00a0strat\u00e9gie des petits pas\u00a0\u00bb pour r\u00e9sister \u00e0 la censure.<\/p>\n<p class=\"asset asset-text\">\u00ab\u00a0C\u2019est une course d\u2019endurance tr\u00e8s incertaine o\u00f9 on peut chuter \u00e0 n\u2019importe quel moment\u00a0\u00bb, <a href=\"https:\/\/www.leparisien.fr\/politique\/on-peut-chuter-a-nimporte-quel-moment-les-confidences-de-sebastien-lecornu-en-plein-examen-du-budget-01-11-2025-XRFRMHR3GVFFFDQOS2M3LLD5LU.php\" target=\"_blank\" rel=\"noopener\" title=\"Nouvelle fen\u00eatre\">a affirm\u00e9 le Premier ministre au quotidien Le Parisien<\/a>. \u00ab\u00a0Si nos oppositions veulent censurer, elles censureront. Je suis tr\u00e8s lucide. Cela peut d\u00e9railler dix fois. Mais si ceux qui veulent vraiment que cela fonctionne pour le pays jouent le jeu, on va y arriver\u00a0\u00bb, <a href=\"https:\/\/www.latribune.fr\/article\/la-tribune-dimanche\/la-tribune-dimanche\/politique\/66238834508513\/sebastien-lecornu-premier-ministre-a-la-fin-tout-le-monde-devra-faire-des-compromis\" target=\"_blank\" rel=\"noopener\" title=\"Nouvelle fen\u00eatre\">dit-il aussi \u00e0 La Tribune Dimanche<\/a>.<\/p>\n<p class=\"asset asset-text\">Aupr\u00e8s de ce journal, le chef du gouvernement a par ailleurs indiqu\u00e9 que le d\u00e9bat sur la taxe Zucman sur les hauts patrimoines, <a href=\"https:\/\/www.huffingtonpost.fr\/politique\/article\/la-taxe-zucman-proposee-dans-le-budget-2026-rejetee-a-l-assemblee-nationale_256640.html\" target=\"_blank\" rel=\"noopener\">rejet\u00e9e par les d\u00e9put\u00e9s<\/a>, \u00ab\u00a0est derri\u00e8re nous\u00a0\u00bb. \u00ab\u00a0C\u2019est maintenant un d\u00e9bat pour la prochaine pr\u00e9sidentielle.\u00a0\u00bb<\/p>\n<p class=\"asset asset-text\">Il a indiqu\u00e9 que la \u00ab\u00a0seconde lecture\u00a0\u00bb du <a href=\"https:\/\/www.huffingtonpost.fr\/politique\/article\/sur-le-budget-la-taxation-des-plus-riches-enflamme-l-assemblee-et-aggrave-les-fractures_256653.html\" target=\"_blank\" rel=\"noopener\">budget<\/a> \u00e0 l\u2019Assembl\u00e9e nationale serait \u00ab\u00a0le moment de v\u00e9rit\u00e9\u00a0\u00bb, alors que les d\u00e9put\u00e9s s\u2019appr\u00eatent \u00e0 mettre entre parenth\u00e8ses l\u2019examen du budget de l\u2019\u00c9tat mardi, pour s\u2019atteler au budget de la S\u00e9curit\u00e9 sociale, o\u00f9 figurent \u00e9galement de nombreuses mesures irritantes pour les oppositions.<\/p>\n<p class=\"asset asset-text\">Les deux textes budg\u00e9taires, une fois pass\u00e9s par l\u2019Assembl\u00e9e nationale, iront ensuite au S\u00e9nat, puis reviendront devant les d\u00e9put\u00e9s \u00e0 l\u2019issue d\u2019une commission mixte paritaire (CMP) r\u00e9unissant des parlementaires des deux chambres. La discussion budg\u00e9taire va s\u2019\u00e9tirer jusqu\u2019\u00e0 la mi-d\u00e9cembre au moins, sauf si une censure est vot\u00e9e avant.<\/p>\n<p>    Pas d\u2019accord global avec les socialistes    <\/p>\n<p class=\"asset asset-text\">Le Premier ministre nie avoir n\u00e9goci\u00e9 un accord global avec les socialistes, parti-cl\u00e9 pour la survie du gouvernement.<\/p>\n<p class=\"asset asset-text\">\u00ab\u00a0Il n\u2019y a pas de deal et il n\u2019y en aura pas jusqu\u2019au bout\u00a0\u00bb, mart\u00e8le-t-il. \u00ab\u00a0Le PS, qui ne souhaite pas jouer \u00e0 la politique du pire, peut d\u00e9sormais d\u00e9fendre des avanc\u00e9es concr\u00e8tes aupr\u00e8s de nos concitoyens\u00a0\u00bb, affirme S\u00e9bastien Lecornu au Parisien. \u00ab\u00a0Certains membres du PS ont parfois du mal \u00e0 faire vivre les avanc\u00e9es obtenues durablement\u00a0\u00bb, tacle-t-il aupr\u00e8s de La Tribune dimanche.<\/p>\n<p class=\"asset asset-text\">Le chef du gouvernement a l\u00e2ch\u00e9 du lest vendredi en se disant pr\u00eat \u00e0 soutenir la r\u00e9indexation des pensions de retraite et des minima sociaux, ainsi que la hausse de la CSG sur le patrimoine, trois mesures d\u00e9j\u00e0 vot\u00e9es en commission \u00e0 l\u2019Assembl\u00e9e nationale sur le budget de la S\u00e9cu.<\/p>\n<p class=\"asset asset-text\">\u00ab\u00a0\u00c0 la fin, ce sera un budget de transition. Sans majorit\u00e9 absolue, je suis pr\u00eat \u00e0 accepter une strat\u00e9gie des petits pas\u00a0\u00bb, a-t-il dit au Parisien.<\/p>\n<p class=\"asset asset-text\">Le ministre de l\u2019\u00c9conomie Roland Lescure a lui mis en garde contre \u00ab\u00a0la sorcellerie fiscale\u00a0\u00bb des mesures \u00ab\u00a0inop\u00e9rantes\u00a0\u00bb vot\u00e9es par les d\u00e9put\u00e9s \u00e0 l\u2019occasion de l\u2019examen du budget, visant notamment les entreprises, <a href=\"https:\/\/www.latribune.fr\/article\/la-tribune-dimanche\/la-tribune-dimanche\/politique\/40779726995202\/roland-lescure-ministre-de-leconomie-et-des-finances-la-sorcellerie-fiscale-est-inacceptable\" target=\"_blank\" rel=\"noopener\" title=\"Nouvelle fen\u00eatre\">dans une interview \u00e0 para\u00eetre dans La Tribune Dimanche<\/a>. \u00ab\u00a0On peut d\u00e9cider en th\u00e9orie d\u2019exporter notre probl\u00e8me de d\u00e9ficit et de vouloir faire payer le monde entier. Mais en pratique, ce n\u2019est tout simplement pas possible. (&#8230;) \u00c0 ceux qui disent \u201con va avoir 30\u00a0milliards d\u2019euros de recettes magiques\u201d, je r\u00e9ponds\u00a0: \u201cnous aurons 30\u00a0milliards d\u2019ennuis magiques\u201d\u00a0\u00bb, a-t-il ajout\u00e9.<\/p>\n","protected":false},"excerpt":{"rendered":"QUENTIN DE GROEVE \/ Hans Lucas via AFP S\u00e9bastien Lecornu, ici \u00e0 l Assemblee nationale, \u00e0 Paris, le&hellip;\n","protected":false},"author":2,"featured_media":506031,"comment_status":"","ping_status":"","sticky":false,"template":"","format":"standard","meta":{"footnotes":""},"categories":[4],"tags":[11,416,1003,1011,27,12,316,3363,25,11067],"class_list":{"0":"post-506030","1":"post","2":"type-post","3":"status-publish","4":"format-standard","5":"has-post-thumbnail","7":"category-france","8":"tag-actualites","9":"tag-assemblee-nationale","10":"tag-budget","11":"tag-fr","12":"tag-france","13":"tag-news","14":"tag-politique","15":"tag-premier-ministre","16":"tag-republique-francaise","17":"tag-sebastien-lecornu"},"share_on_mastodon":{"url":"https:\/\/pubeurope.com\/@fr\/115478275772999996","error":""},"_links":{"self":[{"href":"https:\/\/www.europesays.com\/fr\/wp-json\/wp\/v2\/posts\/506030","targetHints":{"allow":["GET"]}}],"collection":[{"href":"https:\/\/www.europesays.com\/fr\/wp-json\/wp\/v2\/posts"}],"about":[{"href":"https:\/\/www.europesays.com\/fr\/wp-json\/wp\/v2\/types\/post"}],"author":[{"embeddable":true,"href":"https:\/\/www.europesays.com\/fr\/wp-json\/wp\/v2\/users\/2"}],"replies":[{"embeddable":true,"href":"https:\/\/www.europesays.com\/fr\/wp-json\/wp\/v2\/comments?post=506030"}],"version-history":[{"count":0,"href":"https:\/\/www.europesays.com\/fr\/wp-json\/wp\/v2\/posts\/506030\/revisions"}],"wp:featuredmedia":[{"embeddable":true,"href":"https:\/\/www.europesays.com\/fr\/wp-json\/wp\/v2\/media\/506031"}],"wp:attachment":[{"href":"https:\/\/www.europesays.com\/fr\/wp-json\/wp\/v2\/media?parent=506030"}],"wp:term":[{"taxonomy":"category","embeddable":true,"href":"https:\/\/www.europesays.com\/fr\/wp-json\/wp\/v2\/categories?post=506030"},{"taxonomy":"post_tag","embeddable":true,"href":"https:\/\/www.europesays.com\/fr\/wp-json\/wp\/v2\/tags?post=506030"}],"curies":[{"name":"wp","href":"https:\/\/api.w.org\/{rel}","templated":true}]}}