{"id":506045,"date":"2025-11-02T04:57:31","date_gmt":"2025-11-02T04:57:31","guid":{"rendered":"https:\/\/www.europesays.com\/fr\/506045\/"},"modified":"2025-11-02T04:57:31","modified_gmt":"2025-11-02T04:57:31","slug":"des-affrontements-a-saint-marcellin-huit-interpellations-dans-lagglomeration-de-grenoble","status":"publish","type":"post","link":"https:\/\/www.europesays.com\/fr\/506045\/","title":{"rendered":"des affrontements \u00e0 Saint-Marcellin, huit interpellations dans l\u2019agglom\u00e9ration\u00a0de Grenoble"},"content":{"rendered":"<p class=\"xsm-p emxed-markup\">La nuit d\u2019Halloween a \u00e9t\u00e9 agit\u00e9e dans certains secteurs de l\u2019Is\u00e8re. D\u2019apr\u00e8s les informations du Dauphin\u00e9 Lib\u00e9r\u00e9, les sapeurs-pompiers ont r\u00e9alis\u00e9 34 interventions li\u00e9es \u00e0 des feux de poubelles ou de v\u00e9hicules, un peu partout dans le D\u00e9partement. Une dizaine de v\u00e9hicules ont br\u00fbl\u00e9, \u00e0 Saint-Martin-d\u2019H\u00e8res, Chasse-sur-Rh\u00f4ne, Vienne, Saint-Marcellin ou encore Dom\u00e8ne.<\/p>\n<p class=\"xsm-p emxed-markup\">\u00c0 Saint-Marcellin, des affrontements ont eu lieu vers 22 h 40, dans le quartier Beausoleil, entre des individus et des gendarmes du Peloton de surveillance et d\u2019intervention de la gendarmerie (Psig). Les militaires ont notamment \u00e9t\u00e9 vis\u00e9s par des tirs de mortiers.<\/p>\n<p class=\"xsm-p emxed-markup\">Un homme, suspect\u00e9 d\u2019\u00eatre le tireur, a \u00e9t\u00e9 interpell\u00e9. \u00c2ge de 15 ans, il a \u00e9t\u00e9 plac\u00e9 en garde \u00e0 vue, avant d\u2019\u00eatre remis en libert\u00e9 dans la journ\u00e9e de samedi avec un classement sans suite sous condition.<\/p>\n<p class=\"xsm-p emxed-markup\">Dans la nuit, un quad a \u00e9galement \u00e9t\u00e9 incendi\u00e9 dans ce quartier sensible de la petite commune du Sud Gr\u00e9sivaudan.<\/p>\n<p class=\"xsm-p emxed-markup\">\u00c0 Grenoble \u00e9galement et \u00e0 \u00c9chirolles, quelques \u00e9chauffour\u00e9es ont \u00e9maill\u00e9 la soir\u00e9e. L\u00e0 aussi, les forces de l\u2019ordre et leurs v\u00e9hicules ont \u00e9t\u00e9 vis\u00e9s. Si aucun bless\u00e9 n\u2019est \u00e0 d\u00e9plorer, huit interpellations en lien avec ces d\u00e9bordements ont \u00e9t\u00e9 r\u00e9alis\u00e9es.<\/p>\n<p>De nombreux tirs malgr\u00e9 l\u2019interdiction\u00a0<\/p>\n<p class=\"xsm-p emxed-markup\">Toute la soir\u00e9e et en d\u00e9but de nuit, de nombreux tirs de feux d\u2019artifice ont r\u00e9sonn\u00e9 dans l\u2019agglom\u00e9ration grenobloise et ce malgr\u00e9 l\u2019interdiction d\u00e9cr\u00e9t\u00e9e par la pr\u00e9fecture de l\u2019Is\u00e8re concernant \u00ab la d\u00e9tention et l\u2019usage de fumig\u00e8nes, p\u00e9tards ou feux d\u2019artifice sur la voie publique \u00bb.<\/p>\n<p class=\"xsm-p emxed-markup\">Selon une t\u00e9moin, qui a contact\u00e9 le Dauphin\u00e9 Lib\u00e9r\u00e9, \u00ab des jeunes masqu\u00e9s ou encagoul\u00e9s \u00bb aurait vis\u00e9 des immeubles dans le quartier de la Presqu\u2019\u00eele, \u00abautour du parc Berty-Albrecht\u00bb, cr\u00e9ant la stupeur parmi les enfants et les parents qui \u00abf\u00eataient Halloween\u00bb.\u00a0<\/p>\n<p class=\"insetTitle\">Au moins cinq v\u00e9hicules incendi\u00e9s dans le nord du d\u00e9partement<\/p>\n<p class=\"xsm-p emxed-markup\">C\u2019est devenu une habitude le 31\u00a0octobre, les sapeurs-pompiers et les forces de l\u2019ordre savent qu\u2019ils vont \u00eatre mobilis\u00e9s une grande partie de la nuit. Cela n\u2019a pas manqu\u00e9 encore une fois.<\/p>\n<p class=\"xsm-p emxed-markup\">Dans la nuit de vendredi \u00e0 samedi, ils sont intervenus \u00e0 plusieurs reprises dans le nord du d\u00e9partement. En tout, cinq v\u00e9hicules au moins ont \u00e9t\u00e9 incendi\u00e9s au cours de la nuit, \u00e0 Vienne, Chasse-sur-Rh\u00f4ne, Chavanoz et Lieudieu.<\/p>\n<p class=\"xsm-p emxed-markup\">Et les sapeurs-pompiers ont \u00e9galement \u00e9t\u00e9 appel\u00e9s pour des feux sur la voie publique, notamment des feux de poubelle, \u00e0 Bourgoin-Jallieu, Saint-Savin, L\u2019Isle-d\u2019Abeau ou encore Pont-\u00c9v\u00eaque. Une quinzaine de feux ont \u00e9t\u00e9 signal\u00e9s en cette nuit d\u2019Halloween.<\/p>\n<p class=\"insetSignature\">Vincent Prod&rsquo;Homme<\/p>\n","protected":false},"excerpt":{"rendered":"La nuit d\u2019Halloween a \u00e9t\u00e9 agit\u00e9e dans certains secteurs de l\u2019Is\u00e8re. D\u2019apr\u00e8s les informations du Dauphin\u00e9 Lib\u00e9r\u00e9, les&hellip;\n","protected":false},"author":2,"featured_media":506046,"comment_status":"","ping_status":"","sticky":false,"template":"","format":"standard","meta":{"footnotes":""},"categories":[9566],"tags":[1111,11,2430,12919,13047,14021,25784,271,272,12492,9852,9853,115,112,113,116,111,114,1777,674,274,107,1011,27,2731,2732,1310,108,45536,62771,1985,12,25823,25,7387,7388,9448,11264,1584,10589],"class_list":{"0":"post-506045","1":"post","2":"type-post","3":"status-publish","4":"format-standard","5":"has-post-thumbnail","7":"category-grenoble","8":"tag-actu","9":"tag-actualites","10":"tag-auvergne-rhone-alpes","11":"tag-bourgoin-jallieu","12":"tag-bourgoin-jallieu-bassin","13":"tag-chasse-sur-rhone","14":"tag-chavanoz","15":"tag-crime","16":"tag-delit-et-contravention","17":"tag-domene","18":"tag-echirolles","19":"tag-echirolles-bassin","20":"tag-edition-bourgoin-jallieu-nord-dauphine","21":"tag-edition-grenoble-agglomeration","22":"tag-edition-gresivaudan-oisans","23":"tag-edition-la-tour-du-pin-nord-dauphine","24":"tag-edition-vienne-roussillon","25":"tag-edition-voiron-saint-marcellin","26":"tag-eu","27":"tag-europe","28":"tag-faits-divers-justice","29":"tag-fil-info","30":"tag-fr","31":"tag-france","32":"tag-grenoble","33":"tag-grenoble-bassin","34":"tag-incendie","35":"tag-isere","36":"tag-lisle-dabeau","37":"tag-lieudieu","38":"tag-metropole-de-grenoble","39":"tag-news","40":"tag-pont-eveque","41":"tag-republique-francaise","42":"tag-saint-marcellin","43":"tag-saint-marcellin-bassin","44":"tag-saint-martin-dheres","45":"tag-saint-martin-dheres-bassin","46":"tag-vienne","47":"tag-vienne-bassin"},"share_on_mastodon":{"url":"","error":"Validation failed: Text character limit of 500 exceeded"},"_links":{"self":[{"href":"https:\/\/www.europesays.com\/fr\/wp-json\/wp\/v2\/posts\/506045","targetHints":{"allow":["GET"]}}],"collection":[{"href":"https:\/\/www.europesays.com\/fr\/wp-json\/wp\/v2\/posts"}],"about":[{"href":"https:\/\/www.europesays.com\/fr\/wp-json\/wp\/v2\/types\/post"}],"author":[{"embeddable":true,"href":"https:\/\/www.europesays.com\/fr\/wp-json\/wp\/v2\/users\/2"}],"replies":[{"embeddable":true,"href":"https:\/\/www.europesays.com\/fr\/wp-json\/wp\/v2\/comments?post=506045"}],"version-history":[{"count":0,"href":"https:\/\/www.europesays.com\/fr\/wp-json\/wp\/v2\/posts\/506045\/revisions"}],"wp:featuredmedia":[{"embeddable":true,"href":"https:\/\/www.europesays.com\/fr\/wp-json\/wp\/v2\/media\/506046"}],"wp:attachment":[{"href":"https:\/\/www.europesays.com\/fr\/wp-json\/wp\/v2\/media?parent=506045"}],"wp:term":[{"taxonomy":"category","embeddable":true,"href":"https:\/\/www.europesays.com\/fr\/wp-json\/wp\/v2\/categories?post=506045"},{"taxonomy":"post_tag","embeddable":true,"href":"https:\/\/www.europesays.com\/fr\/wp-json\/wp\/v2\/tags?post=506045"}],"curies":[{"name":"wp","href":"https:\/\/api.w.org\/{rel}","templated":true}]}}