{"id":506047,"date":"2025-11-02T04:59:27","date_gmt":"2025-11-02T04:59:27","guid":{"rendered":"https:\/\/www.europesays.com\/fr\/506047\/"},"modified":"2025-11-02T04:59:27","modified_gmt":"2025-11-02T04:59:27","slug":"apres-lincendie-de-rennes-les-voisins-remercient-leurs-sauveteurs","status":"publish","type":"post","link":"https:\/\/www.europesays.com\/fr\/506047\/","title":{"rendered":"Apr\u00e8s l&rsquo;incendie de Rennes : les voisins remercient leurs sauveteurs"},"content":{"rendered":"<p class=\"jsx-4058425199 jsx-2164199691 ExpandableText__Text\">\u00c0 Rennes, en Ille-et-Vilaine, deux \u00e9tudiants, ayant un bon r\u00e9flexe et une bonne initiative, ont sauv\u00e9 la vie de plusieurs habitants d&rsquo;un immeuble qui \u00e9tait en feu. Vendredi, \u00e0 cinq heures du matin, les deux amis ont aper\u00e7u les flammes depuis la rue, appel\u00e9 les pompiers et fait du porte-\u00e0-porte pour r\u00e9veiller les occupants. Des rescap\u00e9s, reconnaissants, les ont chaleureusement remerci\u00e9s ce samedi. Gr\u00e2ce \u00e0 leur acte de bravoure, seul un appartement des neuf de l&rsquo;immeuble a \u00e9t\u00e9 endommag\u00e9.<\/p>\n<p>Lire plusReplier<\/p>\n","protected":false},"excerpt":{"rendered":"\u00c0 Rennes, en Ille-et-Vilaine, deux \u00e9tudiants, ayant un bon r\u00e9flexe et une bonne initiative, ont sauv\u00e9 la vie&hellip;\n","protected":false},"author":2,"featured_media":506048,"comment_status":"","ping_status":"","sticky":false,"template":"","format":"standard","meta":{"footnotes":""},"categories":[2821],"tags":[1111,11,829,1777,674,1011,27,1310,22817,2952,12,584,25,133,7166],"class_list":{"0":"post-506047","1":"post","2":"type-post","3":"status-publish","4":"format-standard","5":"has-post-thumbnail","7":"category-rennes","8":"tag-actu","9":"tag-actualites","10":"tag-bretagne","11":"tag-eu","12":"tag-europe","13":"tag-fr","14":"tag-france","15":"tag-incendie","16":"tag-initiatives-positives-et-vie-en-communaute","17":"tag-le-20h","18":"tag-news","19":"tag-rennes","20":"tag-republique-francaise","21":"tag-video","22":"tag-video-initiatives-positives"},"share_on_mastodon":{"url":"https:\/\/pubeurope.com\/@fr\/115478342010714330","error":""},"_links":{"self":[{"href":"https:\/\/www.europesays.com\/fr\/wp-json\/wp\/v2\/posts\/506047","targetHints":{"allow":["GET"]}}],"collection":[{"href":"https:\/\/www.europesays.com\/fr\/wp-json\/wp\/v2\/posts"}],"about":[{"href":"https:\/\/www.europesays.com\/fr\/wp-json\/wp\/v2\/types\/post"}],"author":[{"embeddable":true,"href":"https:\/\/www.europesays.com\/fr\/wp-json\/wp\/v2\/users\/2"}],"replies":[{"embeddable":true,"href":"https:\/\/www.europesays.com\/fr\/wp-json\/wp\/v2\/comments?post=506047"}],"version-history":[{"count":0,"href":"https:\/\/www.europesays.com\/fr\/wp-json\/wp\/v2\/posts\/506047\/revisions"}],"wp:featuredmedia":[{"embeddable":true,"href":"https:\/\/www.europesays.com\/fr\/wp-json\/wp\/v2\/media\/506048"}],"wp:attachment":[{"href":"https:\/\/www.europesays.com\/fr\/wp-json\/wp\/v2\/media?parent=506047"}],"wp:term":[{"taxonomy":"category","embeddable":true,"href":"https:\/\/www.europesays.com\/fr\/wp-json\/wp\/v2\/categories?post=506047"},{"taxonomy":"post_tag","embeddable":true,"href":"https:\/\/www.europesays.com\/fr\/wp-json\/wp\/v2\/tags?post=506047"}],"curies":[{"name":"wp","href":"https:\/\/api.w.org\/{rel}","templated":true}]}}