{"id":506054,"date":"2025-11-02T05:09:13","date_gmt":"2025-11-02T05:09:13","guid":{"rendered":"https:\/\/www.europesays.com\/fr\/506054\/"},"modified":"2025-11-02T05:09:13","modified_gmt":"2025-11-02T05:09:13","slug":"nantes-saint-nazaire-20-000-eleves-ont-decouvert-le-port-en-10-ans","status":"publish","type":"post","link":"https:\/\/www.europesays.com\/fr\/506054\/","title":{"rendered":"Nantes Saint-Nazaire : 20.000 \u00e9l\u00e8ves ont d\u00e9couvert le port en 10 ans"},"content":{"rendered":"<p>Comme chaque ann\u00e9e, le Port Atlantique Nantes Saint-Nazaire, en partenariat avec l&rsquo;Inspection Acad\u00e9mique de Loire Atlantique, la Direction D\u00e9partementale de l&rsquo;Enseignement Catholique et le Lieu Unique, a organis\u00e9 une activit\u00e9 p\u00e9dagogique \u00ab\u00a0A la d\u00e9couverte du monde portuaire\u00a0\u00bb aupr\u00e8s des \u00e9coles publiques et priv\u00e9es de Loire Atlantique. Cette op\u00e9ration est principalement bas\u00e9e sur une visite des installations portuaires et sur une restitution collective donnant lieu \u00e0 un concours. Plus de 20.000 \u00e9l\u00e8ves ont d\u00e9j\u00e0 particip\u00e9 \u00e0 l&rsquo;action depuis son lancement, en 1999. Le jury s&rsquo;est r\u00e9uni le 13 mai dernier, afin de d\u00e9signer les laur\u00e9ats parmi les 80 classes de CM1-CM2 qui ont particip\u00e9 \u00e0 l&rsquo;\u00e9dition 2008\/2009.  Pour marquer son dixi\u00e8me anniversaire, le Port Atlantique Nantes Saint-Nazaire est devenu partenaire de l&rsquo;exposition \u00ab\u00a0La Mer pour M\u00e9moire\u00a0\u00bb. <\/p>\n","protected":false},"excerpt":{"rendered":"Comme chaque ann\u00e9e, le Port Atlantique Nantes Saint-Nazaire, en partenariat avec l&rsquo;Inspection Acad\u00e9mique de Loire Atlantique, la Direction&hellip;\n","protected":false},"author":2,"featured_media":506055,"comment_status":"","ping_status":"","sticky":false,"template":"","format":"standard","meta":{"footnotes":""},"categories":[2818],"tags":[1111,11,6130,6141,6131,6138,2380,6135,554,1777,6136,674,1011,27,6139,6134,3135,6128,567,6129,6127,766,12,6132,2636,4838,6133,25,6140,6137],"class_list":{"0":"post-506054","1":"post","2":"type-post","3":"status-publish","4":"format-standard","5":"has-post-thumbnail","7":"category-nantes","8":"tag-actu","9":"tag-actualites","10":"tag-chantiers","11":"tag-commando","12":"tag-construction-navale","13":"tag-costa","14":"tag-croisiere","15":"tag-dcns","16":"tag-defense","17":"tag-eu","18":"tag-euronaval","19":"tag-europe","20":"tag-fr","21":"tag-france","22":"tag-fremm","23":"tag-interviews","24":"tag-littoral","25":"tag-marine","26":"tag-marine-nationale","27":"tag-maritime","28":"tag-mer","29":"tag-nantes","30":"tag-news","31":"tag-offshore","32":"tag-pays-de-la-loire","33":"tag-peche","34":"tag-reportages","35":"tag-republique-francaise","36":"tag-sncm","37":"tag-stx"},"share_on_mastodon":{"url":"https:\/\/pubeurope.com\/@fr\/115478381466884911","error":""},"_links":{"self":[{"href":"https:\/\/www.europesays.com\/fr\/wp-json\/wp\/v2\/posts\/506054","targetHints":{"allow":["GET"]}}],"collection":[{"href":"https:\/\/www.europesays.com\/fr\/wp-json\/wp\/v2\/posts"}],"about":[{"href":"https:\/\/www.europesays.com\/fr\/wp-json\/wp\/v2\/types\/post"}],"author":[{"embeddable":true,"href":"https:\/\/www.europesays.com\/fr\/wp-json\/wp\/v2\/users\/2"}],"replies":[{"embeddable":true,"href":"https:\/\/www.europesays.com\/fr\/wp-json\/wp\/v2\/comments?post=506054"}],"version-history":[{"count":0,"href":"https:\/\/www.europesays.com\/fr\/wp-json\/wp\/v2\/posts\/506054\/revisions"}],"wp:featuredmedia":[{"embeddable":true,"href":"https:\/\/www.europesays.com\/fr\/wp-json\/wp\/v2\/media\/506055"}],"wp:attachment":[{"href":"https:\/\/www.europesays.com\/fr\/wp-json\/wp\/v2\/media?parent=506054"}],"wp:term":[{"taxonomy":"category","embeddable":true,"href":"https:\/\/www.europesays.com\/fr\/wp-json\/wp\/v2\/categories?post=506054"},{"taxonomy":"post_tag","embeddable":true,"href":"https:\/\/www.europesays.com\/fr\/wp-json\/wp\/v2\/tags?post=506054"}],"curies":[{"name":"wp","href":"https:\/\/api.w.org\/{rel}","templated":true}]}}