{"id":506066,"date":"2025-11-02T05:17:13","date_gmt":"2025-11-02T05:17:13","guid":{"rendered":"https:\/\/www.europesays.com\/fr\/506066\/"},"modified":"2025-11-02T05:17:13","modified_gmt":"2025-11-02T05:17:13","slug":"proces-en-appel-de-la-rue-daubagne-le-maire-de-marseille-demande-le-retour-dun-survivant-expulse-vers-la-tunisie","status":"publish","type":"post","link":"https:\/\/www.europesays.com\/fr\/506066\/","title":{"rendered":"Proc\u00e8s en appel de la rue d\u2019Aubagne\u00a0: le maire de Marseille demande le retour d\u2019un survivant expuls\u00e9 vers la Tunisie"},"content":{"rendered":"<p class=\"paragraph text_align_left lp-f-body-02\">Dans une lettre adress\u00e9e \u00e0 Emmanuel Macron, le maire de Marseille <a href=\"https:\/\/www.leparisien.fr\/bouches-du-rhone-13\/un-acte-fort-benoit-payan-annonce-le-jumelage-de-marseille-avec-bethleem-le-jour-de-la-reconnaissance-dun-etat-de-palestine-22-09-2025-CERGUEGQF5AMJA74KXGAISGKEE.php\" target=\"_self\" rel=\"noopener\">Beno\u00eet Payan<\/a> r\u00e9clame le retour de <a href=\"https:\/\/www.leparisien.fr\/bouches-du-rhone-13\/un-acte-fort-benoit-payan-annonce-le-jumelage-de-marseille-avec-bethleem-le-jour-de-la-reconnaissance-dun-etat-de-palestine-22-09-2025-CERGUEGQF5AMJA74KXGAISGKEE.php\" target=\"_blank\" rel=\"noreferrer noopener\">Reda Manaa<\/a> en France, pour assister au proc\u00e8s en appel des <a href=\"https:\/\/www.leparisien.fr\/faits-divers\/marseille-3-000-manifestants-reclament-justice-et-un-logement-digne-avant-le-proces-de-la-rue-daubagne-03-11-2024-QQ5S623EV5DPBCMPC2S47U6KOU.php\" target=\"_self\" rel=\"noopener\">effondrements de la rue d\u2019Aubagne<\/a> \u00e0 Marseille.<\/p>\n<p class=\"paragraph text_align_left lp-f-body-02\">L\u2019homme sans papiers, reconnu victime de l\u2019effondrement de deux immeubles le 5 novembre 2018, a \u00e9t\u00e9 expuls\u00e9 le mois dernier vers la Tunisie. Selon Ici Provence, il avait \u00e9t\u00e9 condamn\u00e9 en 2023 par le tribunal administratif \u00e0 une interdiction de territoire fran\u00e7ais (ITF) \u00e0 la suite d\u2019un \u00ab d\u00e9lit mineur \u00bb.<\/p>\n<p class=\"paragraph text_align_left lp-f-body-02\">\u00ab Cette situation est susceptible de l\u2019emp\u00eacher de participer dans des conditions normales \u00e0 la suite de la proc\u00e9dure \u00bb, peut-on lire dans la lettre de Beno\u00eet Payan consult\u00e9e par <a href=\"https:\/\/www.francebleu.fr\/infos\/faits-divers-justice\/reda-doit-etre-ici-a-marseille-benoit-payan-demande-le-retour-d-un-survivant-de-la-rue-d-aubagne-expulse-en-tunisie-4411618\" target=\"_self\" rel=\"noopener\">Ici Provence<\/a>, (\u2026) notamment \u00e0 l\u2019appel form\u00e9 contre le jugement p\u00e9nal, \u00e9tape pourtant essentielle \u00e0 l\u2019exercice de ses droits et \u00e0 la reconnaissance de sa qualit\u00e9 de victime \u00bb, poursuit le maire.<\/p>\n<p class=\"paragraph text_align_left lp-f-body-02\">D\u2019apr\u00e8s l\u2019\u00e9lu de gauche, Reda Manaa, qui a perdu deux de ses amis lors du drame, est traumatis\u00e9. Depuis son expulsion il serait priv\u00e9 des \u00ab soins que n\u00e9cessite son \u00e9tat de sant\u00e9 \u00bb, ajoute Beno\u00eet Payan.<\/p>\n<p>Sept \u00e9lus demandent la gr\u00e2ce pr\u00e9sidentielle<\/p>\n<p class=\"paragraph text_align_left lp-f-body-02\">Le \u00ab Collectif du 5 novembre \u00bb, a appel\u00e9 jeudi Emmanuel Macron<a href=\"https:\/\/www.leparisien.fr\/faits-divers\/effondrements-rue-daubagne-a-marseille-un-collectif-appelle-a-la-grace-presidentielle-dune-victime-menacee-dexpulsion-31-10-2025-R2VNPW6HWZHSZBI4BSDCQGLKFE.php\" target=\"_blank\" rel=\"noopener\"> \u00e0 gracier Reda Manaa<\/a>. Pour l\u2019association, cr\u00e9\u00e9e apr\u00e8s les effondrements de 2018, l\u2019expulsion de la victime est \u00ab un manque de consid\u00e9ration et de respect pour les droits de R\u00e9da M \u00bb. Selon le collectif l\u2019ex\u00e9cution de cette d\u00e9cision \u00ab disproportionn\u00e9e \u00bb, l\u2019emp\u00eachera de \u00ab se faire soigner \u00bb et \u00ab de faire valoir ses droits lors d\u2019un proc\u00e8s en appel \u00bb.<\/p>\n<p class=\"paragraph text_align_left lp-f-body-02\">Sept parlementaires marseillais, dont Manuel Bompard et S\u00e9bastien Delogu, se sont joints au collectif et ont \u00e9crit vendredi 31 octobre au pr\u00e9sident de la R\u00e9publique pour demander la gr\u00e2ce pr\u00e9sidentielle de Reda Manaa.<\/p>\n<p class=\"paragraph text_align_left lp-f-body-02\"><a href=\"https:\/\/www.leparisien.fr\/faits-divers\/effondrements-rue-daubagne-a-marseille-reconnu-coupable-un-coproprietaire-fait-un-malaise-07-07-2025-XRN5P67XFZHGPDDV53JMT4I3SM.php\" target=\"_self\" rel=\"noopener\">Le proc\u00e8s en appel des effondrements de la rue d\u2019Aubagne<\/a>, qui a co\u00fbt\u00e9 la vie \u00e0 huit personnes se tiendra du 2 novembre au 19 d\u00e9cembre 2026. Lors proc\u00e8s en juillet dernier, le tribunal correctionnel avait prononc\u00e9 dix condamnations dont trois \u00e0 la prison ferme \u00e0 l\u2019encontre notamment de copropri\u00e9taires.<\/p>\n","protected":false},"excerpt":{"rendered":"Dans une lettre adress\u00e9e \u00e0 Emmanuel Macron, le maire de Marseille Beno\u00eet Payan r\u00e9clame le retour de Reda&hellip;\n","protected":false},"author":2,"featured_media":506067,"comment_status":"","ping_status":"","sticky":false,"template":"","format":"standard","meta":{"footnotes":""},"categories":[2814],"tags":[1111,11,11004,459,1777,674,1011,27,884,12,882,25],"class_list":{"0":"post-506066","1":"post","2":"type-post","3":"status-publish","4":"format-standard","5":"has-post-thumbnail","7":"category-marseille","8":"tag-actu","9":"tag-actualites","10":"tag-bouches-du-rhone-13","11":"tag-departements-horsidfo","12":"tag-eu","13":"tag-europe","14":"tag-fr","15":"tag-france","16":"tag-marseille","17":"tag-news","18":"tag-provence-alpes-cote-dazur","19":"tag-republique-francaise"},"share_on_mastodon":{"url":"https:\/\/pubeurope.com\/@fr\/115478412888444856","error":""},"_links":{"self":[{"href":"https:\/\/www.europesays.com\/fr\/wp-json\/wp\/v2\/posts\/506066","targetHints":{"allow":["GET"]}}],"collection":[{"href":"https:\/\/www.europesays.com\/fr\/wp-json\/wp\/v2\/posts"}],"about":[{"href":"https:\/\/www.europesays.com\/fr\/wp-json\/wp\/v2\/types\/post"}],"author":[{"embeddable":true,"href":"https:\/\/www.europesays.com\/fr\/wp-json\/wp\/v2\/users\/2"}],"replies":[{"embeddable":true,"href":"https:\/\/www.europesays.com\/fr\/wp-json\/wp\/v2\/comments?post=506066"}],"version-history":[{"count":0,"href":"https:\/\/www.europesays.com\/fr\/wp-json\/wp\/v2\/posts\/506066\/revisions"}],"wp:featuredmedia":[{"embeddable":true,"href":"https:\/\/www.europesays.com\/fr\/wp-json\/wp\/v2\/media\/506067"}],"wp:attachment":[{"href":"https:\/\/www.europesays.com\/fr\/wp-json\/wp\/v2\/media?parent=506066"}],"wp:term":[{"taxonomy":"category","embeddable":true,"href":"https:\/\/www.europesays.com\/fr\/wp-json\/wp\/v2\/categories?post=506066"},{"taxonomy":"post_tag","embeddable":true,"href":"https:\/\/www.europesays.com\/fr\/wp-json\/wp\/v2\/tags?post=506066"}],"curies":[{"name":"wp","href":"https:\/\/api.w.org\/{rel}","templated":true}]}}