{"id":506070,"date":"2025-11-02T05:19:19","date_gmt":"2025-11-02T05:19:19","guid":{"rendered":"https:\/\/www.europesays.com\/fr\/506070\/"},"modified":"2025-11-02T05:19:19","modified_gmt":"2025-11-02T05:19:19","slug":"le-jour-ou-asterix-et-obelix-ont-decouvert-lugdunum","status":"publish","type":"post","link":"https:\/\/www.europesays.com\/fr\/506070\/","title":{"rendered":"le jour o\u00f9 Ast\u00e9rix et Ob\u00e9lix ont d\u00e9couvert Lugdunum"},"content":{"rendered":"<p>Les deux Gaulois les plus connus de France ont trimbal\u00e9 leur moustache un peu partout sur le globe depuis 1959. Mais avant le Portugal, dans le dernier opus, les cr\u00e9ateurs Goscinny et Uderzo ont fait d\u00e9ambuler Ast\u00e9rix et Ob\u00e9lix dans les plus belles bourgades du pays dans l\u2019album Le Tour de Gaule (1965).<\/p>\n<p>L\u2019histoire. Vex\u00e9s de ne pas venir \u00e0 bout du seul bastion r\u00e9sistant \u00e0 l\u2019envahisseur, les Romains d\u00e9cident d\u2019isoler le village gaulois du reste du monde en b\u00e2tissant des barricades autour. Bien peu de choses pour nos h\u00e9ros. Ils feront un tour de Gaule et ram\u00e8neront m\u00eame des sp\u00e9cialit\u00e9s culinaires de chaque r\u00e9gion pour un grand banquet final.<\/p>\n<p>    &#13;<br \/>\n    &#13;<br \/>\n    &#13;<br \/>\n    <a href=\"https:\/\/cdn-s-www.leprogres.fr\/images\/700af97b-4e7b-425e-9418-445bf129148b\/NW_raw\/les-aventures-d-asterix-dans-l-album-le-tour-de-gaule-(1965)-d-uderzo-et-goscinny-capture-asterix-le-tour-de-gaule-1761995894.jpg\" title=\"Les aventures d\u2019Ast\u00e9rix dans l\u2019album Le Tour de Gaule (1965) d\u2019Uderzo et Goscinny. Capture Ast\u00e9rix Le Tour de Gaule\" class=\"chocolat-image GA-tracking\" data-ga_type=\"click\" data-ga_category=\"D\u00e9tail\" data-ga_action=\"zoomer\" data-ga_label=\"aggrandir image\" target=\"_blank\" rel=\"noopener\">&#13;<br \/>\n        <img src=\"https:\/\/www.europesays.com\/fr\/wp-content\/uploads\/2025\/11\/les-aventures-d-asterix-dans-l-album-le-tour-de-gaule-(1965)-d-uderzo-et-goscinny-capture-asterix-le.jpeg\"   alt=\"Les aventures d\u2019Ast\u00e9rix dans l\u2019album Le Tour de Gaule (1965) d\u2019Uderzo et Goscinny. Capture Ast\u00e9rix Le Tour de Gaule\" fetchpriority=\"high\" decoding=\"async\" data-mobile=\"NW_listA_M|1761995894\" data-base=\"NW_listA|1761995894\"\/>&#13;<br \/>\n    <\/a>&#13;<\/p>\n<p>Les aventures d\u2019Ast\u00e9rix dans l\u2019album Le Tour de Gaule (1965) d\u2019Uderzo et Goscinny. Capture Ast\u00e9rix Le Tour de Gaule<\/p>\n<p>  Des quenelles et du saucisson <\/p>\n<p>Forc\u00e9ment, leur route passe par Lyon, ou plut\u00f4t Lugdunum. Et quoi de plus logique quand il s\u2019agit de nourriture. Leurs d\u00e9boires ne vont pas leur permettre de d\u00e9couvrir la gastronomie lyonnaise, attabl\u00e9s \u00e0 un bouchon aux nappes \u00e0 carreaux mais ils repartiront tout de m\u00eame avec ce qu\u2019ils \u00e9taient venus chercher\u00a0: du saucisson et des quenelles offerts par un habitant. \u00c0 ajouter dans le gros sac.<\/p>\n<ul class=\"galerieContent carousel-wrapper__slides\" id=\"695b6485-582d-4bef-b50f-4ca853ff01f5\">        &#13;<\/p>\n<li class=\"carousel-wrapper__slides--slide item\" id=\"slide-1\">&#13;<br \/>\n                                    &#13;<br \/>\n                        <a class=\"chocolat-image GA-tracking\" data-ga_type=\"click\" data-ga_category=\"D\u00e9tail\" data-ga_action=\"zoomer\" data-ga_label=\"aggrandir image\" href=\"https:\/\/cdn-s-www.leprogres.fr\/images\/d6d93106-12c9-43e9-a4c1-fa158aecf4c9\/NW_raw\/du-saucisson-et-des-quenelles-en-offrandes-capture-asterix-le-tour-de-gaule-1761995894.jpg\" title=\"Du saucisson et des quenelles en offrandes. \u00a0 Capture Ast\u00e9rix Le Tour de Gaule\" target=\"_blank\" rel=\"noopener\">&#13;<br \/>\n                            <img decoding=\"async\" src=\"https:\/\/www.europesays.com\/fr\/wp-content\/uploads\/2025\/11\/du-saucisson-et-des-quenelles-en-offrandes-capture-asterix-le-tour-de-gaule-1761995894.jpg\"   alt=\"Du saucisson et des quenelles en offrandes. \u00a0 Capture Ast\u00e9rix Le Tour de Gaule\" fetchpriority=\"high\" data-mobile=\"NW_listA_M|1761995894\" data-base=\"NW_listA|1761995894\"\/>&#13;<br \/>\n                        <\/a>&#13;<\/p>\n<p>Du saucisson et des quenelles en offrandes. \u00a0 Capture Ast\u00e9rix Le Tour de Gaule<\/p>\n<p>                        &#13;<br \/>\n                                           &#13;\n                <\/li>\n<p>&#13;<br \/>\n            &#13;<\/p>\n<li class=\"carousel-wrapper__slides--slide item\" id=\"slide-2\">&#13;<br \/>\n                                    &#13;<br \/>\n                        <a class=\"chocolat-image GA-tracking\" data-ga_type=\"click\" data-ga_category=\"D\u00e9tail\" data-ga_action=\"zoomer\" data-ga_label=\"aggrandir image\" href=\"https:\/\/cdn-s-www.leprogres.fr\/images\/566f6989-0ab2-4450-b326-4c5c936c326a\/NW_raw\/leur-arrivee-a-lugdunum-capture-asterix-le-tour-de-gaule-1761995894.jpg\" title=\"Leur arriv\u00e9e \u00e0 Lugdunum. \u00a0 Capture Ast\u00e9rix Le Tour de Gaule\" target=\"_blank\" rel=\"noopener\">&#13;<br \/>\n                            <img decoding=\"async\" src=\"https:\/\/www.europesays.com\/fr\/wp-content\/uploads\/2025\/11\/leur-arrivee-a-lugdunum-capture-asterix-le-tour-de-gaule-1761995894.jpg\"   alt=\"Leur arriv\u00e9e \u00e0 Lugdunum. \u00a0 Capture Ast\u00e9rix Le Tour de Gaule\" loading=\"lazy\" fetchpriority=\"low\" data-mobile=\"NW_listA_M|1761995894\" data-base=\"NW_listA|1761995894\"\/>&#13;<br \/>\n                        <\/a>&#13;<\/p>\n<p>Leur arriv\u00e9e \u00e0 Lugdunum. \u00a0 Capture Ast\u00e9rix Le Tour de Gaule<\/p>\n<p>                        &#13;<br \/>\n                                           &#13;\n                <\/li>\n<p>&#13;<br \/>\n            &#13;<\/p>\n<li class=\"carousel-wrapper__slides--slide item\" id=\"slide-3\">&#13;<br \/>\n                                    &#13;<br \/>\n                        <a class=\"chocolat-image GA-tracking\" data-ga_type=\"click\" data-ga_category=\"D\u00e9tail\" data-ga_action=\"zoomer\" data-ga_label=\"aggrandir image\" href=\"https:\/\/cdn-s-www.leprogres.fr\/images\/373dd145-ec7c-42a9-b7cc-94f2b8f2d40a\/NW_raw\/le-banquet-final-avec-les-specialites-des-differentes-regions-capture-asterix-le-tour-de-gaule-1761995894.jpg\" title=\"Le banquet final avec les sp\u00e9cialit\u00e9s des diff\u00e9rentes r\u00e9gions. \u00a0 Capture Ast\u00e9rix Le Tour de Gaule\" target=\"_blank\" rel=\"noopener\">&#13;<br \/>\n                            <img decoding=\"async\" src=\"https:\/\/www.europesays.com\/fr\/wp-content\/uploads\/2025\/11\/le-banquet-final-avec-les-specialites-des-differentes-regions-capture-asterix-le-tour-de-gaule-17619.jpeg\"   alt=\"Le banquet final avec les sp\u00e9cialit\u00e9s des diff\u00e9rentes r\u00e9gions. \u00a0 Capture Ast\u00e9rix Le Tour de Gaule\" loading=\"lazy\" fetchpriority=\"low\" data-mobile=\"NW_listA_M|1761995894\" data-base=\"NW_listA|1761995894\"\/>&#13;<br \/>\n                        <\/a>&#13;<\/p>\n<p>Le banquet final avec les sp\u00e9cialit\u00e9s des diff\u00e9rentes r\u00e9gions. \u00a0 Capture Ast\u00e9rix Le Tour de Gaule<\/p>\n<p>                        &#13;<br \/>\n                                           &#13;\n                <\/li>\n<p>&#13;<br \/>\n            &#13;\n                <\/ul>\n<p>  Beaufix, le Jean Moulin gaulois<\/p>\n<p>Les d\u00e9boires d\u2019Ast\u00e9rix et Ob\u00e9lix sont nombreux. Traqu\u00e9s et attendus par une horde de Romains tout au long de leur parcours, ils ont besoin d\u2019aide. C\u2019est ainsi qu\u2019appara\u00eet Beaufix. \u00ab\u00a0Je suis le chef clandestin de la ville et nous allons vous aider en mettant la garnison romaine hors d\u2019\u00e9tat de nuire\u00a0\u00bb, se pr\u00e9sente-t-il.<\/p>\n<p>    &#13;<br \/>\n    &#13;<br \/>\n    &#13;<br \/>\n    <a href=\"https:\/\/cdn-s-www.leprogres.fr\/images\/c33fcf18-c3a7-4f86-8ea7-518f77f8951c\/NW_raw\/beaufix-le-chef-clandestin-de-la-ville-capture-asterix-le-tour-de-gaule-1761995894.jpg\" title=\"Beaufix, le chef clandestin de la ville. Capture Ast\u00e9rix Le Tour de Gaule\" class=\"chocolat-image GA-tracking\" data-ga_type=\"click\" data-ga_category=\"D\u00e9tail\" data-ga_action=\"zoomer\" data-ga_label=\"aggrandir image\" target=\"_blank\" rel=\"noopener\">&#13;<br \/>\n        <img src=\"https:\/\/www.europesays.com\/fr\/wp-content\/uploads\/2025\/11\/beaufix-le-chef-clandestin-de-la-ville-capture-asterix-le-tour-de-gaule-1761995894.jpg\"   alt=\"Beaufix, le chef clandestin de la ville. Capture Ast\u00e9rix Le Tour de Gaule\" fetchpriority=\"high\" decoding=\"async\" data-mobile=\"NW_listA_M|1761995894\" data-base=\"NW_listA|1761995894\"\/>&#13;<br \/>\n    <\/a>&#13;<\/p>\n<p>Beaufix, le chef clandestin de la ville. Capture Ast\u00e9rix Le Tour de Gaule<\/p>\n<p>Un homme dissident \u00e0 Lyon, d\u00e9fiant l\u2019autorit\u00e9 en place\u00a0? Cela nous fait furieusement penser \u00e0 Jean Moulin, le plus c\u00e9l\u00e8bre des r\u00e9sistants durant l\u2019occupation allemande. Une bonne partie de son action s\u2019est d\u00e9roul\u00e9e \u00e0 Lyon, capitale de la R\u00e9sistance, avant d\u2019\u00eatre arr\u00eat\u00e9 par Klaus Barbie, le chef de la Gestapo. Ici, pas de chapeau ni d\u2019\u00e9charpe rouge mais une moustache, des tresses, un tablier de cuisinier et surtout, un homme sur lequel compter.<\/p>\n<p>  Perdre les Romains dans les traboules<\/p>\n<p>Sans d\u00e9voiler les dessous de l\u2019intrigue, Beaufix va avertir les Romains de l\u2019arriv\u00e9e des Gaulois pour mieux les embobiner. Objectif, utiliser les sp\u00e9cificit\u00e9s de la cit\u00e9. \u00ab\u00a0Lugdunum poss\u00e8de une quantit\u00e9 de ruelles, un vrai labyrinthe dans lequel les Romains h\u00e9sitent \u00e0 s\u2019engager. Nous allons les d\u00e9cider\u00a0\u00bb, lance Beaufix.<\/p>\n<p>    &#13;<br \/>\n    &#13;<br \/>\n    &#13;<br \/>\n    <a href=\"https:\/\/cdn-s-www.leprogres.fr\/images\/bb17261f-744c-42de-a06a-8eb4afd37b4c\/NW_raw\/les-fameuses-traboules-de-lugdunum-capture-asterix-le-tour-de-gaule-1761995894.jpg\" title=\"Les fameuses traboules de Lugdunum. Capture Ast\u00e9rix Le Tour de Gaule\" class=\"chocolat-image GA-tracking\" data-ga_type=\"click\" data-ga_category=\"D\u00e9tail\" data-ga_action=\"zoomer\" data-ga_label=\"aggrandir image\" target=\"_blank\" rel=\"noopener\">&#13;<br \/>\n        <img src=\"https:\/\/www.europesays.com\/fr\/wp-content\/uploads\/2025\/11\/les-fameuses-traboules-de-lugdunum-capture-asterix-le-tour-de-gaule-1761995894.jpg\"   alt=\"Les fameuses traboules de Lugdunum. Capture Ast\u00e9rix Le Tour de Gaule\" fetchpriority=\"high\" decoding=\"async\" data-mobile=\"NW_listA_M|1761995894\" data-base=\"NW_listA|1761995894\"\/>&#13;<br \/>\n    <\/a>&#13;<\/p>\n<p>Les fameuses traboules de Lugdunum. Capture Ast\u00e9rix Le Tour de Gaule<\/p>\n<p>Ici, la r\u00e9f\u00e9rence aux traboules est \u00e9vidente. Ces passages \u2013 presque secrets \u2013 qui permettent de circuler d\u2019une rue \u00e0 l\u2019autre en passant sous les maisons et habitations, via couloirs, cours, escaliers, sont l\u00e9gion \u00e0 Lyon. Au nombre de 500, elles ont \u00e9t\u00e9 construites autour du IVe\u00a0si\u00e8cle et ont \u00e9t\u00e9 un \u00e9l\u00e9ment cl\u00e9 de la R\u00e9sistance \u00e0 Lyon.<\/p>\n<p>Sur les planches de la BD, on distingue bien ce d\u00e9dale de chemins qui font tourner les Romains en bourrique. Un peu plus loin, on peut admirer la cit\u00e9. Tout y est\u00a0: le th\u00e9\u00e2tre et les monuments gallo-romains sur les hauteurs, la ville et les traboules au pied de la colline, le pont au-dessus du fleuve\u2026<\/p>\n<p>    &#13;<br \/>\n    &#13;<br \/>\n    &#13;<br \/>\n    <a href=\"https:\/\/cdn-s-www.leprogres.fr\/images\/2ba79226-fe70-4259-b7ae-fe71a80e328e\/NW_raw\/le-pont-la-colline-la-ville-le-theatre-antique-capture-asterix-le-tour-de-gaule-1761995894.jpg\" title=\"Le pont, la colline, la ville, le th\u00e9\u00e2tre antique. Capture Ast\u00e9rix Le Tour de Gaule\" class=\"chocolat-image GA-tracking\" data-ga_type=\"click\" data-ga_category=\"D\u00e9tail\" data-ga_action=\"zoomer\" data-ga_label=\"aggrandir image\" target=\"_blank\" rel=\"noopener\">&#13;<br \/>\n        <img src=\"https:\/\/www.europesays.com\/fr\/wp-content\/uploads\/2025\/11\/le-pont-la-colline-la-ville-le-theatre-antique-capture-asterix-le-tour-de-gaule-1761995894.jpg\"   alt=\"Le pont, la colline, la ville, le th\u00e9\u00e2tre antique. Capture Ast\u00e9rix Le Tour de Gaule\" fetchpriority=\"high\" decoding=\"async\" data-mobile=\"NW_listA_M|1761995894\" data-base=\"NW_listA|1761995894\"\/>&#13;<br \/>\n    <\/a>&#13;<\/p>\n<p>Le pont, la colline, la ville, le th\u00e9\u00e2tre antique. Capture Ast\u00e9rix Le Tour de Gaule<\/p>\n<p>  L\u2019affaire du courrier de Lyon<\/p>\n<p>Les auteurs ont \u00e9galement offert un petit clin d\u2019\u0153il historique. Pour se rendre \u00e0 Lugdunum depuis Divodurum (Metz), les Gaulois sont \u00e0 la recherche d\u2019un v\u00e9hicule. Ils tombent par hasard sur un l\u00e9gionnaire transportant du courrier officiel \u00e0 Lugdunum. Ni une ni deux, Ast\u00e9rix et Ob\u00e9lix b\u00e2illonnent le Romain et prennent la route. De quoi lui faire dire\u00a0: \u00ab\u00a0On n\u2019a pas fini de parler de l\u2019affaire du courrier de Lugdunum.\u00a0\u00bb<\/p>\n<ul class=\"galerieContent carousel-wrapper__slides\" id=\"3dc0ffa1-4a54-4e2c-a693-b9ec85d23daa\">        &#13;<\/p>\n<li class=\"carousel-wrapper__slides--slide item\" id=\"slide-1\">&#13;<br \/>\n                                    &#13;<br \/>\n                        <a class=\"chocolat-image GA-tracking\" data-ga_type=\"click\" data-ga_category=\"D\u00e9tail\" data-ga_action=\"zoomer\" data-ga_label=\"aggrandir image\" href=\"https:\/\/cdn-s-www.leprogres.fr\/images\/7be438be-f3d9-4b3c-bbc9-26529fd40d3e\/NW_raw\/le-vehicule-transporte-le-courrier-vers-lyon-capture-asterix-le-tour-de-gaule-1761995894.jpg\" title=\"Le v\u00e9hicule transporte le courrier vers Lyon. Capture Ast\u00e9rix Le Tour de Gaule\" target=\"_blank\" rel=\"noopener\">&#13;<br \/>\n                            <img decoding=\"async\" src=\"https:\/\/www.europesays.com\/fr\/wp-content\/uploads\/2025\/11\/le-vehicule-transporte-le-courrier-vers-lyon-capture-asterix-le-tour-de-gaule-1761995894.jpg\"   alt=\"Le v\u00e9hicule transporte le courrier vers Lyon. Capture Ast\u00e9rix Le Tour de Gaule\" fetchpriority=\"high\" data-mobile=\"NW_listA_M|1761995894\" data-base=\"NW_listA|1761995894\"\/>&#13;<br \/>\n                        <\/a>&#13;<\/p>\n<p>Le v\u00e9hicule transporte le courrier vers Lyon. Capture Ast\u00e9rix Le Tour de Gaule<\/p>\n<p>                        &#13;<br \/>\n                                           &#13;\n                <\/li>\n<p>&#13;<br \/>\n            &#13;<\/p>\n<li class=\"carousel-wrapper__slides--slide item\" id=\"slide-2\">&#13;<br \/>\n                                    &#13;<br \/>\n                        <a class=\"chocolat-image GA-tracking\" data-ga_type=\"click\" data-ga_category=\"D\u00e9tail\" data-ga_action=\"zoomer\" data-ga_label=\"aggrandir image\" href=\"https:\/\/cdn-s-www.leprogres.fr\/images\/22bf29ae-f2a4-4482-9fc6-ada1c9fe7865\/NW_raw\/capture-asterix-le-tour-de-gaule-1761995894.jpg\" title=\"Capture Ast\u00e9rix Le Tour de Gaule\" target=\"_blank\" rel=\"noopener\">&#13;<br \/>\n                            <img decoding=\"async\" src=\"https:\/\/www.europesays.com\/fr\/wp-content\/uploads\/2025\/11\/capture-asterix-le-tour-de-gaule-1761995894.jpg\"   alt=\"Capture Ast\u00e9rix Le Tour de Gaule\" loading=\"lazy\" fetchpriority=\"low\" data-mobile=\"NW_listA_M|1761995894\" data-base=\"NW_listA|1761995894\"\/>&#13;<br \/>\n                        <\/a>&#13;<\/p>\n<p>Capture Ast\u00e9rix Le Tour de Gaule<\/p>\n<p>                        &#13;<br \/>\n                                           &#13;\n                <\/li>\n<p>&#13;<br \/>\n            &#13;\n                <\/ul>\n<p>La r\u00e9f\u00e9rence est historique et judiciaire. En 1796, une voiture qui transportait du courrier et beaucoup d\u2019argent de Paris \u00e0 Lyon a \u00e9t\u00e9 attaqu\u00e9e et pill\u00e9e. Cinq hommes ont \u00e9t\u00e9 condamn\u00e9s, quatre guillotin\u00e9s. Sauf que l\u2019un d\u2019eux a \u00e9t\u00e9 innocent\u00e9 apr\u00e8s coup. Un scandale judiciaire dont on n\u2019a pas fini de parler\u2026<\/p>\n<p class=\"note\">Le Tour de Gaule d&rsquo;Ast\u00e9rix, Uderzo et Goscinny, 1965, \u00e9ditions Hachette, 48 pages, 10,90 \u20ac.<\/p>\n","protected":false},"excerpt":{"rendered":"Les deux Gaulois les plus connus de France ont trimbal\u00e9 leur moustache un peu partout sur le globe&hellip;\n","protected":false},"author":2,"featured_media":506071,"comment_status":"","ping_status":"","sticky":false,"template":"","format":"standard","meta":{"footnotes":""},"categories":[1889],"tags":[1111,11,2430,1687,2757,1777,674,107,1011,27,2410,2428,2756,12,25,2429,273,3151,104],"class_list":{"0":"post-506070","1":"post","2":"type-post","3":"status-publish","4":"format-standard","5":"has-post-thumbnail","7":"category-lyon","8":"tag-actu","9":"tag-actualites","10":"tag-auvergne-rhone-alpes","11":"tag-culture-loisirs","12":"tag-edition-lyon-villeurbanne","13":"tag-eu","14":"tag-europe","15":"tag-fil-info","16":"tag-fr","17":"tag-france","18":"tag-livres-bd","19":"tag-lyon","20":"tag-lyon-bassin","21":"tag-news","22":"tag-republique-francaise","23":"tag-rhone","24":"tag-selection-de-la-redaction","25":"tag-selection-de-la-redaction-69","26":"tag-societe"},"share_on_mastodon":{"url":"https:\/\/pubeurope.com\/@fr\/115478421654103085","error":""},"_links":{"self":[{"href":"https:\/\/www.europesays.com\/fr\/wp-json\/wp\/v2\/posts\/506070","targetHints":{"allow":["GET"]}}],"collection":[{"href":"https:\/\/www.europesays.com\/fr\/wp-json\/wp\/v2\/posts"}],"about":[{"href":"https:\/\/www.europesays.com\/fr\/wp-json\/wp\/v2\/types\/post"}],"author":[{"embeddable":true,"href":"https:\/\/www.europesays.com\/fr\/wp-json\/wp\/v2\/users\/2"}],"replies":[{"embeddable":true,"href":"https:\/\/www.europesays.com\/fr\/wp-json\/wp\/v2\/comments?post=506070"}],"version-history":[{"count":0,"href":"https:\/\/www.europesays.com\/fr\/wp-json\/wp\/v2\/posts\/506070\/revisions"}],"wp:featuredmedia":[{"embeddable":true,"href":"https:\/\/www.europesays.com\/fr\/wp-json\/wp\/v2\/media\/506071"}],"wp:attachment":[{"href":"https:\/\/www.europesays.com\/fr\/wp-json\/wp\/v2\/media?parent=506070"}],"wp:term":[{"taxonomy":"category","embeddable":true,"href":"https:\/\/www.europesays.com\/fr\/wp-json\/wp\/v2\/categories?post=506070"},{"taxonomy":"post_tag","embeddable":true,"href":"https:\/\/www.europesays.com\/fr\/wp-json\/wp\/v2\/tags?post=506070"}],"curies":[{"name":"wp","href":"https:\/\/api.w.org\/{rel}","templated":true}]}}