{"id":506072,"date":"2025-11-02T05:20:15","date_gmt":"2025-11-02T05:20:15","guid":{"rendered":"https:\/\/www.europesays.com\/fr\/506072\/"},"modified":"2025-11-02T05:20:15","modified_gmt":"2025-11-02T05:20:15","slug":"les-six-actus-quil-ne-fallait-pas-manquer-cette-semaine","status":"publish","type":"post","link":"https:\/\/www.europesays.com\/fr\/506072\/","title":{"rendered":"les six actus qu\u2019il ne fallait pas manquer cette semaine"},"content":{"rendered":"<p class=\"insetTitle\">6. Vogue des marrons : les affaires vont bon train (sauf pour les parents\u2026)<\/p>\n<p>Entre les rires des enfants et les jeux \u00e0 gogo, il y fait bon vivre sur les f\u00eates foraines. Pourtant, si les portefeuilles pouvaient parler, ils diraient sans doute autre chose, en particulier \u00e0 la Vogue des marrons. Puisqu\u2019une fois sur place, il est difficile de faire des \u00e9conomies une fois les enfants l\u00e2ch\u00e9s dans le \u00ab\u00a0grand bain\u00a0\u00bb. Et m\u00eame si certains viennent avec un budget, force est de constater qu\u2019il est bien difficile de s\u2019y tenir\u2026 Car avec 20 euros, on n\u2019encha\u00eene pas les tours de man\u00e8ge.<\/p>\n<p><strong>Lire notre article complet &gt;&gt;\u00a0<a href=\"https:\/\/www.leprogres.fr\/economie\/2025\/10\/28\/vogue-des-marrons-on-depense-un-plein-d-essence-par-heure-pourquoi-ces-parents-craquent-malgre-les-prix-eleves\" target=\"_blank\" rel=\"noopener\">Vogue des marrons\u00a0: \u00ab\u00a0On d\u00e9pense un plein d\u2019essence par heure\u00a0\u00bb, pourquoi ces parents craquent malgr\u00e9 les prix \u00e9lev\u00e9s<\/a><\/strong><\/p>\n","protected":false},"excerpt":{"rendered":"6. Vogue des marrons : les affaires vont bon train (sauf pour les parents\u2026) Entre les rires des&hellip;\n","protected":false},"author":2,"featured_media":506073,"comment_status":"","ping_status":"","sticky":false,"template":"","format":"standard","meta":{"footnotes":""},"categories":[1889],"tags":[1111,11,2430,4749,3542,1687,33,2757,1777,674,107,1011,27,2428,12,2661,316,25,2429,273,801,2803,800],"class_list":{"0":"post-506072","1":"post","2":"type-post","3":"status-publish","4":"format-standard","5":"has-post-thumbnail","7":"category-lyon","8":"tag-actu","9":"tag-actualites","10":"tag-auvergne-rhone-alpes","11":"tag-btp-et-chantiers","12":"tag-circulation","13":"tag-culture-loisirs","14":"tag-economie","15":"tag-edition-lyon-villeurbanne","16":"tag-eu","17":"tag-europe","18":"tag-fil-info","19":"tag-fr","20":"tag-france","21":"tag-lyon","22":"tag-news","23":"tag-patrimoine-culturel","24":"tag-politique","25":"tag-republique-francaise","26":"tag-rhone","27":"tag-selection-de-la-redaction","28":"tag-social","29":"tag-transport","30":"tag-transports"},"share_on_mastodon":{"url":"https:\/\/pubeurope.com\/@fr\/115478424662772539","error":""},"_links":{"self":[{"href":"https:\/\/www.europesays.com\/fr\/wp-json\/wp\/v2\/posts\/506072","targetHints":{"allow":["GET"]}}],"collection":[{"href":"https:\/\/www.europesays.com\/fr\/wp-json\/wp\/v2\/posts"}],"about":[{"href":"https:\/\/www.europesays.com\/fr\/wp-json\/wp\/v2\/types\/post"}],"author":[{"embeddable":true,"href":"https:\/\/www.europesays.com\/fr\/wp-json\/wp\/v2\/users\/2"}],"replies":[{"embeddable":true,"href":"https:\/\/www.europesays.com\/fr\/wp-json\/wp\/v2\/comments?post=506072"}],"version-history":[{"count":0,"href":"https:\/\/www.europesays.com\/fr\/wp-json\/wp\/v2\/posts\/506072\/revisions"}],"wp:featuredmedia":[{"embeddable":true,"href":"https:\/\/www.europesays.com\/fr\/wp-json\/wp\/v2\/media\/506073"}],"wp:attachment":[{"href":"https:\/\/www.europesays.com\/fr\/wp-json\/wp\/v2\/media?parent=506072"}],"wp:term":[{"taxonomy":"category","embeddable":true,"href":"https:\/\/www.europesays.com\/fr\/wp-json\/wp\/v2\/categories?post=506072"},{"taxonomy":"post_tag","embeddable":true,"href":"https:\/\/www.europesays.com\/fr\/wp-json\/wp\/v2\/tags?post=506072"}],"curies":[{"name":"wp","href":"https:\/\/api.w.org\/{rel}","templated":true}]}}