{"id":506088,"date":"2025-11-02T05:30:18","date_gmt":"2025-11-02T05:30:18","guid":{"rendered":"https:\/\/www.europesays.com\/fr\/506088\/"},"modified":"2025-11-02T05:30:18","modified_gmt":"2025-11-02T05:30:18","slug":"aux-etats-unis-la-democratie-empetree-dans-le-fanatisme-liberation","status":"publish","type":"post","link":"https:\/\/www.europesays.com\/fr\/506088\/","title":{"rendered":"Aux Etats-Unis, la d\u00e9mocratie emp\u00eatr\u00e9e dans le fanatisme \u2013 Lib\u00e9ration"},"content":{"rendered":"<p class=\"sc-cPiKLX AiZTS text-element\">L\u2019emprise des <a href=\"https:\/\/www.liberation.fr\/idees-et-debats\/editorial\/donald-trump-et-ses-fous-de-dieu-contre-le-reve-du-melting-pot-americain-20251022_VUMJYT5COVDWDDQJCYRODNQA3Q\/\" target=\"_blank\" rel=\"noopener\" title=\"https:\/\/www.liberation.fr\/idees-et-debats\/editorial\/donald-trump-et-ses-fous-de-dieu-contre-le-reve-du-melting-pot-americain-20251022_VUMJYT5COVDWDDQJCYRODNQA3Q\/\">\u00abfous de Dieu\u00bb<\/a> sur la soci\u00e9t\u00e9 am\u00e9ricaine s\u2019est renforc\u00e9e sous l\u2019\u00e8re Trump, comme l\u2019a point\u00e9 Lib\u00e9ration le 22 octobre. Mais le ph\u00e9nom\u00e8ne a une histoire aussi longue que celle des Etats-Unis d\u2019Am\u00e9rique eux-m\u00eames. La (con)fusion entre religion et d\u00e9mocratie remonte aux origines m\u00eames de la r\u00e9publique am\u00e9ricaine. <\/p>\n<p class=\"sc-cPiKLX AiZTS text-element\">\u00abA mon arriv\u00e9e aux Etats-Unis, ce fut l\u2019aspect religieux du pays qui frappa d\u2019abord mes regards\u00bb, raconte Alexis de Tocqueville (1805-1859) au chapitre VIII de son De la d\u00e9mocratie en Am\u00e9rique. \u00abLa religion\u2026 doit donc \u00eatre consid\u00e9r\u00e9e comme la premi\u00e8re de leurs institutions politiques\u2026 Les Am\u00e9ricains confondent si compl\u00e8tement dans leur esprit le christianisme et la libert\u00e9 qu\u2019il est presque impossible de leur faire concevoir l\u2019un sans l\u2019autre.\u00bb<\/p>\n<p class=\"sc-cPiKLX AiZTS text-element\">Tocqueville admirait cette r\u00e9publique o\u00f9 la religion lui apparaissait \u00eatre un garde-fou indispensable contre les errements in\u00e9vitables\u2026 de la d\u00e9mocratie. \u00abQue faire d\u2019un peuple ma\u00eetre de lui-m\u00eame, s\u2019il n\u2019est pas soumis \u00e0 Dieu ?\u00bb s\u2019interrogeait-il. Son s\u00e9jour date de 1831. Mais il aurait pu faire le m\u00eame constat en<\/p>\n","protected":false},"excerpt":{"rendered":"L\u2019emprise des \u00abfous de Dieu\u00bb sur la soci\u00e9t\u00e9 am\u00e9ricaine s\u2019est renforc\u00e9e sous l\u2019\u00e8re Trump, comme l\u2019a point\u00e9 Lib\u00e9ration&hellip;\n","protected":false},"author":2,"featured_media":506089,"comment_status":"","ping_status":"","sticky":false,"template":"","format":"standard","meta":{"footnotes":""},"categories":[1589],"tags":[11,7756,75,73,1866,13465,12,1864,1865,1863,308],"class_list":{"0":"post-506088","1":"post","2":"type-post","3":"status-publish","4":"format-standard","5":"has-post-thumbnail","7":"category-etats-unis","8":"tag-actualites","9":"tag-democratie","10":"tag-donald-trump","11":"tag-etats-unis","12":"tag-etats-unis-damerique","13":"tag-le-trumpisme-decortique","14":"tag-news","15":"tag-united-states","16":"tag-united-states-of-america","17":"tag-us","18":"tag-usa"},"share_on_mastodon":{"url":"https:\/\/pubeurope.com\/@fr\/115478463954651730","error":""},"_links":{"self":[{"href":"https:\/\/www.europesays.com\/fr\/wp-json\/wp\/v2\/posts\/506088","targetHints":{"allow":["GET"]}}],"collection":[{"href":"https:\/\/www.europesays.com\/fr\/wp-json\/wp\/v2\/posts"}],"about":[{"href":"https:\/\/www.europesays.com\/fr\/wp-json\/wp\/v2\/types\/post"}],"author":[{"embeddable":true,"href":"https:\/\/www.europesays.com\/fr\/wp-json\/wp\/v2\/users\/2"}],"replies":[{"embeddable":true,"href":"https:\/\/www.europesays.com\/fr\/wp-json\/wp\/v2\/comments?post=506088"}],"version-history":[{"count":0,"href":"https:\/\/www.europesays.com\/fr\/wp-json\/wp\/v2\/posts\/506088\/revisions"}],"wp:featuredmedia":[{"embeddable":true,"href":"https:\/\/www.europesays.com\/fr\/wp-json\/wp\/v2\/media\/506089"}],"wp:attachment":[{"href":"https:\/\/www.europesays.com\/fr\/wp-json\/wp\/v2\/media?parent=506088"}],"wp:term":[{"taxonomy":"category","embeddable":true,"href":"https:\/\/www.europesays.com\/fr\/wp-json\/wp\/v2\/categories?post=506088"},{"taxonomy":"post_tag","embeddable":true,"href":"https:\/\/www.europesays.com\/fr\/wp-json\/wp\/v2\/tags?post=506088"}],"curies":[{"name":"wp","href":"https:\/\/api.w.org\/{rel}","templated":true}]}}