{"id":506090,"date":"2025-11-02T05:31:11","date_gmt":"2025-11-02T05:31:11","guid":{"rendered":"https:\/\/www.europesays.com\/fr\/506090\/"},"modified":"2025-11-02T05:31:11","modified_gmt":"2025-11-02T05:31:11","slug":"attaque-au-couteau-dans-un-train-britannique-dix-blesses-dont-neuf-dans-un-etat-critique","status":"publish","type":"post","link":"https:\/\/www.europesays.com\/fr\/506090\/","title":{"rendered":"Attaque Au Couteau Dans Un Train Britannique : Dix Bless\u00e9s, Dont Neuf Dans Un \u00c9tat Critique"},"content":{"rendered":"<p class=\"\" data-is=\"component-paragraph\">Dix personnes ont \u00e9t\u00e9 bless\u00e9es, dont neuf gri\u00e8vement, lors d&rsquo;une attaque au couteau perp\u00e9tr\u00e9e samedi soir dans un train en partance de Doncaster \u00e0 destination de la gare londonienne de King&rsquo;s Cross. L&rsquo;incident, qualifi\u00e9 d&rsquo;\u00ab important \u00bb par les autorit\u00e9s, s&rsquo;est produit aux alentours de 19h42, heure locale.<\/p>\n<p class=\"\" data-is=\"component-paragraph\">Alert\u00e9e par plusieurs signalements, la police britannique s&rsquo;est d\u00e9ploy\u00e9e en nombre \u00e0 la gare de Huntingdon, o\u00f9 le train a effectu\u00e9 un arr\u00eat d&rsquo;urgence. Deux suspects ont \u00e9t\u00e9 interpell\u00e9s sur place.\u00a0<\/p>\n<p class=\"\" data-is=\"component-paragraph\">Gavin, un passager t\u00e9moin de la sc\u00e8ne, a relat\u00e9 \u00e0 Sky News les moments d&rsquo;intense tension : \u00ab Les policiers criaient \u00ab\u00a0\u00c0 terre ! \u00c0 terre !\u00a0\u00bb en s&rsquo;approchant de lui. Il a alors brandi un couteau, un assez grand couteau, et ils l&rsquo;ont arr\u00eat\u00e9. Je crois que c&rsquo;est un Taser qui a fini par le ma\u00eetriser. \u00bb Le t\u00e9moin a \u00e9galement aper\u00e7u une victime \u00ab saignant abondamment \u00bb.<\/p>\n<p class=\"\" data-is=\"component-paragraph\">Les services d&rsquo;urgence ont mobilis\u00e9 un dispositif de grande envergure comprenant plusieurs \u00e9quipes m\u00e9dicales et h\u00e9licopt\u00e8res ambulances. Des images diffus\u00e9es sur les r\u00e9seaux sociaux montrent des dizaines de v\u00e9hicules de police et de secours, gyrophares allum\u00e9s, mass\u00e9s devant la gare.<\/p>\n<p class=\"\" data-is=\"component-paragraph\">L&rsquo;inspecteur principal Chris Casey a exprim\u00e9 sa compassion envers les victimes : \u00ab Nous menons des investigations urgentes afin d&rsquo;\u00e9tablir les circonstances exactes de cet incident, et il faudra peut-\u00eatre un certain temps avant que nous puissions confirmer quoi que ce soit. \u00bb Il a \u00e9galement appel\u00e9 \u00e0 la prudence : \u00ab \u00c0 ce stade, il serait inappropri\u00e9 de sp\u00e9culer sur ses causes. \u00bb<\/p>\n<p class=\"\" data-is=\"component-paragraph\">L&rsquo;unit\u00e9 antiterroriste britannique a \u00e9t\u00e9 charg\u00e9e de l&rsquo;enqu\u00eate, bien qu&rsquo;il soit encore trop t\u00f4t pour d\u00e9terminer la nature exacte de l&rsquo;attaque.<\/p>\n<p><img alt=\"Video poster\" class=\"video-poster\" data-is=\"lazy-image\" data-observed-item-id=\"https:\/\/api.i24news.tv\/fr\/brightcove\/6377328032112\/poster\"\/>Sursaut patriotique en Grande-Bretagne ?<\/p>\n<p class=\"\" data-is=\"component-paragraph\">Le Premier ministre Keir Starmer a qualifi\u00e9 l&rsquo;incident d&rsquo; \u00ab\u00e9pouvantable \u00bb et a adress\u00e9 ses pens\u00e9es \u00ab \u00e0 toutes les personnes touch\u00e9es \u00bb, tout en saluant l&rsquo;intervention des services d&rsquo;urgence.\u00a0La ministre de l&rsquo;Int\u00e9rieur Shabana Mahmood s&rsquo;est dite \u00ab profond\u00e9ment attrist\u00e9e \u00bb et a exhort\u00e9 la population \u00e0 \u00e9viter toute \u00ab sp\u00e9culation \u00e0 ce stade pr\u00e9liminaire \u00bb concernant les motivations des assaillants.<\/p>\n<p class=\"\" data-is=\"component-paragraph\">La compagnie LNER, qui exploite cette ligne majeure reliant Londres \u00e0 \u00c9dimbourg, a fait \u00e9tat de \u00ab perturbations importantes \u00bb et a recommand\u00e9 aux passagers de reporter leurs d\u00e9placements non urgents. Cette ligne figure parmi les axes ferroviaires les plus fr\u00e9quent\u00e9s du Royaume-Uni.<\/p>\n","protected":false},"excerpt":{"rendered":"Dix personnes ont \u00e9t\u00e9 bless\u00e9es, dont neuf gri\u00e8vement, lors d&rsquo;une attaque au couteau perp\u00e9tr\u00e9e samedi soir dans un&hellip;\n","protected":false},"author":2,"featured_media":506091,"comment_status":"","ping_status":"","sticky":false,"template":"","format":"standard","meta":{"footnotes":""},"categories":[1588],"tags":[11,1777,674,12,473,1853,1851,1850,1852],"class_list":{"0":"post-506090","1":"post","2":"type-post","3":"status-publish","4":"format-standard","5":"has-post-thumbnail","7":"category-royaume-uni","8":"tag-actualites","9":"tag-eu","10":"tag-europe","11":"tag-news","12":"tag-royaume-uni","13":"tag-royaume-uni-de-grande-bretagne-et-dirlande-du-nord","14":"tag-uk","15":"tag-united-kingdom","16":"tag-united-kingdom-of-great-britain-and-northern-ireland"},"share_on_mastodon":{"url":"https:\/\/pubeurope.com\/@fr\/115478467949888088","error":""},"_links":{"self":[{"href":"https:\/\/www.europesays.com\/fr\/wp-json\/wp\/v2\/posts\/506090","targetHints":{"allow":["GET"]}}],"collection":[{"href":"https:\/\/www.europesays.com\/fr\/wp-json\/wp\/v2\/posts"}],"about":[{"href":"https:\/\/www.europesays.com\/fr\/wp-json\/wp\/v2\/types\/post"}],"author":[{"embeddable":true,"href":"https:\/\/www.europesays.com\/fr\/wp-json\/wp\/v2\/users\/2"}],"replies":[{"embeddable":true,"href":"https:\/\/www.europesays.com\/fr\/wp-json\/wp\/v2\/comments?post=506090"}],"version-history":[{"count":0,"href":"https:\/\/www.europesays.com\/fr\/wp-json\/wp\/v2\/posts\/506090\/revisions"}],"wp:featuredmedia":[{"embeddable":true,"href":"https:\/\/www.europesays.com\/fr\/wp-json\/wp\/v2\/media\/506091"}],"wp:attachment":[{"href":"https:\/\/www.europesays.com\/fr\/wp-json\/wp\/v2\/media?parent=506090"}],"wp:term":[{"taxonomy":"category","embeddable":true,"href":"https:\/\/www.europesays.com\/fr\/wp-json\/wp\/v2\/categories?post=506090"},{"taxonomy":"post_tag","embeddable":true,"href":"https:\/\/www.europesays.com\/fr\/wp-json\/wp\/v2\/tags?post=506090"}],"curies":[{"name":"wp","href":"https:\/\/api.w.org\/{rel}","templated":true}]}}