{"id":506092,"date":"2025-11-02T05:32:10","date_gmt":"2025-11-02T05:32:10","guid":{"rendered":"https:\/\/www.europesays.com\/fr\/506092\/"},"modified":"2025-11-02T05:32:10","modified_gmt":"2025-11-02T05:32:10","slug":"pamiers-un-voyage-sportif-et-culturel-en-allemagne-pour-les-jeunes","status":"publish","type":"post","link":"https:\/\/www.europesays.com\/fr\/506092\/","title":{"rendered":"Pamiers. Un voyage sportif et culturel en Allemagne pour les jeunes"},"content":{"rendered":"<p>\n                                                                    l&rsquo;essentiel<br \/>\n                                                                L\u2019association Jumelage Amiti\u00e9s a envoy\u00e9 une quarantaine de jeunes en voyage au pays de la ville jumelle \u00e0 Pamiers, Crailsheim, pour une exp\u00e9rience sportive et enrichissante.\n                            <\/p>\n<p>Le bus contenant 49 voyageurs est bien arriv\u00e9 au point de retour d\u2019un voyage d\u2019une semaine enrichissante et anim\u00e9e, en Allemagne. De dimanche dernier \u00e0 ce samedi 1er novembre, des jeunes sont partis gr\u00e2ce \u00e0 l\u2019association Jumelage Amiti\u00e9s d\u00e9couvrir la commune jumelle de la ville aux trois clochers, Crailsheim, et sa r\u00e9gion. Tous les deux ans, l\u2019association envoie des jeunes Appam\u00e9ens pour faire vivre le jumelage sportif entre Pamiers et Crailsheim. Les membres de clubs sportifs de la commune ont pu vivre plusieurs exp\u00e9riences enrichissantes pendant leurs voyages, avec un arr\u00eat \u00e0 Europa-park, l\u2019un des plus grands parcs d\u2019attractions d\u2019Europe, situ\u00e9 \u00e0 Rust, ou encore en d\u00e9couvrant l\u2019histoire de la construction automobile allemande dans un mus\u00e9e et la visite de la ville de Rotenburg. Ils ont \u00e9galement \u00e9t\u00e9 log\u00e9s au sein de familles d\u2019accueil, et l\u2019ann\u00e9e prochaine, ce sera \u00e0 l\u2019association Appam\u00e9enne d\u2019accueillir \u00e0 son tour des jeunes allemands dans la ville. Pour les voyageurs, cette vir\u00e9e europ\u00e9enne, qui s\u2019est d\u00e9roul\u00e9e pendant les vacances d\u2019automne, est une v\u00e9ritable opportunit\u00e9. D\u00e9sormais, l\u2019association se penche d\u00e9j\u00e0 sur le programme qui r\u00e9servera un accueil chaleureux aux habitants de Crailsheim l\u2019ann\u00e9e prochaine, pour faire un jumelage toujours vivant.<\/p>\n","protected":false},"excerpt":{"rendered":"l&rsquo;essentiel L\u2019association Jumelage Amiti\u00e9s a envoy\u00e9 une quarantaine de jeunes en voyage au pays de la ville jumelle&hellip;\n","protected":false},"author":2,"featured_media":506093,"comment_status":"","ping_status":"","sticky":false,"template":"","format":"standard","meta":{"footnotes":""},"categories":[1587],"tags":[11,672,1804,1805,1803,1777,674,1801,12,1802],"class_list":{"0":"post-506092","1":"post","2":"type-post","3":"status-publish","4":"format-standard","5":"has-post-thumbnail","7":"category-allemagne","8":"tag-actualites","9":"tag-allemagne","10":"tag-bundesrepublik-deutschland","11":"tag-de","12":"tag-deutschland","13":"tag-eu","14":"tag-europe","15":"tag-germany","16":"tag-news","17":"tag-republique-federale-dallemagne"},"share_on_mastodon":{"url":"https:\/\/pubeurope.com\/@fr\/115478471935942829","error":""},"_links":{"self":[{"href":"https:\/\/www.europesays.com\/fr\/wp-json\/wp\/v2\/posts\/506092","targetHints":{"allow":["GET"]}}],"collection":[{"href":"https:\/\/www.europesays.com\/fr\/wp-json\/wp\/v2\/posts"}],"about":[{"href":"https:\/\/www.europesays.com\/fr\/wp-json\/wp\/v2\/types\/post"}],"author":[{"embeddable":true,"href":"https:\/\/www.europesays.com\/fr\/wp-json\/wp\/v2\/users\/2"}],"replies":[{"embeddable":true,"href":"https:\/\/www.europesays.com\/fr\/wp-json\/wp\/v2\/comments?post=506092"}],"version-history":[{"count":0,"href":"https:\/\/www.europesays.com\/fr\/wp-json\/wp\/v2\/posts\/506092\/revisions"}],"wp:featuredmedia":[{"embeddable":true,"href":"https:\/\/www.europesays.com\/fr\/wp-json\/wp\/v2\/media\/506093"}],"wp:attachment":[{"href":"https:\/\/www.europesays.com\/fr\/wp-json\/wp\/v2\/media?parent=506092"}],"wp:term":[{"taxonomy":"category","embeddable":true,"href":"https:\/\/www.europesays.com\/fr\/wp-json\/wp\/v2\/categories?post=506092"},{"taxonomy":"post_tag","embeddable":true,"href":"https:\/\/www.europesays.com\/fr\/wp-json\/wp\/v2\/tags?post=506092"}],"curies":[{"name":"wp","href":"https:\/\/api.w.org\/{rel}","templated":true}]}}