{"id":506094,"date":"2025-11-02T05:33:20","date_gmt":"2025-11-02T05:33:20","guid":{"rendered":"https:\/\/www.europesays.com\/fr\/506094\/"},"modified":"2025-11-02T05:33:20","modified_gmt":"2025-11-02T05:33:20","slug":"la-chaine-parlementaire-replay-du-01-11-2025-ici-leurope","status":"publish","type":"post","link":"https:\/\/www.europesays.com\/fr\/506094\/","title":{"rendered":"La Cha\u00eene parlementaire replay du 01\/11\/2025 : Ici l&rsquo;Europe"},"content":{"rendered":"<p>  01\/11\/2025  34min  5 vues<\/p>\n<p class=\"lead2 p-1 bg-body-tertiary rounded mt-2\">Dix ans apr\u00e8s l&rsquo;Accord de Paris sur le climat, sign\u00e9 par 195 pays pour limiter \u00e0 deux degr\u00e9s le r\u00e9chauffement climatique et \u00e0 quelques jours de l&rsquo;ouverture au Br\u00e9sil de la COP 30, l&rsquo;Union Europ\u00e9enne est-elle toujours la championne du climat ? Sera-t-elle capable de tenir ses objectifs de r\u00e9ductions pour atteindre la neutralit\u00e9 carbone d&rsquo;ici 2050 ? D\u00e9forestation, voiture \u00e9lectrique, obligations vertes des entreprises ? Six ans apr\u00e8s la mise en place du pacte vert, l&rsquo;ambition europ\u00e9enne est-elle revue \u00e0 la baisse ? Caroline de Camaret et Alexandre Poussart lancent le d\u00e9bat et interrogent dans Ici l&rsquo;Europe les d\u00e9put\u00e9es C\u00e9line Imart Parti populaire europ\u00e9en et Marie Toussaint Groupe des Verts\/Alliance libre europ\u00e9enne. &#8211; En premi\u00e8re partie, Caroline de Camaret re\u00e7oit :Kaja Kallas Haute repr\u00e9sentante de l&rsquo;Union europ\u00e9enne pour les affaires \u00e9trang\u00e8res. &#8211; En seconde partie, Caroline de Camaret et Alexandre Poussart re\u00e7oivent les eurod\u00e9put\u00e9s : C\u00e9line IMART Groupe du Parti populaire europ\u00e9en,Marie TOUSSAINT Groupe des Verts\/Alliance libre europ\u00e9enne.Ici, l&rsquo;EuropeChaque semaine, LCP Assembl\u00e9e nationale, Public S\u00e9nat et France24 vous plongent au coeur des questions qui secouent l&rsquo;Europe : Covid-19, questions migratoires, \u00ab Green deal \u00bb, Brexit ou encore souverainet\u00e9 digitale. Quel avenir pour l&rsquo;Union et ses 450 millions d&rsquo;habitants ? Une demi-heure d&rsquo;information pour mieux comprendre les enjeux europ\u00e9ens.<\/p>\n","protected":false},"excerpt":{"rendered":"01\/11\/2025 34min 5 vues Dix ans apr\u00e8s l&rsquo;Accord de Paris sur le climat, sign\u00e9 par 195 pays pour&hellip;\n","protected":false},"author":2,"featured_media":506095,"comment_status":"","ping_status":"","sticky":false,"template":"","format":"standard","meta":{"footnotes":""},"categories":[1586],"tags":[39020,11,6394,39019,1777,674,1011,27,39014,39013,12,39016,39017,39018,503,39015,502,39022,39021,362,58157,58158,25,39012],"class_list":{"0":"post-506094","1":"post","2":"type-post","3":"status-publish","4":"format-standard","5":"has-post-thumbnail","7":"category-europe","8":"tag-a-la-tv","9":"tag-actualites","10":"tag-ce-soir-tv","11":"tag-en-ce-moment-tv","12":"tag-eu","13":"tag-europe","14":"tag-fr","15":"tag-france","16":"tag-guide-tele","17":"tag-guide-tv","18":"tag-news","19":"tag-programme-canalsat","20":"tag-programme-freebox","21":"tag-programme-orange","22":"tag-programme-tele","23":"tag-programme-tnt","24":"tag-programme-tv","25":"tag-que-regarder-a-la-tv","26":"tag-regarder-la-tv","27":"tag-replay","28":"tag-replay-tv","29":"tag-replaytv","30":"tag-republique-francaise","31":"tag-soiree-tv"},"share_on_mastodon":{"url":"https:\/\/pubeurope.com\/@fr\/115478475871915358","error":""},"_links":{"self":[{"href":"https:\/\/www.europesays.com\/fr\/wp-json\/wp\/v2\/posts\/506094","targetHints":{"allow":["GET"]}}],"collection":[{"href":"https:\/\/www.europesays.com\/fr\/wp-json\/wp\/v2\/posts"}],"about":[{"href":"https:\/\/www.europesays.com\/fr\/wp-json\/wp\/v2\/types\/post"}],"author":[{"embeddable":true,"href":"https:\/\/www.europesays.com\/fr\/wp-json\/wp\/v2\/users\/2"}],"replies":[{"embeddable":true,"href":"https:\/\/www.europesays.com\/fr\/wp-json\/wp\/v2\/comments?post=506094"}],"version-history":[{"count":0,"href":"https:\/\/www.europesays.com\/fr\/wp-json\/wp\/v2\/posts\/506094\/revisions"}],"wp:featuredmedia":[{"embeddable":true,"href":"https:\/\/www.europesays.com\/fr\/wp-json\/wp\/v2\/media\/506095"}],"wp:attachment":[{"href":"https:\/\/www.europesays.com\/fr\/wp-json\/wp\/v2\/media?parent=506094"}],"wp:term":[{"taxonomy":"category","embeddable":true,"href":"https:\/\/www.europesays.com\/fr\/wp-json\/wp\/v2\/categories?post=506094"},{"taxonomy":"post_tag","embeddable":true,"href":"https:\/\/www.europesays.com\/fr\/wp-json\/wp\/v2\/tags?post=506094"}],"curies":[{"name":"wp","href":"https:\/\/api.w.org\/{rel}","templated":true}]}}