{"id":506102,"date":"2025-11-02T05:37:13","date_gmt":"2025-11-02T05:37:13","guid":{"rendered":"https:\/\/www.europesays.com\/fr\/506102\/"},"modified":"2025-11-02T05:37:13","modified_gmt":"2025-11-02T05:37:13","slug":"virecourt-mathis-foresto-est-parti-pour-8-ans-de-tour-de-france-avec-les-compagnons","status":"publish","type":"post","link":"https:\/\/www.europesays.com\/fr\/506102\/","title":{"rendered":"Virecourt. Mathis Foresto\u00a0est parti pour 8 ans de \u00ab\u00a0tour de France\u00a0\u00bb avec les Compagnons"},"content":{"rendered":"<p>Mathis Foresto en est \u00e0 la moiti\u00e9 de son tour de France avec les compagnons du devoir qui dure 8 ans en moyenne dans son domaine\u00a0: il l\u2019a d\u00e9but\u00e9, apr\u00e8s <a href=\"https:\/\/www.estrepublicain.fr\/education\/2025\/01\/22\/le-compagnonnage-est-une-source-d-epanouissement\" target=\"_blank\" rel=\"nofollow noopener\">son CAP en poche obtenu \u00e0 Jarville-la-Malgrange<\/a> , par Marseille, avant de partir pour Toulouse, Lille et actuellement Laval. \u00ab\u00a0On reste une ann\u00e9e par ville. Nous avons six semaines de formation par an avec les compagnons lors du Tour de France. Le reste du temps, on est en entreprise. Et on travaille les cours en autonomie quatre soirs par semaine de 20\u00a0h \u00e0 22\u00a0h.\u00a0\u00bb<\/p>\n<p>  \u00ab C\u2019est prenant \u00bb<\/p>\n<p>Lui qui n\u2019aimait pas l\u2019\u00e9cole, encha\u00eene les formations depuis ses 15 ans. Apr\u00e8s le CAP, il a d\u00e9croch\u00e9 un CQP 03 assembleur sur plan, BP m\u00e9tallerie (en deux ans) et est actuellement en formation CQP dessinateur. \u00ab\u00a0Maintenant, en formation pour mon m\u00e9tier, c\u2019est totalement diff\u00e9rent\u00a0: c\u2019est prenant. Je voulais \u00eatre en entreprise en apprentissage\u00a0: on apprend beaucoup plus vite sur le terrain qu\u2019\u00e0 l\u2019\u00e9cole. Avec les compagnons, on apprend \u00e9norm\u00e9ment au niveau du m\u00e9tier et humainement.\u00a0\u00bb<\/p>\n<p>Depuis l\u2019\u00e2ge de 17 ans, il conna\u00eet aussi <a href=\"https:\/\/www.estrepublicain.fr\/edition-de-nancy-agglomeration\/2017\/01\/29\/portes-ouvertes-chez-les-compagnons-du-devoir\" target=\"_blank\" rel=\"nofollow noopener\">la vie en collectivit\u00e9<\/a>. Accueilli toujours dans une maison des compagnons o\u00f9 des cuisiniers leur pr\u00e9parent les repas. Et o\u00f9 il partage sa chambre avec de un \u00e0 quatre autres jeunes hommes selon les villes. \u00ab\u00a0On n\u2019a pas d\u2019intimit\u00e9, mais il y a une bonne ambiance\u00a0: c\u2019est un esprit fraternel. Nous avons un week-end de libre par mois o\u00f9 je retourne voir ma famille.\u00a0\u00bb Car les samedis sont consacr\u00e9s au travail hors entreprise\u00a0: \u00ab\u00a0On pr\u00e9pare des cours, c\u2019est une trame \u00e0 l\u2019ann\u00e9e.\u00a0\u00bb<\/p>\n","protected":false},"excerpt":{"rendered":"Mathis Foresto en est \u00e0 la moiti\u00e9 de son tour de France avec les compagnons du devoir qui&hellip;\n","protected":false},"author":2,"featured_media":506103,"comment_status":"","ping_status":"","sticky":false,"template":"","format":"standard","meta":{"footnotes":""},"categories":[4],"tags":[11,34750,1707,1057,2878,1011,27,34751,34752,12,25,104,62773],"class_list":{"0":"post-506102","1":"post","2":"type-post","3":"status-publish","4":"format-standard","5":"has-post-thumbnail","7":"category-france","8":"tag-actualites","9":"tag-cc-meurthe","10":"tag-edition-luneville","11":"tag-education","12":"tag-encadre","13":"tag-fr","14":"tag-france","15":"tag-mortagne","16":"tag-moselle-54a","17":"tag-news","18":"tag-republique-francaise","19":"tag-societe","20":"tag-virecourt"},"share_on_mastodon":{"url":"https:\/\/pubeurope.com\/@fr\/115478491510199100","error":""},"_links":{"self":[{"href":"https:\/\/www.europesays.com\/fr\/wp-json\/wp\/v2\/posts\/506102","targetHints":{"allow":["GET"]}}],"collection":[{"href":"https:\/\/www.europesays.com\/fr\/wp-json\/wp\/v2\/posts"}],"about":[{"href":"https:\/\/www.europesays.com\/fr\/wp-json\/wp\/v2\/types\/post"}],"author":[{"embeddable":true,"href":"https:\/\/www.europesays.com\/fr\/wp-json\/wp\/v2\/users\/2"}],"replies":[{"embeddable":true,"href":"https:\/\/www.europesays.com\/fr\/wp-json\/wp\/v2\/comments?post=506102"}],"version-history":[{"count":0,"href":"https:\/\/www.europesays.com\/fr\/wp-json\/wp\/v2\/posts\/506102\/revisions"}],"wp:featuredmedia":[{"embeddable":true,"href":"https:\/\/www.europesays.com\/fr\/wp-json\/wp\/v2\/media\/506103"}],"wp:attachment":[{"href":"https:\/\/www.europesays.com\/fr\/wp-json\/wp\/v2\/media?parent=506102"}],"wp:term":[{"taxonomy":"category","embeddable":true,"href":"https:\/\/www.europesays.com\/fr\/wp-json\/wp\/v2\/categories?post=506102"},{"taxonomy":"post_tag","embeddable":true,"href":"https:\/\/www.europesays.com\/fr\/wp-json\/wp\/v2\/tags?post=506102"}],"curies":[{"name":"wp","href":"https:\/\/api.w.org\/{rel}","templated":true}]}}