{"id":506106,"date":"2025-11-02T05:41:14","date_gmt":"2025-11-02T05:41:14","guid":{"rendered":"https:\/\/www.europesays.com\/fr\/506106\/"},"modified":"2025-11-02T05:41:14","modified_gmt":"2025-11-02T05:41:14","slug":"apres-medvedev-deux-nouveaux-retraits-secouent-le-tournoi","status":"publish","type":"post","link":"https:\/\/www.europesays.com\/fr\/506106\/","title":{"rendered":"apr\u00e8s Medvedev, deux nouveaux retraits secouent le tournoi"},"content":{"rendered":"<p>                <img decoding=\"async\" src=\"https:\/\/www.europesays.com\/fr\/wp-content\/uploads\/2025\/11\/DrDH.jpg\" fetchpriority=\"high\" alt=\"Vague de forfaits \u00e0 Metz : apr\u00e8s Medvedev, deux nouveaux retraits secouent le tournoi\"\/><\/p>\n<p>Les d\u00e9sistements s\u2019accumulent \u00e0 l\u2019Open de Moselle avant m\u00eame le d\u00e9but du tournoi. Apr\u00e8s Daniil Medvedev, ce sont Tallon Griekspoor et Tomas Machac qui ont jet\u00e9 l\u2019\u00e9ponge. Et la menace plane concernant Alexander Bublik et F\u00e9lix Auger-Aliassime\u2026<\/p>\n<p>Les forfaits commencent \u00e0 s&rsquo;encha\u00eener \u00e0 Metz. \u00c0 peine le tirage au sort effectu\u00e9 et les qualifications lanc\u00e9es, les organisateurs de l\u2019Open de Moselle doivent d\u00e9j\u00e0 composer avec plusieurs d\u00e9sistements majeurs.<\/p>\n<p>Apr\u00e8s Daniil Medvedev plus t\u00f4t samedi, deux nouveaux retraits sont venus s\u2019ajouter : Tallon Griekspoor, qui devait affronter Aleksandar Kovacevic au premier tour, et Tomas Machac, pr\u00e9vu face \u00e0 Giovanni Mpetshi Perricard.<\/p>\n<p>Ces absences offrent la possibilit\u00e9 \u00e0 trois lucky losers d\u2019int\u00e9grer le tableau principal. L\u2019an pass\u00e9, le tournoi avait d\u00e9j\u00e0 connu une vague de forfaits record avec treize retraits.<\/p>\n<p>Si on en est encore loin, d\u2019autres absences \u2014 notamment celles d\u2019Alexander Bublik ou de F\u00e9lix Auger-Aliassime, en cas de sacre \u00e0 Paris \u2014 pourraient encore venir bouleverser le tableau messin.<\/p>\n","protected":false},"excerpt":{"rendered":"Les d\u00e9sistements s\u2019accumulent \u00e0 l\u2019Open de Moselle avant m\u00eame le d\u00e9but du tournoi. Apr\u00e8s Daniil Medvedev, ce sont&hellip;\n","protected":false},"author":2,"featured_media":506107,"comment_status":"","ping_status":"","sticky":false,"template":"","format":"standard","meta":{"footnotes":""},"categories":[1415],"tags":[1011,27,60,1467],"class_list":{"0":"post-506106","1":"post","2":"type-post","3":"status-publish","4":"format-standard","5":"has-post-thumbnail","7":"category-tennis","8":"tag-fr","9":"tag-france","10":"tag-sports","11":"tag-tennis"},"share_on_mastodon":{"url":"https:\/\/pubeurope.com\/@fr\/115478507978739254","error":""},"_links":{"self":[{"href":"https:\/\/www.europesays.com\/fr\/wp-json\/wp\/v2\/posts\/506106","targetHints":{"allow":["GET"]}}],"collection":[{"href":"https:\/\/www.europesays.com\/fr\/wp-json\/wp\/v2\/posts"}],"about":[{"href":"https:\/\/www.europesays.com\/fr\/wp-json\/wp\/v2\/types\/post"}],"author":[{"embeddable":true,"href":"https:\/\/www.europesays.com\/fr\/wp-json\/wp\/v2\/users\/2"}],"replies":[{"embeddable":true,"href":"https:\/\/www.europesays.com\/fr\/wp-json\/wp\/v2\/comments?post=506106"}],"version-history":[{"count":0,"href":"https:\/\/www.europesays.com\/fr\/wp-json\/wp\/v2\/posts\/506106\/revisions"}],"wp:featuredmedia":[{"embeddable":true,"href":"https:\/\/www.europesays.com\/fr\/wp-json\/wp\/v2\/media\/506107"}],"wp:attachment":[{"href":"https:\/\/www.europesays.com\/fr\/wp-json\/wp\/v2\/media?parent=506106"}],"wp:term":[{"taxonomy":"category","embeddable":true,"href":"https:\/\/www.europesays.com\/fr\/wp-json\/wp\/v2\/categories?post=506106"},{"taxonomy":"post_tag","embeddable":true,"href":"https:\/\/www.europesays.com\/fr\/wp-json\/wp\/v2\/tags?post=506106"}],"curies":[{"name":"wp","href":"https:\/\/api.w.org\/{rel}","templated":true}]}}