{"id":506115,"date":"2025-11-02T05:50:15","date_gmt":"2025-11-02T05:50:15","guid":{"rendered":"https:\/\/www.europesays.com\/fr\/506115\/"},"modified":"2025-11-02T05:50:15","modified_gmt":"2025-11-02T05:50:15","slug":"star-academy-2025-ed-sheeran-chante-son-nouveau-titre-camera-star-academy-tf1-tf1","status":"publish","type":"post","link":"https:\/\/www.europesays.com\/fr\/506115\/","title":{"rendered":"Star Academy 2025 &#8211; Ed Sheeran chante son nouveau titre \u00ab Camera \u00bb &#8211; Star Academy | TF1 &#8211; TF1+"},"content":{"rendered":"<ol>\n<li><a href=\"https:\/\/news.google.com\/rss\/articles\/CBMiuAFBVV95cUxOUjZ5VVd0WXpyNmdwTTdRN1hfallVTWE0MzlUQ2NrYUJ5ZzdHVEZYckxLX1NQR3RNbktRclhXYWN6WFNMUTd6YnE4U1E4aWNjVUVHX2hsc3o1V3RUdW5vbFpicEdDd2p5OE9TVDlHNTZZZmxSbXlxYUxVZ0xUallUN2g5ZWYzLWNnSFowdkJMNllQUUR5TldwVU82Q1N4Z2VOOGtvVmc2TFZzdjFHVlduQklaQUN5SHQ1?oc=5\" target=\"_blank\" rel=\"noopener\">Star Academy 2025 &#8211; Ed Sheeran chante son nouveau titre \u00ab Camera \u00bb &#8211; Star Academy | TF1<\/a>&nbsp;&nbsp;TF1+<\/li>\n<li><a href=\"https:\/\/news.google.com\/rss\/articles\/CBMicEFVX3lxTE1lMW13NkxzMkZObER6MHB1aFlCVXVlUTdxNTVhRWpQMFJlaVRYYW13TmthOTFaLXpnajVDUzdULVhteEJwNE8wM3Uzb3kxWjN1eW9mUGVlUUgxRmVLY2JaaUFpOENqZFhKUm1TM2czbnA?oc=5\" target=\"_blank\" rel=\"noopener\">Star Academy : Th\u00e9o P. gaffe apr\u00e8s son duo avec Ed Sheeran, Nikos lui vient en aide<\/a>&nbsp;&nbsp;AlloCin\u00e9<\/li>\n<li><a href=\"https:\/\/news.google.com\/rss\/articles\/CBMi8AFBVV95cUxNXzFUdjBDTTAyOUtlSmFGc20wSC1yMHp4QUljQ0pid3pKT1h1MHM0eDIwdFJ1Zmtra3M5dDhyYjUxSlNqRF8xUTgwUnJTbm9tNTc4NGg4RE0wQXZ4WnhjNnhDalJEeWc5bTYwaG1Vd0MyeWZnZkVPNWhaY01oUGxWODFkOWlmVkRkYUJkSmJ2NlRjWWVGaERpRGUtWjVNWlZVS0V6U0VtQVVsQUJqbW5YYmROTExoWDBuV2NrODJBTGxQanBRM1lfUzRIMnpVYkJQS2hISmFyUXdkLW1UcnZMcjFyODhfR293dklRRU5lZm8?oc=5\" target=\"_blank\" rel=\"noopener\">\u00ab\u00a0On ne dirait pas mais&#8230;\u00a0\u00bb : l&rsquo;\u00e9norme lapsus de Th\u00e9o P. face \u00e0 Ed Sheeran sur le prime de la Star Academy, malaise sur le plateau<\/a>&nbsp;&nbsp;Voici<\/li>\n<li><a href=\"https:\/\/news.google.com\/rss\/articles\/CBMi-AFBVV95cUxOUThoNHFXQTE1UF9CTjNfNEpfdHRMVzdWV0lLMUgxV3BDLVg0UTlyTVpiRV8xdmVXUEZhWlhvalRpd0wyZWhkd0JNemJ5UnRKcDcwd3czN3o2dktobHpUNDk2UGtOdF9fTXpuQ3N4MFZ3ZWFfV0dCY21nbkJZTHVHcGNFcm5TTjZpaWZvb1I5QWk4RldkeTVTWXNpLUJuZmx6dTlNUHJYSndIdEhaRzJOR08tWGNudC04VTgwVkFrLUYwOXA5eG1WaE5WN2xSZFE3alR1NTcxQVdtcExCOHdjYi1SblZxYXJXZFZTemNMYTlhNEJJTXpkRQ?oc=5\" target=\"_blank\" rel=\"noopener\">\u00ab\u00a0Je n&rsquo;ai pas la patience\u00a0\u00bb : Lucie Bernardoni (Star Academy) \u00e9puis\u00e9e par le comportement des \u00e9l\u00e8ves, elle les rappelle \u00e0 l&rsquo;ordre<\/a>&nbsp;&nbsp;programme-tv.net<\/li>\n<li><a href=\"https:\/\/news.google.com\/rss\/articles\/CBMi6AFBVV95cUxORGdjRmY0NlhhVnBFVTVsX3duR0VsaTRkMG9SaW1sVTM2V3pYR2dxUnZtdlIyQzdWMjgxMHgxUlFxNlRSRU9jOFpvcGhYUzdiTzV2a3pxNmN4b21Eck1fM2lEa1V3QlNSaVJST051emJGRXRRS1lrblhteE5IREdIUlNNMmpaWlM2R0lEWDM1VExlTUcyd2NOVTAweFBaMXFCbmZkaDZGNUtpVTM1dGp2SUlpaThCOEVfX3FvVEloeFFTZ3RJMHVVM3lXdkxRQlVZazE1RUpIa2xRQnF4VE1xU3JHdmtYbzdF?oc=5\" target=\"_blank\" rel=\"noopener\">\u00ab\u00a0Soyez \u00e0 la hauteur\u00a0\u00bb : Fanny Delaigue (Star Academy) met en garde L\u00e9o et Lily avant leur duo avec Ed Sheeran<\/a>&nbsp;&nbsp;T\u00e9l\u00e9 2 semaines<\/li>\n<\/ol>\n","protected":false},"excerpt":{"rendered":"Star Academy 2025 &#8211; Ed Sheeran chante son nouveau titre \u00ab Camera \u00bb &#8211; Star Academy | TF1&nbsp;&nbsp;TF1+&hellip;\n","protected":false},"author":2,"featured_media":506116,"comment_status":"","ping_status":"","sticky":false,"template":"","format":"standard","meta":{"footnotes":""},"categories":[1356],"tags":[58,59,3483,62736,62737,41321,1011,27,5095,62738,62739,62746,62750,62735,62747,62751,62743,62742,62748,62749,62744,62745,252,1364,62740,62741],"class_list":{"0":"post-506115","1":"post","2":"type-post","3":"status-publish","4":"format-standard","5":"has-post-thumbnail","7":"category-television","8":"tag-divertissement","9":"tag-entertainment","10":"tag-extrait","11":"tag-extrait-star-academy","12":"tag-extrait-star-academy-tf1","13":"tag-extrait-tf1","14":"tag-fr","15":"tag-france","16":"tag-star-academy","17":"tag-star-academy-extrait","18":"tag-star-academy-extrait-tf1","19":"tag-star-academy-streaming","20":"tag-star-academy-streaming-gratuit","21":"tag-star-academy-tf1","22":"tag-star-academy-tf1-streaming","23":"tag-star-academy-tf1-streaming-gratuit","24":"tag-star-academy-tf1-video","25":"tag-star-academy-video","26":"tag-streaming-gratuit-star-academy","27":"tag-streaming-gratuit-star-academy-tf1","28":"tag-streaming-star-academy","29":"tag-streaming-star-academy-tf1","30":"tag-television","31":"tag-tv","32":"tag-video-star-academy","33":"tag-video-star-academy-tf1"},"share_on_mastodon":{"url":"","error":"Validation failed: Text character limit of 500 exceeded"},"_links":{"self":[{"href":"https:\/\/www.europesays.com\/fr\/wp-json\/wp\/v2\/posts\/506115","targetHints":{"allow":["GET"]}}],"collection":[{"href":"https:\/\/www.europesays.com\/fr\/wp-json\/wp\/v2\/posts"}],"about":[{"href":"https:\/\/www.europesays.com\/fr\/wp-json\/wp\/v2\/types\/post"}],"author":[{"embeddable":true,"href":"https:\/\/www.europesays.com\/fr\/wp-json\/wp\/v2\/users\/2"}],"replies":[{"embeddable":true,"href":"https:\/\/www.europesays.com\/fr\/wp-json\/wp\/v2\/comments?post=506115"}],"version-history":[{"count":0,"href":"https:\/\/www.europesays.com\/fr\/wp-json\/wp\/v2\/posts\/506115\/revisions"}],"wp:featuredmedia":[{"embeddable":true,"href":"https:\/\/www.europesays.com\/fr\/wp-json\/wp\/v2\/media\/506116"}],"wp:attachment":[{"href":"https:\/\/www.europesays.com\/fr\/wp-json\/wp\/v2\/media?parent=506115"}],"wp:term":[{"taxonomy":"category","embeddable":true,"href":"https:\/\/www.europesays.com\/fr\/wp-json\/wp\/v2\/categories?post=506115"},{"taxonomy":"post_tag","embeddable":true,"href":"https:\/\/www.europesays.com\/fr\/wp-json\/wp\/v2\/tags?post=506115"}],"curies":[{"name":"wp","href":"https:\/\/api.w.org\/{rel}","templated":true}]}}