{"id":506117,"date":"2025-11-02T05:51:25","date_gmt":"2025-11-02T05:51:25","guid":{"rendered":"https:\/\/www.europesays.com\/fr\/506117\/"},"modified":"2025-11-02T05:51:25","modified_gmt":"2025-11-02T05:51:25","slug":"alain-chamfort-pose-ses-conditions-pour-venir-a-la-star-ac","status":"publish","type":"post","link":"https:\/\/www.europesays.com\/fr\/506117\/","title":{"rendered":"Alain Chamfort pose ses conditions pour venir \u00e0 la \u00ab Star Ac \u00bb"},"content":{"rendered":"<p class=\"mb-4 text-lg md:leading-8 break-words\">Participer \u00e0 la \u00ab Star Academy \u00bb, oui, mais pas n\u2019importe comment. Au micro d\u2019\u00c9ric Dussart dans \u00ab On refait la t\u00e9l\u00e9 \u00bb sur RTL, ce samedi 1er novembre 2024, <a data-i13n=\"cpos:1;pos:1\" href=\"https:\/\/www.parismatch.com\/bio\/alain-chamfort\" rel=\"nofollow noopener\" target=\"_blank\" data-ylk=\"slk:Alain Chamfort;cpos:1;pos:1;elm:context_link;itc:0;sec:content-canvas\" class=\"link \">Alain Chamfort<\/a> a confi\u00e9 son envie de venir chanter lors d\u2019un prime time de la saison 13 du concours de chant anim\u00e9 par Nikos Aliagas sur TF1.<\/p>\n<p class=\"mb-4 text-lg md:leading-8 break-words\">Sans d\u00e9tour, le chanteur de 76 ans a fait savoir sa volont\u00e9 d\u2019\u00eatre convi\u00e9 <a data-i13n=\"cpos:2;pos:1\" href=\"https:\/\/www.parismatch.com\/People\/star-academy-les-parrains-de-la-saison-13-enfin-devoiles-256649\" rel=\"nofollow noopener\" target=\"_blank\" data-ylk=\"slk:\u00e0 la \u00ab Star Academy \u00bb;cpos:2;pos:1;elm:context_link;itc:0;sec:content-canvas\" class=\"link \">\u00e0 la \u00ab Star Academy \u00bb<\/a>, lui qui n\u2019\u00e9tait plus revenu dans le programme depuis novembre 2003. \u00ab Mes attach\u00e9s de presse sont en relation avec les programmateurs. Ils savent tr\u00e8s bien qu\u2019on aimerait bien faire l\u2019\u00e9mission. C\u2019est \u00e0 eux d\u2019accepter \u00bb, a-t-il d\u00e9clar\u00e9.<\/p>\n<p>\u00ab Si c\u2019est \u00e7a, je ne le ferai pas \u00bb<\/p>\n<p class=\"mb-4 text-lg md:leading-8 break-words\">\u00ab C\u2019est une exposition \u00e9norme. Mais apr\u00e8s, pour y faire quoi ? Si on a la possibilit\u00e9 de chanter une chanson r\u00e9cente, je trouve que c\u2019est justifi\u00e9. Aller faire un duo de Manureva avec un jeune artiste, et faire que \u00e7a, je ne vois pas l\u2019int\u00e9r\u00eat \u00bb, a estim\u00e9 Alain Chamfort. Et de l\u00e2cher : \u00ab Si c\u2019est \u00e7a, je ne le ferai pas. C\u2019est tout. C\u2019est peut-\u00eatre la raison pour laquelle ils ne m\u2019ont pas recontact\u00e9 \u00bb.<\/p>\n<p class=\"mb-4 text-lg md:leading-8 break-words\">\u00c0 lire aussi <a data-i13n=\"cpos:3;pos:1\" href=\"https:\/\/www.parismatch.com\/People\/nouvelle-piece-bureau-du-directeur-et-niche-la-visite-guidee-complete-du-chateau-de-la-star-academy-258795\" rel=\"nofollow noopener\" target=\"_blank\" data-ylk=\"slk:Nouvelle pi\u00e8ce, bureau du directeur et niche\u2026 La visite guid\u00e9e compl\u00e8te du ch\u00e2teau de la \u00ab Star Academy \u00bb;cpos:3;pos:1;elm:context_link;itc:0;sec:content-canvas\" class=\"link \">Nouvelle pi\u00e8ce, bureau du directeur et niche\u2026 La visite guid\u00e9e compl\u00e8te du ch\u00e2teau de la \u00ab Star Academy \u00bb<\/a><\/p>\n<p class=\"mb-4 text-lg md:leading-8 break-words\">Depuis le retour du format en 2022 sur TF1, la \u00ab Star Academy \u00bb est un v\u00e9ritable ph\u00e9nom\u00e8ne \u00e0 la t\u00e9l\u00e9 et sur les r\u00e9seaux sociaux. De nombreux \u00e9l\u00e8ves des derni\u00e8res promotions d\u00e9butent d\u2019ailleurs une carri\u00e8re prometteuse, comme Pierre Garnier, Helena, Marine, Julien Lieb et L\u00e9nie, qui ont tous&#8230;<\/p>\n<p class=\"mb-4 text-lg md:leading-8 break-words\"><a data-i13n=\"cpos:4;pos:1\" href=\"https:\/\/www.parismatch.com\/culture\/musique\/aller-faire-un-duo-de-manureva-avec-un-jeune-artiste-ca-na-pas-dinteret-alain-chamfort-pose-ses-conditions-pour-venir-a-la-star-ac-259512?at_medium=affiliate&amp;at_campaign=Yahoo\" rel=\"nofollow noopener\" target=\"_blank\" data-ylk=\"slk:Lire la suite sur ParisMatch;cpos:4;pos:1;elm:context_link;itc:0;sec:content-canvas\" class=\"link \">Lire la suite sur ParisMatch<\/a><\/p>\n","protected":false},"excerpt":{"rendered":"Participer \u00e0 la \u00ab Star Academy \u00bb, oui, mais pas n\u2019importe comment. Au micro d\u2019\u00c9ric Dussart dans \u00ab&hellip;\n","protected":false},"author":2,"featured_media":506118,"comment_status":"","ping_status":"","sticky":false,"template":"","format":"standard","meta":{"footnotes":""},"categories":[1355],"tags":[27327,62774,58,59,1011,27,62775,1361,873,5095,199],"class_list":{"0":"post-506117","1":"post","2":"type-post","3":"status-publish","4":"format-standard","5":"has-post-thumbnail","7":"category-musique","8":"tag-alain-chamfort","9":"tag-attaches-de-presse","10":"tag-divertissement","11":"tag-entertainment","12":"tag-fr","13":"tag-france","14":"tag-la-tele","15":"tag-music","16":"tag-musique","17":"tag-star-academy","18":"tag-tf1"},"share_on_mastodon":{"url":"https:\/\/pubeurope.com\/@fr\/115478546793940599","error":""},"_links":{"self":[{"href":"https:\/\/www.europesays.com\/fr\/wp-json\/wp\/v2\/posts\/506117","targetHints":{"allow":["GET"]}}],"collection":[{"href":"https:\/\/www.europesays.com\/fr\/wp-json\/wp\/v2\/posts"}],"about":[{"href":"https:\/\/www.europesays.com\/fr\/wp-json\/wp\/v2\/types\/post"}],"author":[{"embeddable":true,"href":"https:\/\/www.europesays.com\/fr\/wp-json\/wp\/v2\/users\/2"}],"replies":[{"embeddable":true,"href":"https:\/\/www.europesays.com\/fr\/wp-json\/wp\/v2\/comments?post=506117"}],"version-history":[{"count":0,"href":"https:\/\/www.europesays.com\/fr\/wp-json\/wp\/v2\/posts\/506117\/revisions"}],"wp:featuredmedia":[{"embeddable":true,"href":"https:\/\/www.europesays.com\/fr\/wp-json\/wp\/v2\/media\/506118"}],"wp:attachment":[{"href":"https:\/\/www.europesays.com\/fr\/wp-json\/wp\/v2\/media?parent=506117"}],"wp:term":[{"taxonomy":"category","embeddable":true,"href":"https:\/\/www.europesays.com\/fr\/wp-json\/wp\/v2\/categories?post=506117"},{"taxonomy":"post_tag","embeddable":true,"href":"https:\/\/www.europesays.com\/fr\/wp-json\/wp\/v2\/tags?post=506117"}],"curies":[{"name":"wp","href":"https:\/\/api.w.org\/{rel}","templated":true}]}}