{"id":50613,"date":"2025-04-25T01:53:17","date_gmt":"2025-04-25T01:53:17","guid":{"rendered":"https:\/\/www.europesays.com\/fr\/50613\/"},"modified":"2025-04-25T01:53:17","modified_gmt":"2025-04-25T01:53:17","slug":"le-spectacle-lascenseur-cosmique-a-la-comete","status":"publish","type":"post","link":"https:\/\/www.europesays.com\/fr\/50613\/","title":{"rendered":"le spectacle L\u2019Ascenseur Cosmique \u00e0 La Com\u00e8te"},"content":{"rendered":"<p>Festi\u2019m\u00f4mes, c\u2019est une programmation de spectacles pour enfants \u00e0 seulement 1\u00a0euro, un dimanche par mois\u00a0! Cette semaine, La Com\u00e8te accueille Monsieur Lune et ses cinq musiciens pour un concert illustr\u00e9 m\u00ealant musique live, bande-son cin\u00e9matographique et dessins anim\u00e9s. Une histoire po\u00e9tique port\u00e9e par une interpr\u00e9tation joyeuse, des dialogues plein d\u2019humour et un savoureux second degr\u00e9\u00a0!<\/p>\n<p class=\"note\">Dimanche 27\u00a0avril \u00e0 11 et 15\u00a0h. La Com\u00e8te. Tarif unique\u00a0: 1\u00a0\u20ac. Renseignements\u00a0: www.lacomete.saint-etienne.fr<\/p>\n","protected":false},"excerpt":{"rendered":"Festi\u2019m\u00f4mes, c\u2019est une programmation de spectacles pour enfants \u00e0 seulement 1\u00a0euro, un dimanche par mois\u00a0! Cette semaine, La&hellip;\n","protected":false},"author":2,"featured_media":50614,"comment_status":"","ping_status":"","sticky":false,"template":"","format":"standard","meta":{"footnotes":""},"categories":[9653],"tags":[1111,11,2430,1687,7539,1777,674,1011,27,12,25,4001,7538,3140],"class_list":{"0":"post-50613","1":"post","2":"type-post","3":"status-publish","4":"format-standard","5":"has-post-thumbnail","7":"category-saint-etienne","8":"tag-actu","9":"tag-actualites","10":"tag-auvergne-rhone-alpes","11":"tag-culture-loisirs","12":"tag-edition-loire-sud","13":"tag-eu","14":"tag-europe","15":"tag-fr","16":"tag-france","17":"tag-news","18":"tag-republique-francaise","19":"tag-saint-etienne","20":"tag-saint-etienne-ville","21":"tag-spectacle"},"share_on_mastodon":{"url":"https:\/\/pubeurope.com\/@fr\/114396109380532246","error":""},"_links":{"self":[{"href":"https:\/\/www.europesays.com\/fr\/wp-json\/wp\/v2\/posts\/50613","targetHints":{"allow":["GET"]}}],"collection":[{"href":"https:\/\/www.europesays.com\/fr\/wp-json\/wp\/v2\/posts"}],"about":[{"href":"https:\/\/www.europesays.com\/fr\/wp-json\/wp\/v2\/types\/post"}],"author":[{"embeddable":true,"href":"https:\/\/www.europesays.com\/fr\/wp-json\/wp\/v2\/users\/2"}],"replies":[{"embeddable":true,"href":"https:\/\/www.europesays.com\/fr\/wp-json\/wp\/v2\/comments?post=50613"}],"version-history":[{"count":0,"href":"https:\/\/www.europesays.com\/fr\/wp-json\/wp\/v2\/posts\/50613\/revisions"}],"wp:featuredmedia":[{"embeddable":true,"href":"https:\/\/www.europesays.com\/fr\/wp-json\/wp\/v2\/media\/50614"}],"wp:attachment":[{"href":"https:\/\/www.europesays.com\/fr\/wp-json\/wp\/v2\/media?parent=50613"}],"wp:term":[{"taxonomy":"category","embeddable":true,"href":"https:\/\/www.europesays.com\/fr\/wp-json\/wp\/v2\/categories?post=50613"},{"taxonomy":"post_tag","embeddable":true,"href":"https:\/\/www.europesays.com\/fr\/wp-json\/wp\/v2\/tags?post=50613"}],"curies":[{"name":"wp","href":"https:\/\/api.w.org\/{rel}","templated":true}]}}