{"id":506130,"date":"2025-11-02T05:59:11","date_gmt":"2025-11-02T05:59:11","guid":{"rendered":"https:\/\/www.europesays.com\/fr\/506130\/"},"modified":"2025-11-02T05:59:11","modified_gmt":"2025-11-02T05:59:11","slug":"obama-met-en-garde-contre-les-politiques-chaotiques-de-trump","status":"publish","type":"post","link":"https:\/\/www.europesays.com\/fr\/506130\/","title":{"rendered":"Obama met en garde contre les politiques \u00abchaotiques\u00bb de Trump"},"content":{"rendered":"<p>\n    L\u2019ancien pr\u00e9sident, qui reste une figure influente au sein du Parti d\u00e9mocrate, est mont\u00e9 sur sc\u00e8ne sous les applaudissements en Virginie, puis dans le New Jersey, pour soutenir deux candidats au poste de gouverneur.<\/p>\n<p class=\"fig-paragraph\">L&rsquo;ancien pr\u00e9sident am\u00e9ricain\u00a0<a href=\"http:\/\/www.lefigaro.fr\/international\/la-directrice-du-renseignement-americain-accuse-barack-obama-d-avoir-prepare-un-coup-d-etat-contre-trump-20250722\" data-fig-type=\"NewsFlash\" data-gtm-custom-categorie=\"navigation\" data-gtm-custom-action=\"crossclick\" data-gtm-custom-label=\"Contextuel\" data-gtm-event=\"customEventSPE\" data-fig-domain=\"LEFIGARO\" rel=\"nofollow noopener\" target=\"_blank\">Barack Obama<\/a>\u00a0a critiqu\u00e9 samedi\u00a0<a href=\"http:\/\/www.lefigaro.fr\/secteur\/high-tech\/dossier\/donald-trump-et-l-univers-des-cryptomonnaies\" data-fig-type=\"Topic\" data-gtm-custom-categorie=\"navigation\" data-gtm-custom-action=\"crossclick\" data-gtm-custom-label=\"Contextuel\" data-gtm-event=\"customEventSPE\" data-fig-domain=\"LEFIGARO\" rel=\"nofollow noopener\" target=\"_blank\">Donald Trump<\/a>\u00a0pour ses politiques \u00abchaotiques\u00bb et mis en garde contre les dangers qui menacent la d\u00e9mocratie am\u00e9ricaine, en faisant campagne pour les d\u00e9mocrates avant des \u00e9lections r\u00e9gionales \u00e0 valeur de test.<\/p>\n<p class=\"fig-paragraph\">Neuf mois apr\u00e8s le d\u00e9but du second mandat de Donald Trump, \u00abla situation s&rsquo;est-elle am\u00e9lior\u00e9e\u00a0?\u00bb pour ceux qui ont voulu \u00abtenter leur chance\u00bb avec le r\u00e9publicain, a lanc\u00e9 l&rsquo;ancien pr\u00e9sident \u00e0 Norfolk (Virginie, est). \u00abL&rsquo;\u00e9conomie fonctionne-t-elle mieux pour vous\u00a0? Car elle s&rsquo;est certainement am\u00e9lior\u00e9e pour (Donald) Trump et sa famille\u00bb, a d\u00e9clar\u00e9 M. Obama. \u00abPour les familles ordinaires, les co\u00fbts n&rsquo;ont pas baiss\u00e9, ils ont augment\u00e9, \u00e0 cause de cette politique tarifaire chaotique\u00bb, a-t-il ajout\u00e9, faisant r\u00e9f\u00e9rence aux droits de douane impos\u00e9s par Trump.<\/p>\n<p>                                    <a class=\"fig-a11y-skip a11y-hidden\" href=\"#fig-a11y-skip-main-inarticle\"><br \/>\n        Passer la publicit\u00e9<br \/>\n    <\/a><\/p>\n<p class=\"fig-paragraph\">Barack Obama, qui reste une figure influente au sein du Parti d\u00e9mocrate, est mont\u00e9 sur sc\u00e8ne sous les applaudissements en Virginie, puis dans le New Jersey, pour soutenir deux candidats au poste de gouverneur. Les r\u00e9sultats de ces \u00e9lections qui auront lieu mardi seront scrut\u00e9s au-del\u00e0 de la sph\u00e8re locale et serviront, dans une certaine mesure, de barom\u00e8tre avant les \u00e9lections de mi-mandat de 2026.<\/p>\n<p>Les r\u00e9publicains du Congr\u00e8s \u00abrefusent de s\u2019opposer\u00bb \u00e0 Trump<\/p>\n<p class=\"fig-paragraph\">Jusqu&rsquo;\u00e0 ce week-end, Barack Obama avait jou\u00e9 un r\u00f4le relativement discret dans la campagne \u00e9lectorale. Samedi, il est venu d\u00e9fendre la candidature de l&rsquo;ancienne membre du Congr\u00e8s Abigail Spanberger, qui part largement favorite en Virginie, et de l&rsquo;actuelle membre d\u00e9mocrate de la Chambre des repr\u00e9sentants Mikie Sherrill du New Jersey, au coude-\u00e0-coude avec le r\u00e9publicain Jack Ciattarelli.<\/p>\n<p class=\"fig-paragraph\">L&rsquo;ancien pr\u00e9sident (2009-2017) s&rsquo;est \u00e9galement exprim\u00e9 plus largement sur la politique am\u00e9ricaine, faisant part de ses inqui\u00e9tudes. \u00abNous n&rsquo;avons pas besoin de sp\u00e9culer sur les dangers qui menacent notre d\u00e9mocratie: ils sont bien r\u00e9els\u00bb, a-t-il d\u00e9clar\u00e9.<\/p>\n<p class=\"fig-paragraph\">Il a au passage critiqu\u00e9 les r\u00e9publicains du Congr\u00e8s, qui, selon lui, \u00abrefusent de s&rsquo;opposer au pr\u00e9sident (Trump) m\u00eame lorsqu&rsquo;ils savent qu&rsquo;il d\u00e9passe les bornes\u00bb et s&rsquo;est \u00e9galement dit inquiet face \u00e0 la Cour supr\u00eame qui ne montre \u00abaucune volont\u00e9 de contr\u00f4ler les exc\u00e8s de cette administration\u00bb.<\/p>\n","protected":false},"excerpt":{"rendered":"L\u2019ancien pr\u00e9sident, qui reste une figure influente au sein du Parti d\u00e9mocrate, est mont\u00e9 sur sc\u00e8ne sous les&hellip;\n","protected":false},"author":2,"featured_media":506131,"comment_status":"","ping_status":"","sticky":false,"template":"","format":"standard","meta":{"footnotes":""},"categories":[5],"tags":[11,592,75,73,1011,27,14,12,28],"class_list":{"0":"post-506130","1":"post","2":"type-post","3":"status-publish","4":"format-standard","5":"has-post-thumbnail","7":"category-international","8":"tag-actualites","9":"tag-barack-obama","10":"tag-donald-trump","11":"tag-etats-unis","12":"tag-fr","13":"tag-france","14":"tag-international","15":"tag-news","16":"tag-world"},"share_on_mastodon":{"url":"https:\/\/pubeurope.com\/@fr\/115478578138465375","error":""},"_links":{"self":[{"href":"https:\/\/www.europesays.com\/fr\/wp-json\/wp\/v2\/posts\/506130","targetHints":{"allow":["GET"]}}],"collection":[{"href":"https:\/\/www.europesays.com\/fr\/wp-json\/wp\/v2\/posts"}],"about":[{"href":"https:\/\/www.europesays.com\/fr\/wp-json\/wp\/v2\/types\/post"}],"author":[{"embeddable":true,"href":"https:\/\/www.europesays.com\/fr\/wp-json\/wp\/v2\/users\/2"}],"replies":[{"embeddable":true,"href":"https:\/\/www.europesays.com\/fr\/wp-json\/wp\/v2\/comments?post=506130"}],"version-history":[{"count":0,"href":"https:\/\/www.europesays.com\/fr\/wp-json\/wp\/v2\/posts\/506130\/revisions"}],"wp:featuredmedia":[{"embeddable":true,"href":"https:\/\/www.europesays.com\/fr\/wp-json\/wp\/v2\/media\/506131"}],"wp:attachment":[{"href":"https:\/\/www.europesays.com\/fr\/wp-json\/wp\/v2\/media?parent=506130"}],"wp:term":[{"taxonomy":"category","embeddable":true,"href":"https:\/\/www.europesays.com\/fr\/wp-json\/wp\/v2\/categories?post=506130"},{"taxonomy":"post_tag","embeddable":true,"href":"https:\/\/www.europesays.com\/fr\/wp-json\/wp\/v2\/tags?post=506130"}],"curies":[{"name":"wp","href":"https:\/\/api.w.org\/{rel}","templated":true}]}}