{"id":506132,"date":"2025-11-02T06:00:15","date_gmt":"2025-11-02T06:00:15","guid":{"rendered":"https:\/\/www.europesays.com\/fr\/506132\/"},"modified":"2025-11-02T06:00:15","modified_gmt":"2025-11-02T06:00:15","slug":"quest-ce-qui-pourrait-etre-taxe-par-limpot-sur-la-fortune-improductive","status":"publish","type":"post","link":"https:\/\/www.europesays.com\/fr\/506132\/","title":{"rendered":"qu&rsquo;est-ce qui pourrait \u00eatre tax\u00e9 par \u00ab\u00a0l&rsquo;imp\u00f4t sur la fortune improductive\u00a0\u00bb\u00a0?"},"content":{"rendered":"<p>            Par<br \/>\n        <strong><br \/>\n            <a href=\"https:\/\/actu.fr\/auteur\/redaction-actu\" title=\"Consulter tous les articles de R\u00e9daction Actu\" target=\"_blank\" rel=\"noopener\">R\u00e9daction Actu<\/a><br \/>\n        <\/strong><\/p>\n<p>        Publi\u00e9 le<\/p>\n<p>            1 nov. 2025 \u00e0 22h25        <\/p>\n<p>La plupart des Fran\u00e7ais ont d\u00e9couvert ce terme en se r\u00e9veillant, samedi 1er\u00a0novembre.\u00a0Encore embrum\u00e9s de la soir\u00e9e d\u2019Halloween pour certains, ou en route pour le cimeti\u00e8re pour d\u2019autres, beaucoup ont sans doute d\u00fb se demander de quoi il \u00e9tait question lorsqu\u2019on parle \u00ab\u2009d\u2019imp\u00f4t sur la fortune improductive\u2009\u00bb, et quelle est <strong>sa diff\u00e9rence avec \u00ab\u2009l\u2019imp\u00f4t sur la fortune immobili\u00e8re\u2009\u00bb (IFI)<\/strong>, ou <strong>l\u2019imp\u00f4t de solidarit\u00e9 sur la fortune (ISF)<\/strong> supprim\u00e9 par Emmanuel Macron en 2017.<\/p>\n<p>Un imp\u00f4t incertain<\/p>\n<p class=\" wall-content\">Le terme fait l\u2019actualit\u00e9 <a href=\"https:\/\/actu.fr\/politique\/une-journee-majeure-la-taxe-zucman-et-la-suspension-de-la-reforme-des-retraites-debattues-a-l-assemblee_63375695.html\" target=\"_blank\" rel=\"noopener\">\u00e0 la suite d\u2019un vote du Parlemen<\/a>t, vendredi soir, d\u2019un amendement <a href=\"https:\/\/actu.fr\/politique\/budget-2026-gel-du-bareme-de-l-impot-taxe-sur-les-holdings-voici-le-projet-presente-par-sebastien-lecornu_63296409.html\" target=\"_blank\" rel=\"noopener\">au projet de loi de finances<\/a> qui transforme l\u2019actuel IFI. Il ne s\u2019agirait donc plus d\u2019un \u00ab\u2009imp\u00f4t sur la fortune immobili\u00e8re\u2009\u00bb qui existe d\u00e9j\u00e0, mais d\u2019un \u00ab\u2009imp\u00f4t sur la fortune improductive\u2009\u00bb.<\/p>\n<p class=\" wall-content\">L\u2019amendement, propos\u00e9 par un d\u00e9put\u00e9 Modem et modifi\u00e9 par les socialistes, a \u00e9t\u00e9 vot\u00e9 par une alliance h\u00e9t\u00e9roclite r\u00e9unissant le RN, le PS, le Modem et les d\u00e9put\u00e9s du groupe centriste Liot. Pour le moment, <strong>rien ne dit que ce vote sera suivi d\u2019un effet concret sur les contribuables<\/strong>, car on est encore loin de la fin de la navette parlementaire, \u00e0 savoir les allers-retours r\u00e9alis\u00e9s autour d\u2019un texte l\u00e9gislatif avant son vote final (ou son passage en force, par ordonnance ou par un article de la Constitution qui commence par le chiffre 4, type 49.3). La notion vaut n\u00e9anmoins le coup d\u2019\u00eatre comprise.<\/p>\n<p>Qu\u2019est compris dans le calcul\u2009?<\/p>\n<p class=\" wall-content\">Dans le calcul de cet IFI transform\u00e9, seraient compris, selon l\u2019expos\u00e9 des motifs, non seulement les biens immobiliers, mais aussi certains actifs mat\u00e9riels et placements financiers. Par \u00ab\u2009improductifs\u2009\u00bb, l\u2019amendement inclus\u2009: <strong>les objets pr\u00e9cieux, l\u2019or, les pi\u00e8ces de monnaie, les voitures de collection, yachts, avions, les meubles, les \u0153uvres d\u2019art, mais aussi les actifs num\u00e9riques, soit les cryptomonnaies\u2026 et certaines assurances-vie.<\/strong><\/p>\n<p class=\" wall-content\">Plus pr\u00e9cis\u00e9ment, il s\u2019agit des <a href=\"https:\/\/actu.fr\/infoconso\/l-assurance-vie-comment-faire-pour-l-optimiser-nos-conseils_63093953.html\" target=\"_blank\" rel=\"noopener\">assurances-vie<\/a> non allou\u00e9es \u00e0 l\u2019investissement productif, c\u2019est-\u00e0-dire celles qui ne sont pas plac\u00e9es en unit\u00e9s de compte. Ces derni\u00e8res permettent de placer leur capital sur des actions soumises aux fluctuations des march\u00e9s financiers. Elles ne seront pas concern\u00e9es.<\/p>\n<p class=\" wall-content\">\u00c0 l\u2019origine, comme son nom l\u2019indique, les actifs immobiliers \u00ab\u2009productifs\u2009\u00bb devaient, cette fois-ci, \u00eatre exclus de l\u2019imp\u00f4t. C\u2019est-\u00e0-dire les biens lou\u00e9s pour une dur\u00e9e de plus d\u2019un an r\u00e9pondant \u00e0 des crit\u00e8res environnementaux. Mais cette disposition semble avoir \u00e9t\u00e9 \u00e9cart\u00e9e.<\/p>\n<p>Votre r\u00e9gion, votre actu !<\/p>\n<p>Recevez chaque jour les infos qui comptent pour vous.<\/p>\n<p>\t<a href=\"https:\/\/actu.fr\/newsletter\" class=\"ac-btn ac-btn--corner ac-btn--medium ac-btn--blue800\" target=\"_blank\" rel=\"noopener\">S&rsquo;incrire<\/a><\/p>\n<p class=\" wall-content\">Le bar\u00e8me de cet imp\u00f4t sur la fortune immobili\u00e8re, qui \u00e9tait progressif, est remplac\u00e9 par un taux unique de 1\u2009%.<\/p>\n<p class=\" wall-content\">Pour rappel, il s\u2019agit d\u2019<a href=\"https:\/\/actu.fr\/politique\/budget-2025-les-deputes-adoptent-un-nouvel-impot-sur-le-patrimoine-des-milliardaires_61785523.html\" target=\"_blank\" rel=\"noopener\">un imp\u00f4t sur la fortune<\/a>. Pour y \u00eatre \u00e9ligible, encore faut-il en avoir une. Pour \u00eatre tax\u00e9 \u00e0 1\u2009% sur toutes ces choses, encore faudrait-il avoir plus d\u20191,3 million d\u2019euros de patrimoine net, comme le pr\u00e9voit l\u2019amendement au projet de loi. Le texte pr\u00e9voit cependant qu\u2019une r\u00e9sidence par foyer fiscal puisse \u00e9chapper \u00e0 l\u2019IFI, dans la limite d\u20191 million d\u2019euros.<\/p>\n<p class=\" wall-content\">Dans tous les cas, il faudrait imaginer un syst\u00e8me o\u00f9 chaque riche foyer fasse l\u2019objet d\u2019une \u00e9valuation pour conna\u00eetre la valeur de ce qu\u2019il poss\u00e8de et savoir s\u2019il doit ou non s\u2019acquitter de l\u2019imp\u00f4t dessus\u2026<\/p>\n<p>Combien cet imp\u00f4t pourrait-il rapporter\u2009?<\/p>\n<p class=\" wall-content\">La mesure, si elle se concr\u00e9tise \u00e0 l\u2019issue du long et hasardeux processus parlementaire, pourrait p\u00e9naliser avant tout les \u00ab\u2009petits millionnaires\u2009\u00bb, plus que les tr\u00e8s grandes fortunes. En effet, alors que les particuliers dont le patrimoine se situe juste au-dessus de 1,3 million d\u2019euros, paieraient plus cher, les grandes fortunes verraient leur taux d\u2019imp\u00f4ts r\u00e9duit \u00e0 1\u2009%. Sans parler des exon\u00e9rations possibles mentionn\u00e9es dans les petites lignes.<\/p>\n<p class=\" wall-content\">Cependant, \u00ab\u2009le patrimoine des ultrariches est compos\u00e9 \u00e0 79\u2009% d\u2019actifs financiers, qui \u00e9chappaient jusqu\u2019\u00e0 pr\u00e9sent \u00e0 l\u2019imp\u00f4t sur la fortune immobili\u00e8re\u2009\u00bb selon Philippe Brun, d\u00e9put\u00e9 PS favorable \u00e0 ce texte, aupr\u00e8s du <a href=\"https:\/\/www.lemonde.fr\/politique\/article\/2025\/11\/01\/le-nouvel-impot-sur-la-fortune-improductive-une-retouche-limitee-de-la-taxation-du-patrimoine_6650837_823448.html\" target=\"_blank\" rel=\"noopener\">Monde<\/a>.<\/p>\n<p class=\" wall-content\">\n<p class=\" wall-content\">On ne sait pas ce que pourrait rapporter ce probable nouvel imp\u00f4t. Le parlementaire avance le chiffre de 2 milliards d\u2019euros.<\/p>\n<p class=\" wall-content\">Pour rappel, l\u2019actuel IFI a remplac\u00e9 l\u2019ISF, qui portrait sur l\u2019ensemble des biens mobiliers et immobiliers. Avec 2,2 milliards d\u2019euros de recettes,<strong> l\u2019IFI reste loin des 5 milliards d\u2019euros rapport\u00e9s chaque ann\u00e9e par l\u2019ISF<\/strong> avant sa suppression, selon <a href=\"https:\/\/www.lesechos.fr\/economie-france\/budget-fiscalite\/impots-les-recettes-de-lifi-en-hausse-de-11-2160225\" target=\"_blank\" rel=\"noopener\">Les Echos<\/a>. \u00ab\u2009Les recettes augmentent d\u2019ann\u00e9e en ann\u00e9e depuis sa cr\u00e9ation, mais ne repr\u00e9sentent que 0,5\u2009% des recettes fiscales nettes de l\u2019\u00c9tat en 2024\u2009\u00bb explique le m\u00e9dia.<\/p>\n<p class=\" wall-content\">Personnalisez votre actualit\u00e9 en ajoutant vos villes et m\u00e9dias en favori avec <a href=\"https:\/\/moncompte.actu.fr\" title=\"D\u00e9couvez Mon Actu\" rel=\"nofollow noopener\" data-trk=\"{&quot;cta&quot;:{&quot;action&quot;:&quot;https:\\\/\\\/moncompte.actu.fr&quot;,&quot;category&quot;:&quot;mon compte&quot;,&quot;from&quot;:&quot;article footer&quot;,&quot;name&quot;:&quot;Mon actu&quot;,&quot;type&quot;:&quot;cta&quot;}}\" target=\"_blank\">Mon Actu<\/a>.<\/p>\n","protected":false},"excerpt":{"rendered":"Par R\u00e9daction Actu Publi\u00e9 le 1 nov. 2025 \u00e0 22h25 La plupart des Fran\u00e7ais ont d\u00e9couvert ce terme&hellip;\n","protected":false},"author":2,"featured_media":506133,"comment_status":"","ping_status":"","sticky":false,"template":"","format":"standard","meta":{"footnotes":""},"categories":[4],"tags":[11,33,1011,27,342,12,25],"class_list":{"0":"post-506132","1":"post","2":"type-post","3":"status-publish","4":"format-standard","5":"has-post-thumbnail","7":"category-france","8":"tag-actualites","9":"tag-economie","10":"tag-fr","11":"tag-france","12":"tag-impots","13":"tag-news","14":"tag-republique-francaise"},"share_on_mastodon":{"url":"https:\/\/pubeurope.com\/@fr\/115478582081070339","error":""},"_links":{"self":[{"href":"https:\/\/www.europesays.com\/fr\/wp-json\/wp\/v2\/posts\/506132","targetHints":{"allow":["GET"]}}],"collection":[{"href":"https:\/\/www.europesays.com\/fr\/wp-json\/wp\/v2\/posts"}],"about":[{"href":"https:\/\/www.europesays.com\/fr\/wp-json\/wp\/v2\/types\/post"}],"author":[{"embeddable":true,"href":"https:\/\/www.europesays.com\/fr\/wp-json\/wp\/v2\/users\/2"}],"replies":[{"embeddable":true,"href":"https:\/\/www.europesays.com\/fr\/wp-json\/wp\/v2\/comments?post=506132"}],"version-history":[{"count":0,"href":"https:\/\/www.europesays.com\/fr\/wp-json\/wp\/v2\/posts\/506132\/revisions"}],"wp:featuredmedia":[{"embeddable":true,"href":"https:\/\/www.europesays.com\/fr\/wp-json\/wp\/v2\/media\/506133"}],"wp:attachment":[{"href":"https:\/\/www.europesays.com\/fr\/wp-json\/wp\/v2\/media?parent=506132"}],"wp:term":[{"taxonomy":"category","embeddable":true,"href":"https:\/\/www.europesays.com\/fr\/wp-json\/wp\/v2\/categories?post=506132"},{"taxonomy":"post_tag","embeddable":true,"href":"https:\/\/www.europesays.com\/fr\/wp-json\/wp\/v2\/tags?post=506132"}],"curies":[{"name":"wp","href":"https:\/\/api.w.org\/{rel}","templated":true}]}}