{"id":50615,"date":"2025-04-25T01:54:19","date_gmt":"2025-04-25T01:54:19","guid":{"rendered":"https:\/\/www.europesays.com\/fr\/50615\/"},"modified":"2025-04-25T01:54:19","modified_gmt":"2025-04-25T01:54:19","slug":"un-spectaculaire-concert-dorgue-en-leglise-saint-etienne","status":"publish","type":"post","link":"https:\/\/www.europesays.com\/fr\/50615\/","title":{"rendered":"un spectaculaire concert d\u2019orgue en l\u2019\u00e9glise Saint-\u00c9tienne"},"content":{"rendered":"<p>En ce lundi de P\u00e2ques du 21\u00a0avril 2025, les Amis de l\u2019orgue de Saint-\u00c9tienne de Tours (l\u2019Amorse) invitaient \u00e0 un concert, ou plut\u00f4t \u00e0 un spectacle d\u2019orgue. \u00c0 la tribune de l\u2019instrument datant de 1887 avait pris place Jean-Marc Pipet, cotitulaire de l\u2019orgue de la cath\u00e9drale de Toulouse, pour un programme d\u2019\u0153uvres slaves transcrites, \u00e9crites\u00a0\u00e0 l\u2019origine\u00a0pour piano.<\/p>\n<p>Dans le ch\u0153ur, un \u00e9cran offrait un regard sur le spectacle rare\u00a0de\u00a0l\u2019organiste, seul face \u00e0 sa console. Les mains\u00a0et les pieds courent sur les claviers, actionnent les secrets m\u00e9caniques des couleurs, habillant les notes d\u2019atours symphoniques et de nuances, de sonorit\u00e9s cristallines, de myst\u00e8re, de po\u00e9sie, de fureur, de solennit\u00e9. Rachmaninov d\u00e9ploie l\u2019arc-en-ciel\u00a0de son\u00a0Pr\u00e9lude\u00a0opus 3 et la voix de la c\u00e9l\u00e8bre Vocalise\u00a0avant le Pr\u00e9lude opus 23 dans une joyeuse ambiance de limonaire.<\/p>\n<p>En seconde partie, sur les pas de Moussorgski, Jean-Marc Pipet emmenait le public en\u00a0promenade, traversant\u00a0la for\u00eat magique des sonorit\u00e9s, pour revisiter Les Tableaux d\u2019une exposition. Avec talent et simplicit\u00e9, il avait\u00a0concoct\u00e9 sp\u00e9cialement ce singulier et passionnant programme en sortant, certes, des sentiers habituels de\u00a0la musique sacr\u00e9e pour orgue, pour partir \u00e0 la (re) d\u00e9couverte pleine de surprises de quelques pages, comme aurait dit Rossini, de \u00ab\u00a0sacr\u00e9e musique\u00a0\u00bb\u00a0!<\/p>\n","protected":false},"excerpt":{"rendered":"En ce lundi de P\u00e2ques du 21\u00a0avril 2025, les Amis de l\u2019orgue de Saint-\u00c9tienne de Tours (l\u2019Amorse) invitaient&hellip;\n","protected":false},"author":2,"featured_media":50616,"comment_status":"","ping_status":"","sticky":false,"template":"","format":"standard","meta":{"footnotes":""},"categories":[9653],"tags":[1111,11,2430,1674,4156,1777,674,1011,27,1387,1393,2936,12,25,4001,1390],"class_list":{"0":"post-50615","1":"post","2":"type-post","3":"status-publish","4":"format-standard","5":"has-post-thumbnail","7":"category-saint-etienne","8":"tag-actu","9":"tag-actualites","10":"tag-auvergne-rhone-alpes","11":"tag-communes","12":"tag-concerts","13":"tag-eu","14":"tag-europe","15":"tag-fr","16":"tag-france","17":"tag-indre-et-loire","18":"tag-loisirs","19":"tag-musique-classique","20":"tag-news","21":"tag-republique-francaise","22":"tag-saint-etienne","23":"tag-tours"},"share_on_mastodon":{"url":"https:\/\/pubeurope.com\/@fr\/114396113401043163","error":""},"_links":{"self":[{"href":"https:\/\/www.europesays.com\/fr\/wp-json\/wp\/v2\/posts\/50615","targetHints":{"allow":["GET"]}}],"collection":[{"href":"https:\/\/www.europesays.com\/fr\/wp-json\/wp\/v2\/posts"}],"about":[{"href":"https:\/\/www.europesays.com\/fr\/wp-json\/wp\/v2\/types\/post"}],"author":[{"embeddable":true,"href":"https:\/\/www.europesays.com\/fr\/wp-json\/wp\/v2\/users\/2"}],"replies":[{"embeddable":true,"href":"https:\/\/www.europesays.com\/fr\/wp-json\/wp\/v2\/comments?post=50615"}],"version-history":[{"count":0,"href":"https:\/\/www.europesays.com\/fr\/wp-json\/wp\/v2\/posts\/50615\/revisions"}],"wp:featuredmedia":[{"embeddable":true,"href":"https:\/\/www.europesays.com\/fr\/wp-json\/wp\/v2\/media\/50616"}],"wp:attachment":[{"href":"https:\/\/www.europesays.com\/fr\/wp-json\/wp\/v2\/media?parent=50615"}],"wp:term":[{"taxonomy":"category","embeddable":true,"href":"https:\/\/www.europesays.com\/fr\/wp-json\/wp\/v2\/categories?post=50615"},{"taxonomy":"post_tag","embeddable":true,"href":"https:\/\/www.europesays.com\/fr\/wp-json\/wp\/v2\/tags?post=50615"}],"curies":[{"name":"wp","href":"https:\/\/api.w.org\/{rel}","templated":true}]}}