{"id":506150,"date":"2025-11-02T06:17:15","date_gmt":"2025-11-02T06:17:15","guid":{"rendered":"https:\/\/www.europesays.com\/fr\/506150\/"},"modified":"2025-11-02T06:17:15","modified_gmt":"2025-11-02T06:17:15","slug":"rouen-accueille-le-plus-gros-vraquier-de-son-histoire","status":"publish","type":"post","link":"https:\/\/www.europesays.com\/fr\/506150\/","title":{"rendered":"Rouen accueille le plus gros vraquier de son histoire"},"content":{"rendered":"<p>Cette semaine, le Grand Port Maritime de Rouen accueille le plus gros navire de son histoire : le vraquier panam\u00e9en China Steel Responsibility. Re\u00e7u lundi soir au terminal Sea-Invest de Grand-Couronne, ce navire de 289,40 m\u00e8tres de longueur d\u00e9passe de 40 cm le \u00ab mythique \u00bb Cape Shangha\u00ef de septembre 2007. Le record est \u00e9galement d\u00e9pass\u00e9, d&rsquo;une courte t\u00eate, en mati\u00e8re de port en lourd, avec 175.775 tonnes pour le China Steel Responsibility, contre 175.000 tonnes pour son pr\u00e9d\u00e9cesseur. Le vraquier panam\u00e9en d\u00e9charge plus de 57.000 tonnes de charbon embarqu\u00e9es \u00e0 Puerto Drumond (Santa Marta\/Colombie) et destin\u00e9es aux centrales EDF de la r\u00e9gion parisienne.<br \/>Livr\u00e9 en 2003 par le chantier de Kaohsiung (r\u00e9publique de Ta\u00efwan), dot\u00e9 d&rsquo;un moteur de 21.800 chevaux, appartenant \u00e0 l&rsquo;armement ta\u00efwanais CSE (China Steel Express corporation) le vraquier consign\u00e9 par Burger Port Agencies. Il effectue cette escale dans le port de Rouen gr\u00e2ce \u00e0 la coop\u00e9ration bien \u00e9tablie entre la Capitainerie du Port, le Pilotage de la Seine et le Lamanage, assist\u00e9 \u00e0 la mont\u00e9e par un remorqueur de la Sormar rouennaise, le Capitaine Albert Ruault, et un remorqueur de la SNRH havraise, le SD Seine, souligne le GPMR.<br \/>Le China Steel Responsability est le troisi\u00e8me tr\u00e8s gros vraquier de charbon re\u00e7u \u00e0 Rouen en 16 mois, mais le premier faisant ainsi escale en hiver, avec accostage \u00ab nominal \u00bb de nuit.  <\/p>\n","protected":false},"excerpt":{"rendered":"Cette semaine, le Grand Port Maritime de Rouen accueille le plus gros navire de son histoire : le&hellip;\n","protected":false},"author":2,"featured_media":506151,"comment_status":"","ping_status":"","sticky":false,"template":"","format":"standard","meta":{"footnotes":""},"categories":[9587],"tags":[1111,11,6130,6141,6131,6138,2380,6135,554,1777,6136,674,1011,27,6139,6134,3135,6128,567,6129,6127,12,5161,6132,4838,6133,25,9590,6140,6137],"class_list":{"0":"post-506150","1":"post","2":"type-post","3":"status-publish","4":"format-standard","5":"has-post-thumbnail","7":"category-rouen","8":"tag-actu","9":"tag-actualites","10":"tag-chantiers","11":"tag-commando","12":"tag-construction-navale","13":"tag-costa","14":"tag-croisiere","15":"tag-dcns","16":"tag-defense","17":"tag-eu","18":"tag-euronaval","19":"tag-europe","20":"tag-fr","21":"tag-france","22":"tag-fremm","23":"tag-interviews","24":"tag-littoral","25":"tag-marine","26":"tag-marine-nationale","27":"tag-maritime","28":"tag-mer","29":"tag-news","30":"tag-normandie","31":"tag-offshore","32":"tag-peche","33":"tag-reportages","34":"tag-republique-francaise","35":"tag-rouen","36":"tag-sncm","37":"tag-stx"},"share_on_mastodon":{"url":"https:\/\/pubeurope.com\/@fr\/115478648858583570","error":""},"_links":{"self":[{"href":"https:\/\/www.europesays.com\/fr\/wp-json\/wp\/v2\/posts\/506150","targetHints":{"allow":["GET"]}}],"collection":[{"href":"https:\/\/www.europesays.com\/fr\/wp-json\/wp\/v2\/posts"}],"about":[{"href":"https:\/\/www.europesays.com\/fr\/wp-json\/wp\/v2\/types\/post"}],"author":[{"embeddable":true,"href":"https:\/\/www.europesays.com\/fr\/wp-json\/wp\/v2\/users\/2"}],"replies":[{"embeddable":true,"href":"https:\/\/www.europesays.com\/fr\/wp-json\/wp\/v2\/comments?post=506150"}],"version-history":[{"count":0,"href":"https:\/\/www.europesays.com\/fr\/wp-json\/wp\/v2\/posts\/506150\/revisions"}],"wp:featuredmedia":[{"embeddable":true,"href":"https:\/\/www.europesays.com\/fr\/wp-json\/wp\/v2\/media\/506151"}],"wp:attachment":[{"href":"https:\/\/www.europesays.com\/fr\/wp-json\/wp\/v2\/media?parent=506150"}],"wp:term":[{"taxonomy":"category","embeddable":true,"href":"https:\/\/www.europesays.com\/fr\/wp-json\/wp\/v2\/categories?post=506150"},{"taxonomy":"post_tag","embeddable":true,"href":"https:\/\/www.europesays.com\/fr\/wp-json\/wp\/v2\/tags?post=506150"}],"curies":[{"name":"wp","href":"https:\/\/api.w.org\/{rel}","templated":true}]}}