{"id":506154,"date":"2025-11-02T06:21:01","date_gmt":"2025-11-02T06:21:01","guid":{"rendered":"https:\/\/www.europesays.com\/fr\/506154\/"},"modified":"2025-11-02T06:21:01","modified_gmt":"2025-11-02T06:21:01","slug":"la-charge-syndicale-contre-les-verts-lfi-a-grenoble","status":"publish","type":"post","link":"https:\/\/www.europesays.com\/fr\/506154\/","title":{"rendered":"LA CHARGE SYNDICALE CONTRE LES VERTS\/LFI \u00c0 GRENOBLE"},"content":{"rendered":"<p>Posted On 1 novembre 2025 <\/p>\n<p style=\"text-align: justify;\">Tout se d\u00e9lite pour le camp Piolle\/Ruffin. Non seulement la campagne des Verts ne d\u00e9colle pas, min\u00e9e par les divisions internes et le manque d&rsquo;enthousiasme, non seulement elle est <a href=\"https:\/\/grenoble-le-changement.fr\/2025\/10\/30\/la-course-a-la-radicalite-et-les-divisions-etouffent-laurence-ruffin-verts\/\" target=\"_blank\" rel=\"noopener\">affaiblie par plusieurs autres listes<\/a> du m\u00eame bord politique, mais les voil\u00e0 \u00e9galement sous le feu des syndicats.<\/p>\n<p>LA M\u00c9THODE DES PIOLLISTES POUR CASSER LA GR\u00c8VE<\/p>\n<p style=\"text-align: justify;\"><a target=\"_blank\" href=\"https:\/\/c.ledauphine.com\/social\/2025\/10\/28\/isere-grenoble-pour-le-syndicat-sud-la-ville-porte-atteinte-au-droit-de-greve-du-personnel-des-ecoles-ils-agissent-comme-les-pires-des-macronistes\" rel=\"noopener\">C&rsquo;est le syndicat Sud de la ville de Grenoble<\/a>, tr\u00e8s marqu\u00e9 \u00e0 gauche, qui a ouvert les hostilit\u00e9s dans le Dauphin\u00e9 Lib\u00e9r\u00e9. En cause : une restriction du droit de gr\u00e8ve du personnel des \u00e9coles (les ATSEM et les animateurs) et du personnel de la restauration scolaire de Grenoble, qui les force \u00e0 poser une journ\u00e9e enti\u00e8re de gr\u00e8ve et non plus seulement quelques heures si ils souhaitent participer \u00e0 un mouvement social.\u00a0<\/p>\n<p>UN VERROUILLAGE EN PLEIN \u00ab\u00a0TOURNANT DE LA RIGUEUR\u00a0\u00bb<\/p>\n<p style=\"text-align: justify;\">La note encadrant le droit de gr\u00e8ve pour les agents date de 2016. Un verrouillage des contestations intervenu l&rsquo;ann\u00e9e o\u00f9 les Verts\/LFI ont rompu avec leurs id\u00e9aux de campagne de gauche puisque c&rsquo;est celle du plan d&rsquo;aust\u00e9rit\u00e9 qui a profond\u00e9ment fractur\u00e9 la municipalit\u00e9 (fermeture de biblioth\u00e8ques, r\u00e9duction du service de sant\u00e9 scolaire&#8230;) et conduit \u00e0 des multiples manifestations devant le conseil municipal, qui s&rsquo;est tenu plusieurs fois sous encadrement des CRS. Le tournant de la rigueur piolliste, qui n&rsquo;a servi \u00e0 rien <a href=\"https:\/\/grenoble-le-changement.fr\/2025\/10\/10\/crise-financiere-les-propositions-alain-carignon-pour-eviter-la-hausse-dimpots\/\" target=\"_blank\" rel=\"noopener\">vu l&rsquo;\u00e9tat financier de la ville 10 ans apr\u00e8s.<\/a><\/p>\n<p><a href=\"https:\/\/grenoble-le-changement.fr\/wp-content\/uploads\/2024\/12\/crs-bibli.png\" rel=\"lightbox[85870] noopener\" target=\"_blank\"><img loading=\"lazy\" decoding=\"async\" class=\" wp-image-78671 jetpack-lazy-image\" src=\"https:\/\/grenoble-le-changement.fr\/wp-content\/uploads\/2024\/12\/crs-bibli-300x167.png\" alt=\"\" width=\"631\" height=\"351\" data-lazy-src=\"https:\/\/www.europesays.com\/fr\/wp-content\/uploads\/2025\/11\/crs-bibli-300x167.png\" \/><\/a>Les CRS pour prot\u00e9ger le conseil municipal des \u00e9lus Verts\/LFI qui ne manquent pas une occasion de d\u00e9verser leur fiel sur la police<br \/>\nLES VERTS\/LFI JOUENT SUR LA PR\u00c9CARIT\u00c9 DES AGENTS<\/p>\n<p style=\"text-align: justify;\">Le verrouillage a alors \u00e9t\u00e9 pens\u00e9e pour casser les contestations contre la politique municipale. La note de restriction a \u00e9t\u00e9 prise juste apr\u00e8s des gr\u00e8ves rassemblant 400 personnes dans les \u00e9coles. Les agents concern\u00e9s per\u00e7oivent des salaires assez modestes : le fait de pouvoir faire gr\u00e8ve pendant quelques heures seulement leur permettait de ne pas perdre la totalit\u00e9 du salaire de la journ\u00e9e, ce que beaucoup ne peuvent \u00e9videmment pas se permettre. Les Verts\/LFI qui ont pris cette d\u00e9cision le savent pertinemment et jouent sur leur pr\u00e9carit\u00e9 pour \u00e9touffer les mouvements de contestations.<\/p>\n<p>UN NOUVEAU RECOURS CONTRE LA VILLE<\/p>\n<p style=\"text-align: justify;\">Face \u00e0 une restriction qu&rsquo;il estime discriminatoire, le syndicat Sud a donc d\u00e9pos\u00e9 un recours devant le tribunal administratif de Grenoble. Des pr\u00e9c\u00e9dents de plusieurs autres tribunaux vont dans son sens mais <a href=\"https:\/\/grenoble-le-changement.fr\/2021\/12\/31\/pierre-meriaux-larrogance-dans-la-mediocrite\/\" target=\"_blank\" rel=\"noopener\">l&rsquo;adjoint en charge du personnel Pierre M\u00e9riaux (Verts\/ADES)<\/a> va quand m\u00eame \u00e0 la confrontation juridique (la sp\u00e9cialit\u00e9 de cette municipalit\u00e9 incapable de dialoguer). Il balaye nonchalamment : \u00ab\u00a0peut-\u00eatre que celui de Grenoble ira dans un autre\u2026\u00a0\u00bb. Apr\u00e8s tout \u00e7a ne lui co\u00fbte rien, ce n&rsquo;est que la ville (le contribuable grenoblois) qui payera les frais de justice.<\/p>\n<p><a href=\"https:\/\/grenoble-le-changement.fr\/wp-content\/uploads\/2025\/07\/Capture-de\u0301cran-2025-07-20-a\u0300-11.49.41.png\" rel=\"lightbox[85870] noopener\" target=\"_blank\"><img loading=\"lazy\" decoding=\"async\" class=\" wp-image-83421 jetpack-lazy-image\" src=\"https:\/\/grenoble-le-changement.fr\/wp-content\/uploads\/2025\/07\/Capture-de\u0301cran-2025-07-20-a\u0300-11.49.41-300x231.png\" alt=\"\" width=\"612\" height=\"471\" data-lazy-src=\"https:\/\/www.europesays.com\/fr\/wp-content\/uploads\/2025\/11\/Capture-de\u0301cran-2025-07-20-a\u0300-11.49.41-300x231.png\" \/><\/a>Les Verts\/LFI en sont \u00e0 un tel ent\u00eatement qu&rsquo;ils attaquent leurs agents municipaux devant les tribunaux&#8230; jusqu&rsquo;au conseil d&rsquo;\u00c9tat\u00a0<br \/>\nPIERRE M\u00c9RIAUX (VERTS\/ADES) FAIT MONTRE DE SON M\u00c9PRIS HABITUEL<\/p>\n<p style=\"text-align: justify;\">Dans le Dauphin\u00e9, le catastrophique adjoint r\u00e9pond avec son m\u00e9pris habituel au syndicat. Pour lui il s&rsquo;agit d&rsquo;un \u00ab\u00a0sujet tr\u00e8s marginal\u00a0\u00bb (les agents les plus pr\u00e9caires restreint dans l&rsquo;exercice de leur droit de gr\u00e8ve appr\u00e9cieront). Il se livre \u00e0 des calculs d&rsquo;apothicaires pour d\u00e9l\u00e9gitimer la demande, expliquant en creux que le syndicat n&rsquo;est pas repr\u00e9sentatif en se basant sur l&rsquo;abstention aux \u00e9lections professionnelles. Oubliant un peu vite que les municipales qui ont vu Piolle \u00e9lu <a href=\"https:\/\/grenoble-le-changement.fr\/2020\/06\/30\/la-liste-carignon-seule-a-progresser-en-voix\/\" target=\"_blank\" rel=\"noopener\">se sont jou\u00e9es avec 60% d&rsquo;abstentionnistes<\/a>&#8230;<\/p>\n<p>L&rsquo;ADJOINT PR\u00c9POS\u00c9 AU VERROUILLAGE DES AGENTS<\/p>\n<p style=\"text-align: justify;\">C&rsquo;est la m\u00e9thode M\u00e9riaux : le m\u00e9pris et le verrouillage. Celui qui est en charge \u00ab\u00a0du personnel et du dialogue social\u00a0\u00bb dans le syst\u00e8me Piolle a pass\u00e9 le mandat&#8230; \u00e0 emp\u00eacher ce dialogue. Il n&rsquo;y a jamais eu autant de proc\u00e9dures en justice, <a href=\"https:\/\/grenoble-le-changement.fr\/2025\/08\/22\/policier-municipal-la-municipalite-fait-appel-au-conseil-detat-pour-le-sanctionner\/\" target=\"_blank\" rel=\"noopener\">de la ville contre ses agents<\/a>, d&rsquo;agents l\u00e9s\u00e9s contre la ville parce qu&rsquo;il n&rsquo;y a aucun espace d&rsquo;entente avec l&rsquo;adjoint. Le m\u00eame M\u00e9riaux, ex inspecteur du travail de son \u00e9tat, ne manquant en parall\u00e8le pas de mots assez durs pour fustiger la politique sociale de Macron.\u00a0<\/p>\n<p><a href=\"https:\/\/grenoble-le-changement.fr\/wp-content\/uploads\/2021\/12\/meriaux.png\" rel=\"lightbox[85870] noopener\" target=\"_blank\"><img loading=\"lazy\" decoding=\"async\" class=\" wp-image-51031 jetpack-lazy-image\" src=\"https:\/\/grenoble-le-changement.fr\/wp-content\/uploads\/2021\/12\/meriaux-296x300.png\" alt=\"\" width=\"550\" height=\"557\" data-lazy-src=\"https:\/\/www.europesays.com\/fr\/wp-content\/uploads\/2025\/11\/meriaux-296x300.png\" \/><\/a>Pierre M\u00e9riaux, l&rsquo;un des plus z\u00e9l\u00e9s ex\u00e9cutants du syst\u00e8me Piolle<br \/>\nL&rsquo;INCARNATION DE L&rsquo;HYPOCRISIE PIOLLESQUE<\/p>\n<p style=\"text-align: justify;\">Il n&rsquo;est pas \u00e0 une contradiction pr\u00e8s. Comme ses coll\u00e8gues, c&rsquo;est un grand promoteur de la densification de la ville, <a href=\"https:\/\/grenoble-le-changement.fr\/2025\/07\/29\/la-liste-ruffin-verts-lfi-annonce-5000-hlm-supplementaires-a-grenoble\/\" target=\"_blank\" rel=\"noopener\">du toujours plus de b\u00e9ton avec toujours plus de logements sociaux<\/a>. Mais lui-m\u00eame n&rsquo;habite pas les quartiers que les Verts\/LFI construisent, o\u00f9 personne ne souhaite aller. Il profite d&rsquo;une confortable maison individuelle dans un quartier construit par les municipalit\u00e9s Carignon, avec espaces verts, diversit\u00e9 des habitations et taux raisonnable de logement social. Le logement et les quartiers que les \u00e9lus piollistes promeuvent, c&rsquo;est bon pour les gueux, pas pour ces messieurs dames.\u00a0<\/p>\n<p>\u00ab\u00a0ON N&rsquo;EST PLUS DU M\u00caME C\u00d4T\u00c9 DE LA BARRICADE\u00a0\u00bb<\/p>\n<p style=\"text-align: justify;\">La syndicaliste Nadia Sahl fait part de toute sa d\u00e9ception <a target=\"_blank\" href=\"https:\/\/c.ledauphine.com\/social\/2025\/10\/28\/isere-grenoble-pour-le-syndicat-sud-la-ville-porte-atteinte-au-droit-de-greve-du-personnel-des-ecoles-ils-agissent-comme-les-pires-des-macronistes\" rel=\"noopener\">\u00e0 Benoit Bouy du Dauphin\u00e9 Lib\u00e9r\u00e9<\/a> : \u00ab\u00a0politiquement, on y a cru. Parce que sur le papier, on est \u00e9videmment plus proches d\u2019eux que d\u2019autres groupes politiques. Mais ils agissent comme les pires des macronistes\u00a0\u00bb. Concluant :\u00a0\u00ab\u00a0\u00e0 la prochaine manif, \u00e7a ne sert \u00e0 rien qu\u2019ils viennent avec nous, on n\u2019est plus du m\u00eame c\u00f4t\u00e9 de la barricade\u00a0\u00bb. Le divorce est d\u00e9sormais enti\u00e8rement consomm\u00e9 avec les Verts\/LFI qui r\u00e9ussissent l&rsquo;exploit de se mettre \u00e0 dos \u00e0 peu pr\u00e8s tout ce qu&rsquo;il y a \u00e0 gauche.<\/p>\n<p>ALLAN BRUNON (LFI) : \u00ab\u00a0UNE FAUTE MORALE ET POLITIQUE GRAVE\u00a0\u00bb<\/p>\n<p style=\"text-align: justify;\">Allan Brunon, le candidat LFI h\u00e9ritier du bilan des mandats Piolle comme Ruffin, mais qui fait bande \u00e0 part en tentant de faire oublier que son parti a co dirig\u00e9 la ville 12 ans, tente aussi d&rsquo;instrumentaliser l&rsquo;affaire contre les Verts. <a target=\"_blank\" href=\"https:\/\/www.facebook.com\/allan.brunon.1\" rel=\"noopener\">Sur Facebook<\/a> il s&rsquo;attaque directement \u00e0 l&rsquo;adjoint et au Maire, estimant que \u00ab\u00a0restreindre ce droit pour des agent-es de la Ville et les d\u00e9nigrer comme le fait Pierre Meriaux, adjoint d\u2019\u00c9ric Piolle est une faute morale et politique grave\u00a0\u00bb. Le bateau ivre de la gauche grenobloise continue de se disloquer.<\/p>\n<p><a href=\"https:\/\/grenoble-le-changement.fr\/wp-content\/uploads\/2025\/09\/brunon-martin-lfi-candidats-1.jpeg\" rel=\"lightbox[85870] noopener\" target=\"_blank\"><img loading=\"lazy\" decoding=\"async\" class=\" wp-image-84870 jetpack-lazy-image\" src=\"https:\/\/grenoble-le-changement.fr\/wp-content\/uploads\/2025\/09\/brunon-martin-lfi-candidats-1-300x225.jpeg\" alt=\"\" width=\"599\" height=\"449\" data-lazy-src=\"https:\/\/www.europesays.com\/fr\/wp-content\/uploads\/2025\/09\/brunon-martin-lfi-candidats-1-300x225.jpeg\" \/><\/a>Allan Brunon (LFI) tente de capitaliser sur le rejet des Piollistes par la gauche. Mais LFI a vot\u00e9 tout comme les Verts pendant 12 ans et exerc\u00e9 des fonctions de premier plan, notamment sa colisti\u00e8re la d\u00e9put\u00e9e Elisa Martin (\u00e0 gauche) qui fut 1\u00e8re adjointe en charge des quartiers populaires, pr\u00e9sidente du bailleur social ACTIS&#8230;<br \/>\nUNE MUNICIPALIT\u00c9 DE CLASSE<\/p>\n<p style=\"text-align: justify;\">De toute part on peut d\u00e9sormais le v\u00e9rifier : la municipalit\u00e9 Verts\/LFI aura \u00e9t\u00e9 une municipalit\u00e9 de classe, au service d&rsquo;une seule cat\u00e9gorie de population, tr\u00e8s privil\u00e9gi\u00e9e (le sondage de Cluster17 atteste que Laurence Ruffin trouve ses partisans quasi uniquement dans les CSP++). Une municipalit\u00e9 qui se fout de la pr\u00e9carit\u00e9, qu&rsquo;elle soit celle de ses agents qui ont des revendications \u00e0 faire entendre, ou celle des Grenoblois les moins ais\u00e9s, qui sont abandonn\u00e9s \u00e0 leur sort <a href=\"https:\/\/grenoble-le-changement.fr\/2025\/10\/31\/village-olympique-une-tour-victime-de-la-paralysie-ville-metropole\/\" target=\"_blank\" rel=\"noopener\">comme on l&rsquo;a encore r\u00e9cemment vu au Village Olympique<\/a>.<\/p>\n<p style=\"text-align: justify;\">Un d\u00e9sint\u00e9r\u00eat pour les plus fragiles qui se poursuivra avec Laurence Ruffin, la marie-chantal d\u00e9connect\u00e9e. Et qui cr\u00e9dibilise d&rsquo;autant plus l&rsquo;existence du groupe \u00ab\u00a0La Gauche qui Agit\u00a0\u00bb, engag\u00e9 aux c\u00f4t\u00e9s d&rsquo;Alain Carignon et du collectif R\u00e9concilier Grenoble pour que Grenoble soit v\u00e9ritablement une ville qui se pr\u00e9occupe de chacun. Et pas seulement de quelques uns.<\/p>\n","protected":false},"excerpt":{"rendered":"Posted On 1 novembre 2025 Tout se d\u00e9lite pour le camp Piolle\/Ruffin. Non seulement la campagne des Verts&hellip;\n","protected":false},"author":2,"featured_media":506155,"comment_status":"","ping_status":"","sticky":false,"template":"","format":"standard","meta":{"footnotes":""},"categories":[9566],"tags":[1111,11,9601,27721,2430,62781,10131,9607,1777,674,1011,27,2731,10136,62782,12,16650,25],"class_list":{"0":"post-506154","1":"post","2":"type-post","3":"status-publish","4":"format-standard","5":"has-post-thumbnail","7":"category-grenoble","8":"tag-actu","9":"tag-actualites","10":"tag-alain-carignon","11":"tag-allan-brunon","12":"tag-auvergne-rhone-alpes","13":"tag-benoit-bouy","14":"tag-elisa-martin","15":"tag-eric-piolle","16":"tag-eu","17":"tag-europe","18":"tag-fr","19":"tag-france","20":"tag-grenoble","21":"tag-laurence-ruffin","22":"tag-nadia-sahl","23":"tag-news","24":"tag-pierre-meriaux","25":"tag-republique-francaise"},"share_on_mastodon":{"url":"","error":""},"_links":{"self":[{"href":"https:\/\/www.europesays.com\/fr\/wp-json\/wp\/v2\/posts\/506154","targetHints":{"allow":["GET"]}}],"collection":[{"href":"https:\/\/www.europesays.com\/fr\/wp-json\/wp\/v2\/posts"}],"about":[{"href":"https:\/\/www.europesays.com\/fr\/wp-json\/wp\/v2\/types\/post"}],"author":[{"embeddable":true,"href":"https:\/\/www.europesays.com\/fr\/wp-json\/wp\/v2\/users\/2"}],"replies":[{"embeddable":true,"href":"https:\/\/www.europesays.com\/fr\/wp-json\/wp\/v2\/comments?post=506154"}],"version-history":[{"count":0,"href":"https:\/\/www.europesays.com\/fr\/wp-json\/wp\/v2\/posts\/506154\/revisions"}],"wp:featuredmedia":[{"embeddable":true,"href":"https:\/\/www.europesays.com\/fr\/wp-json\/wp\/v2\/media\/506155"}],"wp:attachment":[{"href":"https:\/\/www.europesays.com\/fr\/wp-json\/wp\/v2\/media?parent=506154"}],"wp:term":[{"taxonomy":"category","embeddable":true,"href":"https:\/\/www.europesays.com\/fr\/wp-json\/wp\/v2\/categories?post=506154"},{"taxonomy":"post_tag","embeddable":true,"href":"https:\/\/www.europesays.com\/fr\/wp-json\/wp\/v2\/tags?post=506154"}],"curies":[{"name":"wp","href":"https:\/\/api.w.org\/{rel}","templated":true}]}}