{"id":506157,"date":"2025-11-02T06:24:15","date_gmt":"2025-11-02T06:24:15","guid":{"rendered":"https:\/\/www.europesays.com\/fr\/506157\/"},"modified":"2025-11-02T06:24:15","modified_gmt":"2025-11-02T06:24:15","slug":"deux-blesses-dont-un-pompier-dans-un-incendie-a-rennes","status":"publish","type":"post","link":"https:\/\/www.europesays.com\/fr\/506157\/","title":{"rendered":"Deux bless\u00e9s, dont un pompier, dans un incendie \u00e0 Rennes"},"content":{"rendered":"<p>Peu avant 22 h, ce samedi, un incendie s\u2019est d\u00e9clar\u00e9 dans un immeuble de cinq \u00e9tages de l\u2019avenue Germaine-Dulac, \u00e0 Rennes. Un incendie qui a pris dans un appartement occup\u00e9 par trois personnes. Deux d\u2019entre elles sont indemnes ; la troisi\u00e8me, une femme de 49 ans, en \u00e9tat d\u2019urgence relative, a \u00e9t\u00e9 transport\u00e9e \u00e0 l\u2019h\u00f4pital Pontchaillou, tout comme un pompier, bless\u00e9 lors d\u2019une phase d\u2019attaque du feu.<\/p>\n<p>Au total, 25 pompiers ont \u00e9t\u00e9 mobilis\u00e9s et un relogement est n\u00e9cessaire.<\/p>\n","protected":false},"excerpt":{"rendered":"Peu avant 22 h, ce samedi, un incendie s\u2019est d\u00e9clar\u00e9 dans un immeuble de cinq \u00e9tages de l\u2019avenue&hellip;\n","protected":false},"author":2,"featured_media":506158,"comment_status":"","ping_status":"","sticky":false,"template":"","format":"standard","meta":{"footnotes":""},"categories":[2821],"tags":[1111,11,829,765,1777,674,118,1011,27,5383,12,584,25],"class_list":{"0":"post-506157","1":"post","2":"type-post","3":"status-publish","4":"format-standard","5":"has-post-thumbnail","7":"category-rennes","8":"tag-actu","9":"tag-actualites","10":"tag-bretagne","11":"tag-en-continu","12":"tag-eu","13":"tag-europe","14":"tag-faits-divers","15":"tag-fr","16":"tag-france","17":"tag-incendies","18":"tag-news","19":"tag-rennes","20":"tag-republique-francaise"},"share_on_mastodon":{"url":"https:\/\/pubeurope.com\/@fr\/115478676414371767","error":""},"_links":{"self":[{"href":"https:\/\/www.europesays.com\/fr\/wp-json\/wp\/v2\/posts\/506157","targetHints":{"allow":["GET"]}}],"collection":[{"href":"https:\/\/www.europesays.com\/fr\/wp-json\/wp\/v2\/posts"}],"about":[{"href":"https:\/\/www.europesays.com\/fr\/wp-json\/wp\/v2\/types\/post"}],"author":[{"embeddable":true,"href":"https:\/\/www.europesays.com\/fr\/wp-json\/wp\/v2\/users\/2"}],"replies":[{"embeddable":true,"href":"https:\/\/www.europesays.com\/fr\/wp-json\/wp\/v2\/comments?post=506157"}],"version-history":[{"count":0,"href":"https:\/\/www.europesays.com\/fr\/wp-json\/wp\/v2\/posts\/506157\/revisions"}],"wp:featuredmedia":[{"embeddable":true,"href":"https:\/\/www.europesays.com\/fr\/wp-json\/wp\/v2\/media\/506158"}],"wp:attachment":[{"href":"https:\/\/www.europesays.com\/fr\/wp-json\/wp\/v2\/media?parent=506157"}],"wp:term":[{"taxonomy":"category","embeddable":true,"href":"https:\/\/www.europesays.com\/fr\/wp-json\/wp\/v2\/categories?post=506157"},{"taxonomy":"post_tag","embeddable":true,"href":"https:\/\/www.europesays.com\/fr\/wp-json\/wp\/v2\/tags?post=506157"}],"curies":[{"name":"wp","href":"https:\/\/api.w.org\/{rel}","templated":true}]}}