{"id":506159,"date":"2025-11-02T06:25:09","date_gmt":"2025-11-02T06:25:09","guid":{"rendered":"https:\/\/www.europesays.com\/fr\/506159\/"},"modified":"2025-11-02T06:25:09","modified_gmt":"2025-11-02T06:25:09","slug":"les-bains-municipaux-de-strasbourg-organisent-plein-dactivites-pour-noel-voici-celles-qui-seront-gratuites","status":"publish","type":"post","link":"https:\/\/www.europesays.com\/fr\/506159\/","title":{"rendered":"Les Bains municipaux de Strasbourg organisent plein d\u2019activit\u00e9s pour No\u00ebl, voici celles qui seront gratuites"},"content":{"rendered":"<p>            Par<br \/>\n        <strong><br \/>\n            <a href=\"https:\/\/actu.fr\/auteur\/thomas-blanc\" title=\"Consulter tous les articles de Thomas Blanc\" rel=\"nofollow noopener\" target=\"_blank\">Thomas Blanc<\/a><br \/>\n        <\/strong><\/p>\n<p>        Publi\u00e9 le<\/p>\n<p>            2 nov. 2025 \u00e0 7h00        <\/p>\n<p>Les Bains municipaux de <a href=\"https:\/\/actu.fr\/strasbourg\/\" rel=\"nofollow noopener\" target=\"_blank\">Strasbourg<\/a> vont participer aux f\u00eates de fin d\u2019ann\u00e9e en organisant <strong>plusieurs \u00e9v\u00e9nements<\/strong> en leur sein jusqu\u2019\u00e0 <a href=\"https:\/\/actu.fr\/tag\/noel\" rel=\"nofollow noopener\" target=\"_blank\">No\u00ebl<\/a>. Ils se d\u00e9rouleront tous entre le <strong>22\u00a0novembre et le 28\u00a0d\u00e9cembre<\/strong> dans l\u2019enceinte des bains, au 10 boulevard de la Victoire.<\/p>\n<p class=\" wall-content\">Actu Strasbourg a s\u00e9lectionn\u00e9 les activit\u00e9s qui seront <strong>propos\u00e9es gratuitement<\/strong>.<\/p>\n<p>Des ateliers et des concerts gratuits aux Bains municipaux de Strasbourg<\/p>\n<p class=\" wall-content\">L\u2019ouverture de cette p\u00e9riode de f\u00eate se fera avec l\u2019illumination du grand sapin de No\u00ebl et <strong>le concert de la chorale Pelicanto<\/strong> pr\u00e9vus le <strong>22\u00a0novembre \u00e0 20h<\/strong>. Assister \u00e0 cette premi\u00e8re soir\u00e9e sera <strong>gratuit.<\/strong><\/p>\n<p class=\" wall-content\">Les mercredis <strong>26\u00a0novembre et 10\u00a0d\u00e9cembre<\/strong>, de 14h30 \u00e0 17h30, les Bains municipaux de Strasbourg organiseront <strong>deux journ\u00e9es solidaires<\/strong> de No\u00ebl d\u00e9di\u00e9es aux personnes en situation de pr\u00e9carit\u00e9.<\/p>\n<p class=\" wall-content\">Au programme\u2009: acc\u00e8s aux douches, coupe de cheveux propos\u00e9e par les \u00e9l\u00e8ves des lyc\u00e9es Jean Geiler et Oberlin et collation pr\u00e9par\u00e9e par les di\u00e9t\u00e9ticiennes des bains. Encore une fois gratuitement mais dans <strong>la limite des places disponibles<\/strong>, pensez donc \u00e0 appeler les bains au 03\u200968\u200971\u200993\u200993 ou \u00e0 \u00e9crire \u00e0 l\u2019adresse <a href=\"https:\/\/actu.fr\/cdn-cgi\/l\/email-protection\" class=\"__cf_email__\" data-cfemail=\"3f5d5e56514c524a51565c564f5e4a475b5a4c4b4d5e4c5d504a4d587f5a4e4a5e53565e11594d\" rel=\"nofollow noopener\" target=\"_blank\">[email\u00a0protected]<\/a>.<\/p>\n<p>Des s\u00e9ances d\u2019aquagym sp\u00e9ciales<\/p>\n<p class=\" wall-content\">Les mercredis <strong>3 et 10\u00a0d\u00e9cembre, de 15h \u00e0 17h<\/strong>, les enfants pourront participer \u00e0 des ateliers d\u2019\u00e9criture et de dessin, ouverts \u00e0 tous et <strong>gratuits<\/strong>. Pour <strong>r\u00e9server<\/strong> il faut \u00e9crire \u00e0 l\u2019adresse <a href=\"https:\/\/actu.fr\/cdn-cgi\/l\/email-protection\" class=\"__cf_email__\" data-cfemail=\"75185b111a181c1b1200100f3510040014191c145b1307\" rel=\"nofollow noopener\" target=\"_blank\">[email\u00a0protected]<\/a>.<\/p>\n<p>Votre r\u00e9gion, votre actu !<\/p>\n<p>Recevez chaque jour les infos qui comptent pour vous.<\/p>\n<p>\t<a href=\"https:\/\/actu.fr\/newsletter\" class=\"ac-btn ac-btn--corner ac-btn--medium ac-btn--blue800\" rel=\"nofollow noopener\" target=\"_blank\">S&rsquo;incrire<\/a><\/p>\n<p class=\" wall-content\">La derni\u00e8re activit\u00e9 de cette liste n\u2019est pas gratuite mais reste relativement accessible. Dans le courant du mois de d\u00e9cembre deux sessions \u00ab\u2009d<strong>\u2019aquagym de No\u00ebl<\/strong>\u2009\u00bb sont propos\u00e9es.\u00a0Les bassins seront <strong>d\u00e9cor\u00e9s pour les f\u00eates<\/strong>, et les <strong>ma\u00eetres-nageurs d\u00e9guis\u00e9s<\/strong>.<\/p>\n<p class=\" wall-content\">Le tarif est de <strong>12\u00a0euros par personne<\/strong>. Les s\u00e9ances auront lieu le vendredi 19 d\u00e9cembre \u00e0 18h30 et le samedi 27 d\u00e9cembre \u00e0 16h30 et vous pourrez venir accompagn\u00e9 d\u2019un enfant de moins de 16 ans, sans suppl\u00e9ment. <strong>R\u00e9servation sur le site des bains municipaux<\/strong> de Strasbourg.<\/p>\n<p class=\" wall-content\">Personnalisez votre actualit\u00e9 en ajoutant vos villes et m\u00e9dias en favori avec <a href=\"https:\/\/moncompte.actu.fr\" title=\"D\u00e9couvez Mon Actu\" rel=\"nofollow noopener\" data-trk=\"{&quot;cta&quot;:{&quot;action&quot;:&quot;https:\\\/\\\/moncompte.actu.fr&quot;,&quot;category&quot;:&quot;mon compte&quot;,&quot;from&quot;:&quot;article footer&quot;,&quot;name&quot;:&quot;Mon actu&quot;,&quot;type&quot;:&quot;cta&quot;}}\" target=\"_blank\">Mon Actu<\/a>.<\/p>\n","protected":false},"excerpt":{"rendered":"Par Thomas Blanc Publi\u00e9 le 2 nov. 2025 \u00e0 7h00 Les Bains municipaux de Strasbourg vont participer aux&hellip;\n","protected":false},"author":2,"featured_media":506160,"comment_status":"","ping_status":"","sticky":false,"template":"","format":"standard","meta":{"footnotes":""},"categories":[2820],"tags":[1111,11,1063,4983,1777,674,1011,27,775,1305,12,15830,25,640],"class_list":{"0":"post-506159","1":"post","2":"type-post","3":"status-publish","4":"format-standard","5":"has-post-thumbnail","7":"category-strasbourg","8":"tag-actu","9":"tag-actualites","10":"tag-animations","11":"tag-bien-etre","12":"tag-eu","13":"tag-europe","14":"tag-fr","15":"tag-france","16":"tag-grand-est","17":"tag-lifestyle","18":"tag-news","19":"tag-noel","20":"tag-republique-francaise","21":"tag-strasbourg"},"share_on_mastodon":{"url":"https:\/\/pubeurope.com\/@fr\/115478680337631922","error":""},"_links":{"self":[{"href":"https:\/\/www.europesays.com\/fr\/wp-json\/wp\/v2\/posts\/506159","targetHints":{"allow":["GET"]}}],"collection":[{"href":"https:\/\/www.europesays.com\/fr\/wp-json\/wp\/v2\/posts"}],"about":[{"href":"https:\/\/www.europesays.com\/fr\/wp-json\/wp\/v2\/types\/post"}],"author":[{"embeddable":true,"href":"https:\/\/www.europesays.com\/fr\/wp-json\/wp\/v2\/users\/2"}],"replies":[{"embeddable":true,"href":"https:\/\/www.europesays.com\/fr\/wp-json\/wp\/v2\/comments?post=506159"}],"version-history":[{"count":0,"href":"https:\/\/www.europesays.com\/fr\/wp-json\/wp\/v2\/posts\/506159\/revisions"}],"wp:featuredmedia":[{"embeddable":true,"href":"https:\/\/www.europesays.com\/fr\/wp-json\/wp\/v2\/media\/506160"}],"wp:attachment":[{"href":"https:\/\/www.europesays.com\/fr\/wp-json\/wp\/v2\/media?parent=506159"}],"wp:term":[{"taxonomy":"category","embeddable":true,"href":"https:\/\/www.europesays.com\/fr\/wp-json\/wp\/v2\/categories?post=506159"},{"taxonomy":"post_tag","embeddable":true,"href":"https:\/\/www.europesays.com\/fr\/wp-json\/wp\/v2\/tags?post=506159"}],"curies":[{"name":"wp","href":"https:\/\/api.w.org\/{rel}","templated":true}]}}