{"id":506161,"date":"2025-11-02T06:26:16","date_gmt":"2025-11-02T06:26:16","guid":{"rendered":"https:\/\/www.europesays.com\/fr\/506161\/"},"modified":"2025-11-02T06:26:16","modified_gmt":"2025-11-02T06:26:16","slug":"strasbourg-le-cafe-de-leglise-saint-paul-rouvrira-en-2026-et-cette-fois-ci-de-facon-definitive","status":"publish","type":"post","link":"https:\/\/www.europesays.com\/fr\/506161\/","title":{"rendered":"Strasbourg. Le caf\u00e9 de l&rsquo;\u00e9glise Saint-Paul\u00a0rouvrira en 2026&#8230; et cette fois-ci de fa\u00e7on d\u00e9finitive"},"content":{"rendered":"<p>Le Caf\u00e9 Saint-Paul va rouvrir\u00a0! Et de mani\u00e8re p\u00e9renne, cette fois. La paroisse protestante r\u00e9form\u00e9e en a pris la d\u00e9cision dans la foul\u00e9e de l\u2019exp\u00e9rience de l\u2019an dernier.<\/p>\n<p><a href=\"https:\/\/www.dna.fr\/economie\/2024\/12\/03\/un-cafe-a-ouvert-dans-l-eglise-protestante-saint-paul\" target=\"_blank\" rel=\"noopener\">Pens\u00e9 comme \u00e9ph\u00e9m\u00e8re en d\u00e9cembre\u00a02024<\/a> , il a march\u00e9 au-del\u00e0 des esp\u00e9rances\ufeff\u00a0: \u00ab\u00a0\u00c7a a \u00e9t\u00e9 un succ\u00e8s de fr\u00e9quentation (*), mais aussi de partenariat, sourit la pasteure Marie-Claire Gaudelet. Nous avons d\u00fb \u00e9largir l\u2019espace de cinq \u00e0 six tables et un fleuriste s\u2019est spontan\u00e9ment tourn\u00e9 vers nous en sus du torr\u00e9facteur ou de la p\u00e2tissi\u00e8re.\u00a0\u00bb<\/p>\n<p>Des \u00e9tapes r\u00e9glementaires<\/p>\n<p>Le concept, in\u00e9dit, avait valeur de test\u00a0et, au printemps, \u00e0 la faveur du passage trisannuel&#8230;<\/p>\n","protected":false},"excerpt":{"rendered":"Le Caf\u00e9 Saint-Paul va rouvrir\u00a0! Et de mani\u00e8re p\u00e9renne, cette fois. La paroisse protestante r\u00e9form\u00e9e en a pris&hellip;\n","protected":false},"author":2,"featured_media":506162,"comment_status":"","ping_status":"","sticky":false,"template":"","format":"standard","meta":{"footnotes":""},"categories":[2820],"tags":[1111,11,4749,4406,4523,1687,33,2880,1777,674,107,1011,27,775,1757,12,2661,5889,25,104,640,2879,1631],"class_list":{"0":"post-506161","1":"post","2":"type-post","3":"status-publish","4":"format-standard","5":"has-post-thumbnail","7":"category-strasbourg","8":"tag-actu","9":"tag-actualites","10":"tag-btp-et-chantiers","11":"tag-commerce-et-services","12":"tag-conseils-pratiques","13":"tag-culture-loisirs","14":"tag-economie","15":"tag-edition-strasbourg","16":"tag-eu","17":"tag-europe","18":"tag-fil-info","19":"tag-fr","20":"tag-france","21":"tag-grand-est","22":"tag-insolite","23":"tag-news","24":"tag-patrimoine-culturel","25":"tag-religion-croyance","26":"tag-republique-francaise","27":"tag-societe","28":"tag-strasbourg","29":"tag-strasbourg-ville","30":"tag-vie-associative"},"share_on_mastodon":{"url":"https:\/\/pubeurope.com\/@fr\/115478684207976722","error":""},"_links":{"self":[{"href":"https:\/\/www.europesays.com\/fr\/wp-json\/wp\/v2\/posts\/506161","targetHints":{"allow":["GET"]}}],"collection":[{"href":"https:\/\/www.europesays.com\/fr\/wp-json\/wp\/v2\/posts"}],"about":[{"href":"https:\/\/www.europesays.com\/fr\/wp-json\/wp\/v2\/types\/post"}],"author":[{"embeddable":true,"href":"https:\/\/www.europesays.com\/fr\/wp-json\/wp\/v2\/users\/2"}],"replies":[{"embeddable":true,"href":"https:\/\/www.europesays.com\/fr\/wp-json\/wp\/v2\/comments?post=506161"}],"version-history":[{"count":0,"href":"https:\/\/www.europesays.com\/fr\/wp-json\/wp\/v2\/posts\/506161\/revisions"}],"wp:featuredmedia":[{"embeddable":true,"href":"https:\/\/www.europesays.com\/fr\/wp-json\/wp\/v2\/media\/506162"}],"wp:attachment":[{"href":"https:\/\/www.europesays.com\/fr\/wp-json\/wp\/v2\/media?parent=506161"}],"wp:term":[{"taxonomy":"category","embeddable":true,"href":"https:\/\/www.europesays.com\/fr\/wp-json\/wp\/v2\/categories?post=506161"},{"taxonomy":"post_tag","embeddable":true,"href":"https:\/\/www.europesays.com\/fr\/wp-json\/wp\/v2\/tags?post=506161"}],"curies":[{"name":"wp","href":"https:\/\/api.w.org\/{rel}","templated":true}]}}