{"id":506167,"date":"2025-11-02T06:30:29","date_gmt":"2025-11-02T06:30:29","guid":{"rendered":"https:\/\/www.europesays.com\/fr\/506167\/"},"modified":"2025-11-02T06:30:29","modified_gmt":"2025-11-02T06:30:29","slug":"fc-nantes-fc-metz-cinq-choses-a-savoir-avant-le-match-des-jaune-et-vert","status":"publish","type":"post","link":"https:\/\/www.europesays.com\/fr\/506167\/","title":{"rendered":"FC Nantes &#8211; FC Metz : cinq choses \u00e0 savoir avant le match des Jaune et Vert"},"content":{"rendered":"<p>            Par<br \/>\n        <strong><br \/>\n            <a href=\"https:\/\/actu.fr\/auteur\/thomas-bernard\" title=\"Consulter tous les articles de Thomas Bernard\" target=\"_blank\" rel=\"noopener\">Thomas Bernard<\/a><br \/>\n        <\/strong><\/p>\n<p>        Publi\u00e9 le<\/p>\n<p>            2 nov. 2025 \u00e0 6h32        <\/p>\n<p>Quatre jours apr\u00e8s la d\u00e9faite face \u00e0 l\u2019AS Monaco (3-5), <a href=\"https:\/\/actu.fr\/tag\/fc-nantes\" target=\"_blank\" rel=\"noopener\">le FC Nantes<\/a> retrouve la pelouse du stade de la Beaujoire. <strong>Ce dimanche 2\u00a0novembre 2025, \u00e0 17h15<\/strong>, les Canaris re\u00e7oivent <a href=\"https:\/\/actu.fr\/tag\/fc-metz-thionville\" target=\"_blank\" rel=\"noopener\">le FC Metz<\/a> pour le compte de la 11e journ\u00e9e de Ligue\u00a01. Voici <strong>cinq choses \u00e0 retenir avant la rencontre<\/strong>.<\/p>\n<p>Des absents \u00e0 Nantes<\/p>\n<p class=\" wall-content\">Luis Castro devra faire sans plusieurs absents. En <a href=\"https:\/\/youtu.be\/MVrVjYr0K1g\" target=\"_blank\" rel=\"noopener\">conf\u00e9rence de presse d\u2019avant-match<\/a>, le technicien portugais a annonc\u00e9 le forfait de quatre joueurs\u2009: <strong>Mayckhel Lado<\/strong>, <strong>Hong Hyun-seok<\/strong>, <strong>Francis Coquelin<\/strong> et <strong>Johann Lepenant<\/strong>. L\u2019entra\u00eeneur nantais a \u00e9galement indiqu\u00e9 que <strong>Chidozie Awaziem<\/strong>, habituel titulaire en d\u00e9fense centrale, est incertain en raison d\u2019une fatigue musculaire.<\/p>\n<p>Poursuivre la progression dans le jeu<\/p>\n<p class=\" wall-content\">Malgr\u00e9 la d\u00e9faite face \u00e0 Monaco les Canaris ont \u00e9t\u00e9 applaudis par le public de la Beaujoire au coup de sifflet final. Les <strong>33\u2009653 spectateurs <\/strong>ont appr\u00e9ci\u00e9 la prestation des Jaune et Vert dans un match fou.<\/p>\n<p class=\" wall-content\">\n<p class=\" wall-content\">Depuis la victoire face au Paris FC lors de la 9e journ\u00e9e, les co\u00e9quipiers d\u2019Anthony Lopes sont plus dangereux sur le plan offensif. Un allant offensif qui a fragilis\u00e9 la structure d\u00e9fensive face \u00e0 Monaco. Les joueurs du Rocher ont inscrit trois buts en contre-attaque apr\u00e8s des pertes de balles nantaises.<\/p>\n<p class=\" wall-content\">\u00ab\u2009M\u00eame quand on perd, l\u2019\u00e9quipe cherche \u00e0 jouer. C\u2019est un tr\u00e8s bon aspect. Si cet aspect continue, c\u2019est \u00e0 moi en tant<strong> que coach de trouver la solution et chang\u00e9 des petits d\u00e9tails pour \u00e9quilibrer dans le match\u2009\u00bb<\/strong>, confiait Luis Castro, mercredi soir.<\/p>\n<p>Metz, concurrent direct pour le maintien<\/p>\n<p class=\" wall-content\">\u00c0 la fin de la 10e journ\u00e9e de Ligue\u00a01, le FC Nantes est class\u00e9 \u00e0 la 15e place du championnat avec 9 points, soit quatre points d\u2019avance sur le FC Metz, <strong>lanterne rouge du championnat de France<\/strong>.<\/p>\n<p>Votre r\u00e9gion, votre actu !<\/p>\n<p>Recevez chaque jour les infos qui comptent pour vous.<\/p>\n<p>\t<a href=\"https:\/\/actu.fr\/newsletter\" class=\"ac-btn ac-btn--corner ac-btn--medium ac-btn--blue800\" target=\"_blank\" rel=\"noopener\">S&rsquo;incrire<\/a><\/p>\n<p class=\" wall-content\">Mercredi dernier, les Lorrains ont remport\u00e9 leur premier match de la saison en battant Lens (2-0). Face aux Canaris, les Grenats seront priv\u00e9s de leur capitaine Gautier Hein, expuls\u00e9 apr\u00e8s avoir \u00e9cop\u00e9 d\u2019un second carton jaune lors de la c\u00e9l\u00e9bration de son doubl\u00e9.<\/p>\n<p>Le joueur \u00e0 suivre<\/p>\n<p class=\" wall-content\">Rayonnant face \u00e0 l\u2019AS Monaco, <strong>Matthis Abline<\/strong> sera l\u2019un des atouts du FC Nantes ce dimanche. Apr\u00e8s un \u00e9t\u00e9 mouvement\u00e9 li\u00e9 au mercato, le jeune papa a marqu\u00e9 son premier but de la saison face au Paris FC lors de son vingti\u00e8me tir.<\/p>\n<p class=\" wall-content\">\n<p class=\" wall-content\">Impliqu\u00e9 sur les trois buts des Canaris face \u00e0 l\u2019ASM, l\u2019attaquant a \u00e9t\u00e9 \u00e9lu joueur du mois par les supporters nantais.<\/p>\n<p>Le chiffre \u00e0 retenir\u2009: 46<\/p>\n<p class=\" wall-content\">Le match de dimanche sera la 46e confrontation en Ligue\u00a01 entre le FCN et le FC Metz. <strong>Le club nantais a remport\u00e9 22 des 45 rencontres pr\u00e9c\u00e9dentes<\/strong>. Lors de leur derni\u00e8re venue \u00e0 la Beaujoire, le 3\u00a0mars 2024, les Lorrains l\u2019avaient emport\u00e9 sur le score de 2 \u00e0 0.<\/p>\n<p class=\" wall-content\">Personnalisez votre actualit\u00e9 en ajoutant vos villes et m\u00e9dias en favori avec <a href=\"https:\/\/moncompte.actu.fr\" title=\"D\u00e9couvez Mon Actu\" rel=\"nofollow noopener\" data-trk=\"{&quot;cta&quot;:{&quot;action&quot;:&quot;https:\\\/\\\/moncompte.actu.fr&quot;,&quot;category&quot;:&quot;mon compte&quot;,&quot;from&quot;:&quot;article footer&quot;,&quot;name&quot;:&quot;Mon actu&quot;,&quot;type&quot;:&quot;cta&quot;}}\" target=\"_blank\">Mon Actu<\/a>.<\/p>\n","protected":false},"excerpt":{"rendered":"Par Thomas Bernard Publi\u00e9 le 2 nov. 2025 \u00e0 6h32 Quatre jours apr\u00e8s la d\u00e9faite face \u00e0 l\u2019AS&hellip;\n","protected":false},"author":2,"featured_media":506168,"comment_status":"","ping_status":"","sticky":false,"template":"","format":"standard","meta":{"footnotes":""},"categories":[2818],"tags":[1111,11,1777,674,8113,462,63,1011,27,766,12,2636,25,60],"class_list":{"0":"post-506167","1":"post","2":"type-post","3":"status-publish","4":"format-standard","5":"has-post-thumbnail","7":"category-nantes","8":"tag-actu","9":"tag-actualites","10":"tag-eu","11":"tag-europe","12":"tag-fc-metz","13":"tag-fc-nantes","14":"tag-football","15":"tag-fr","16":"tag-france","17":"tag-nantes","18":"tag-news","19":"tag-pays-de-la-loire","20":"tag-republique-francaise","21":"tag-sports"},"share_on_mastodon":{"url":"https:\/\/pubeurope.com\/@fr\/115478699950005245","error":""},"_links":{"self":[{"href":"https:\/\/www.europesays.com\/fr\/wp-json\/wp\/v2\/posts\/506167","targetHints":{"allow":["GET"]}}],"collection":[{"href":"https:\/\/www.europesays.com\/fr\/wp-json\/wp\/v2\/posts"}],"about":[{"href":"https:\/\/www.europesays.com\/fr\/wp-json\/wp\/v2\/types\/post"}],"author":[{"embeddable":true,"href":"https:\/\/www.europesays.com\/fr\/wp-json\/wp\/v2\/users\/2"}],"replies":[{"embeddable":true,"href":"https:\/\/www.europesays.com\/fr\/wp-json\/wp\/v2\/comments?post=506167"}],"version-history":[{"count":0,"href":"https:\/\/www.europesays.com\/fr\/wp-json\/wp\/v2\/posts\/506167\/revisions"}],"wp:featuredmedia":[{"embeddable":true,"href":"https:\/\/www.europesays.com\/fr\/wp-json\/wp\/v2\/media\/506168"}],"wp:attachment":[{"href":"https:\/\/www.europesays.com\/fr\/wp-json\/wp\/v2\/media?parent=506167"}],"wp:term":[{"taxonomy":"category","embeddable":true,"href":"https:\/\/www.europesays.com\/fr\/wp-json\/wp\/v2\/categories?post=506167"},{"taxonomy":"post_tag","embeddable":true,"href":"https:\/\/www.europesays.com\/fr\/wp-json\/wp\/v2\/tags?post=506167"}],"curies":[{"name":"wp","href":"https:\/\/api.w.org\/{rel}","templated":true}]}}