{"id":506179,"date":"2025-11-02T06:37:10","date_gmt":"2025-11-02T06:37:10","guid":{"rendered":"https:\/\/www.europesays.com\/fr\/506179\/"},"modified":"2025-11-02T06:37:10","modified_gmt":"2025-11-02T06:37:10","slug":"marseille-certaines-personnes-exclues-de-cette-cathedrale-tres-visitee-le-prefet-condamne","status":"publish","type":"post","link":"https:\/\/www.europesays.com\/fr\/506179\/","title":{"rendered":"Marseille. Certaines personnes exclues de cette cath\u00e9drale tr\u00e8s visit\u00e9e, le pr\u00e9fet condamn\u00e9"},"content":{"rendered":"<p>            Par<br \/>\n        <strong><br \/>\n            <a href=\"https:\/\/actu.fr\/auteur\/redaction-marseille\" title=\"Consulter tous les articles de R\u00e9daction Marseille\" target=\"_blank\" rel=\"noopener\">R\u00e9daction Marseille<\/a><br \/>\n        <\/strong><\/p>\n<p>        Publi\u00e9 le<\/p>\n<p>            2 nov. 2025 \u00e0 6h20        <\/p>\n<p>Le juge des r\u00e9f\u00e9r\u00e9s du tribunal de <a href=\"https:\/\/actu.fr\/marseille\/\" target=\"_blank\" rel=\"noopener\">Marseille<\/a> a donn\u00e9 raison \u00e0 une paroissienne exc\u00e9d\u00e9e par la lenteur des travaux d\u2019accessibilit\u00e9 de la cath\u00e9drale Notre-Dame de la Major, \u00e0 Marseille (<a href=\"https:\/\/actu.fr\/marseille\/\" target=\"_blank\" rel=\"noopener\">Bouches-du-Rh\u00f4ne<\/a>), en faisant \u00ab\u2009injonction\u2009\u00bb au pr\u00e9fet de r\u00e9gion Provence-Alpes-C\u00f4te d\u2019Azur (Paca) d\u2019avoir termin\u00e9 le chantier d\u2019ici \u00e0 la fin du mois de mai\u00a02026. La requ\u00e9rante avait saisi la justice administrative le 22\u00a0juin 2025 pour que le minist\u00e8re de la Culture et la Direction r\u00e9gionale des affaires culturelles (Drac) r\u00e9alise \u00ab\u2009sous trois mois\u2009\u00bb un \u00ab\u2009dispositif provisoire d\u2019acc\u00e8s\u2009\u00bb \u00e0 la cath\u00e9drale <strong>pour les Personnes \u00e0 mobilit\u00e9 r\u00e9duite (PMR),<\/strong> comme \u00ab\u2009un \u00e9l\u00e9vateur\u2009\u00bb ou un \u00ab\u2009dispositif de monte-escalier\u2009\u00bb. Un \u00ab\u2009cheminement PMR am\u00e9nag\u00e9 depuis le parvis\u2009\u00bb devait aussi \u00eatre cr\u00e9\u00e9, selon elle.<\/p>\n<p>\u00ab\u2009Pour l\u2019ensemble des personnes \u00e0 mobilit\u00e9 r\u00e9duite\u2009\u00bb<\/p>\n<p class=\" wall-content\">\u00ab\u2009La mesure ne pr\u00e9sente pas de difficult\u00e9 s\u00e9rieuse et ne fait pas obstacle \u00e0 une d\u00e9cision administrative\u2009\u00bb, consid\u00e9rait son avocat, Me Beno\u00eet Candon. \u00ab\u2009L\u2019urgence r\u00e9sulte de l\u2019importance, pour la requ\u00e9rante et pour l\u2019ensemble des personnes \u00e0 mobilit\u00e9 r\u00e9duite, de pouvoir acc\u00e9der \u00e0 ce site qui est \u00e0 la fois un monument historique, le plus grand \u00e9difice catholique de la r\u00e9gion et <strong>le lieu de vie de la paroisse dont elle d\u00e9pend.<\/strong>\u2009\u00bb<\/p>\n<p class=\" wall-content\">Pour sa d\u00e9fense, le pr\u00e9fet Georges-Fran\u00e7ois Leclerc\u00a0avait conclu au rejet de la requ\u00eate\u2009: y faire droit revenait \u00e0 faire <strong>\u00ab\u2009obstacle\u2009\u00bb aux travaux \u00ab\u2009en cours d\u2019ex\u00e9cution\u2009\u00bb.<\/strong> Mais \u00ab\u2009le juge doit ordonner le respect par l\u2019administration d\u2019un calendrier strict pour l\u2019ex\u00e9cution des travaux projet\u00e9s\u2009\u00bb, r\u00e9pliquait l\u2019avocat de la paroissienne marseillaise.<\/p>\n<p>Un projet de \u00ab\u2009rampe\u2009\u00bb qui tra\u00eene depuis dix ans<\/p>\n<p class=\" wall-content\">\u00ab\u2009La cath\u00e9drale de la Major, qui constitue <strong>un \u00e9tablissement recevant du public (ERP),<\/strong> devait [\u2026] soumettre un projet d\u2019agenda relevant du pr\u00e9fet de la r\u00e9gion Provence-Alpes-C\u00f4te d\u2019Azur\u2009\u00bb, commence par recontextualiser le juge des r\u00e9f\u00e9r\u00e9s du tribunal administratif de Marseille dans une ordonnance en date du 30\u00a0septembre 2025 qui vient d\u2019\u00eatre rendue publique.<\/p>\n<p class=\" wall-content\">\u00ab\u2009<strong>N\u2019ayant pas justifi\u00e9 de la conformit\u00e9 de l\u2019\u00e9tablissement<\/strong> aux exigences d\u2019accessibilit\u00e9 [\u2026], le pr\u00e9fet [\u2026] a d\u00e9pos\u00e9 le 4\u00a0mai 2016 un projet d\u2019agenda d\u2019accessibilit\u00e9 comprenant [\u2026] la mise en place d\u2019un acc\u00e8s pour les personnes \u00e0 mobilit\u00e9 r\u00e9duite, consistant en la r\u00e9alisation d\u2019une rampe.\u2009\u00bb<\/p>\n<p class=\" wall-content\">\u00ab\u2009\u00c0 la date de la pr\u00e9sence ordonnance, aucuns travaux relatifs \u00e0 la r\u00e9alisation d\u2019un acc\u00e8s pour les PMR n\u2019ont \u00e9t\u00e9 r\u00e9alis\u00e9s\u2009\u00bb constate le magistrat marseillais. \u00ab\u2009Compte tenu de la dur\u00e9e de plusieurs ann\u00e9es qui s\u2019est \u00e9coul\u00e9e depuis l\u2019expiration de la date pr\u00e9vue par le projet d\u2019agenda d\u2019accessibilit\u00e9, <strong>la condition d\u2019urgence est remplie.<\/strong>\u2009\u00bb<\/p>\n<p>Un lancement d\u2019ici au 30\u00a0novembre 2025<\/p>\n<p class=\" wall-content\">Le pr\u00e9c\u00e9dent pr\u00e9fet Christophe Mirmand a pourtant bien \u00ab\u2009d\u00e9fini le co\u00fbt et les contours de la mission d\u2019une proposition de ma\u00eetrise d\u2019\u0153uvre\u2009\u00bb le 12\u00a0d\u00e9cembre 2024 et <strong>l\u2019actuel pr\u00e9fet a \u00ab\u2009autoris\u00e9 la r\u00e9alisation de travaux\u2009\u00bb le 21\u00a0ao\u00fbt 2025.<\/strong><\/p>\n<p>Votre r\u00e9gion, votre actu !<\/p>\n<p>Recevez chaque jour les infos qui comptent pour vous.<\/p>\n<p>\t<a href=\"https:\/\/actu.fr\/newsletter\" class=\"ac-btn ac-btn--corner ac-btn--medium ac-btn--blue800\" target=\"_blank\" rel=\"noopener\">S&rsquo;incrire<\/a><\/p>\n<p class=\" wall-content\">Mais \u00ab\u2009en l\u2019absence de tout \u00e9l\u00e9ment relatif \u00e0 une quelconque d\u00e9cision de mettre en \u0153uvre de fa\u00e7on concr\u00e8te [\u2026] des travaux [\u2026] ou \u00e0 une quelconque d\u00e9cision de rechercher [\u2026] des entreprises [\u2026], la demande [\u2026] a un caract\u00e8re d\u2019utilit\u00e9\u2009\u00bb, consid\u00e8re le juge des r\u00e9f\u00e9r\u00e9s.<\/p>\n<p class=\" wall-content\">Le repr\u00e9sentant de l\u2019\u00c9tat devra donc avoir lanc\u00e9 la \u00ab\u2009consultation\u2009\u00bb des entreprises candidates \u00e0 ce march\u00e9 d\u2019ici au 30\u00a0novembre 2025 et devra \u00ab\u2009assurer leur r\u00e9alisation dans le d\u00e9lai de huit mois\u2009\u00bb \u00e0 compter de l\u2019ordonnance du juge, soit d\u2019ici au 31\u00a0mai 2026. Le pr\u00e9fet de r\u00e9gion Provence-Alpes-C\u00f4te d\u2019Azur a au passage \u00e9t\u00e9 <strong>condamn\u00e9 \u00e0 verser 1000 euros \u00e0 la requ\u00e9rante pour ses frais d\u2019avocat.<\/strong><\/p>\n<p class=\" wall-content\"><strong>GF \/ PressPepper<\/strong><\/p>\n<p class=\" wall-content\">Personnalisez votre actualit\u00e9 en ajoutant vos villes et m\u00e9dias en favori avec <a href=\"https:\/\/moncompte.actu.fr\" title=\"D\u00e9couvez Mon Actu\" rel=\"nofollow noopener\" data-trk=\"{&quot;cta&quot;:{&quot;action&quot;:&quot;https:\\\/\\\/moncompte.actu.fr&quot;,&quot;category&quot;:&quot;mon compte&quot;,&quot;from&quot;:&quot;article footer&quot;,&quot;name&quot;:&quot;Mon actu&quot;,&quot;type&quot;:&quot;cta&quot;}}\" target=\"_blank\">Mon Actu<\/a>.<\/p>\n","protected":false},"excerpt":{"rendered":"Par R\u00e9daction Marseille Publi\u00e9 le 2 nov. 2025 \u00e0 6h20 Le juge des r\u00e9f\u00e9r\u00e9s du tribunal de Marseille&hellip;\n","protected":false},"author":2,"featured_media":506180,"comment_status":"","ping_status":"","sticky":false,"template":"","format":"standard","meta":{"footnotes":""},"categories":[2814],"tags":[1111,11,6791,1777,674,118,1011,27,1943,303,884,12,882,25],"class_list":{"0":"post-506179","1":"post","2":"type-post","3":"status-publish","4":"format-standard","5":"has-post-thumbnail","7":"category-marseille","8":"tag-actu","9":"tag-actualites","10":"tag-cathedrale-la-major","11":"tag-eu","12":"tag-europe","13":"tag-faits-divers","14":"tag-fr","15":"tag-france","16":"tag-handicap","17":"tag-justice","18":"tag-marseille","19":"tag-news","20":"tag-provence-alpes-cote-dazur","21":"tag-republique-francaise"},"share_on_mastodon":{"url":"https:\/\/pubeurope.com\/@fr\/115478727514627315","error":""},"_links":{"self":[{"href":"https:\/\/www.europesays.com\/fr\/wp-json\/wp\/v2\/posts\/506179","targetHints":{"allow":["GET"]}}],"collection":[{"href":"https:\/\/www.europesays.com\/fr\/wp-json\/wp\/v2\/posts"}],"about":[{"href":"https:\/\/www.europesays.com\/fr\/wp-json\/wp\/v2\/types\/post"}],"author":[{"embeddable":true,"href":"https:\/\/www.europesays.com\/fr\/wp-json\/wp\/v2\/users\/2"}],"replies":[{"embeddable":true,"href":"https:\/\/www.europesays.com\/fr\/wp-json\/wp\/v2\/comments?post=506179"}],"version-history":[{"count":0,"href":"https:\/\/www.europesays.com\/fr\/wp-json\/wp\/v2\/posts\/506179\/revisions"}],"wp:featuredmedia":[{"embeddable":true,"href":"https:\/\/www.europesays.com\/fr\/wp-json\/wp\/v2\/media\/506180"}],"wp:attachment":[{"href":"https:\/\/www.europesays.com\/fr\/wp-json\/wp\/v2\/media?parent=506179"}],"wp:term":[{"taxonomy":"category","embeddable":true,"href":"https:\/\/www.europesays.com\/fr\/wp-json\/wp\/v2\/categories?post=506179"},{"taxonomy":"post_tag","embeddable":true,"href":"https:\/\/www.europesays.com\/fr\/wp-json\/wp\/v2\/tags?post=506179"}],"curies":[{"name":"wp","href":"https:\/\/api.w.org\/{rel}","templated":true}]}}